{"id":52626,"date":"2025-11-18T12:18:08","date_gmt":"2025-11-18T12:18:08","guid":{"rendered":"https:\/\/www.europesays.com\/lv\/52626\/"},"modified":"2025-11-18T12:18:08","modified_gmt":"2025-11-18T12:18:08","slug":"usiks-atkal-bez-cinas-zaude-savu-absoluta-cempiona-statusu","status":"publish","type":"post","link":"https:\/\/www.europesays.com\/lv\/52626\/","title":{"rendered":"Usiks atkal bez c\u012b\u0146as zaud\u0113 savu absol\u016bt\u0101 \u010dempiona statusu"},"content":{"rendered":"<p>Par pasaules \u010dempionu WBO versij\u0101 tiks pasludin\u0101ts britu bokseris Fabio Vordlijs, kur\u0161 oktobr\u012b k\u013cuva par pagaidu pasaules \u010dempionu, 11. raund\u0101 p\u0101rsp\u0113jot jaunz\u0113landieti D\u017eozefu P\u0101rkeru.<\/p>\n<p>Vordlijam c\u012b\u0146\u0101 par pasaules \u010dempiona titulu bija j\u0101tiekas ar Usiku, ta\u010du ukrainis nol\u0113ma no \u010dempiona jostas atteikties.<\/p>\n<p>&#8220;\u0160\u012b nav atvad\u012b\u0161an\u0101s, bet gan, k\u0101 pauda vi\u0146a p\u0101rst\u0101vis, cie\u0146as pilna pauze,&#8221; WBO public\u0113ja ierakstu t\u012bmek\u013ca vietn\u0113 &#8220;X.com&#8221;.<\/p>\n<p>38 gadus vecais Usiks j\u016blij\u0101, p\u0101rsp\u0113jot britu Danielu Dubu\u0101, otro reizi karjer\u0101 k\u013cuva par absol\u016bto pasaules \u010dempionu smagaj\u0101 svar\u0101.<\/p>\n<p>Usiks joproj\u0101m ir pasaules super\u010dempions Pasaules Boksa asoci\u0101cijas (WBA) versij\u0101, k\u0101 ar\u012b vi\u0146am pieder pasaules \u010dempiona jostas Pasaules Boksa padomes (WBC) un Starptautisk\u0101s Boksa feder\u0101cijas (IBF) versij\u0101s<\/p>\n<p>Vordlijs p\u0113c Taisona Fj\u016brija, Entonija D\u017eo\u0161u\u0101, Henrija Akinvandes, Herbija Haida un Maikla Benta k\u013c\u016bs par sesto britu bokseri, kur\u0161 k\u013c\u016bs par pasaules smagsvaru \u010dempionu WBO versij\u0101.<\/p>\n","protected":false},"excerpt":{"rendered":"Par pasaules \u010dempionu WBO versij\u0101 tiks pasludin\u0101ts britu bokseris Fabio Vordlijs, kur\u0161 oktobr\u012b k\u013cuva par pagaidu pasaules \u010dempionu,&hellip;\n","protected":false},"author":2,"featured_media":52627,"comment_status":"","ping_status":"","sticky":false,"template":"","format":"standard","meta":{"footnotes":""},"categories":[17],"tags":[2153,35,39,38,36,37,34,40,2233,67],"class_list":{"0":"post-52626","1":"post","2":"type-post","3":"status-publish","4":"format-standard","5":"has-post-thumbnail","7":"category-sports","8":"tag-bokss","9":"tag-latvia","10":"tag-latvian","11":"tag-latviesu","12":"tag-latviesu-valoda","13":"tag-latviesuvaloda","14":"tag-latvija","15":"tag-lv","16":"tag-oleksandrs-usiks","17":"tag-sports"},"share_on_mastodon":{"url":"https:\/\/pubeurope.com\/@lv\/115570665350324106","error":""},"_links":{"self":[{"href":"https:\/\/www.europesays.com\/lv\/wp-json\/wp\/v2\/posts\/52626","targetHints":{"allow":["GET"]}}],"collection":[{"href":"https:\/\/www.europesays.com\/lv\/wp-json\/wp\/v2\/posts"}],"about":[{"href":"https:\/\/www.europesays.com\/lv\/wp-json\/wp\/v2\/types\/post"}],"author":[{"embeddable":true,"href":"https:\/\/www.europesays.com\/lv\/wp-json\/wp\/v2\/users\/2"}],"replies":[{"embeddable":true,"href":"https:\/\/www.europesays.com\/lv\/wp-json\/wp\/v2\/comments?post=52626"}],"version-history":[{"count":0,"href":"https:\/\/www.europesays.com\/lv\/wp-json\/wp\/v2\/posts\/52626\/revisions"}],"wp:featuredmedia":[{"embeddable":true,"href":"https:\/\/www.europesays.com\/lv\/wp-json\/wp\/v2\/media\/52627"}],"wp:attachment":[{"href":"https:\/\/www.europesays.com\/lv\/wp-json\/wp\/v2\/media?parent=52626"}],"wp:term":[{"taxonomy":"category","embeddable":true,"href":"https:\/\/www.europesays.com\/lv\/wp-json\/wp\/v2\/categories?post=52626"},{"taxonomy":"post_tag","embeddable":true,"href":"https:\/\/www.europesays.com\/lv\/wp-json\/wp\/v2\/tags?post=52626"}],"curies":[{"name":"wp","href":"https:\/\/api.w.org\/{rel}","templated":true}]}}