{"id":52649,"date":"2025-11-18T12:32:14","date_gmt":"2025-11-18T12:32:14","guid":{"rendered":"https:\/\/www.europesays.com\/lv\/52649\/"},"modified":"2025-11-18T12:32:14","modified_gmt":"2025-11-18T12:32:14","slug":"tramps-negaiditi-aicina-republikanus-balsot-par-epstaina-lietas-dokumentu-atklasanu-lente-lv","status":"publish","type":"post","link":"https:\/\/www.europesays.com\/lv\/52649\/","title":{"rendered":"Tramps negaid\u012bti aicina republik\u0101\u0146us balsot par Epstaina lietas dokumentu atkl\u0101\u0161anu\u00a0\u2014\u00a0Lente.lv"},"content":{"rendered":"<p>Ne gaid\u012bta pagriezienu: Tramps aicina republik\u0101\u0146us balsot par Epstaina lietas dokumentu publisko\u0161anu<\/p>\n<p>ASV prezidents Donalds Tramps ir veicis negaid\u012btu pagriezienu sav\u0101 nost\u0101j\u0101 attiec\u012bb\u0101 uz D\u017eefrija Epstaina lietas dokumentu publisko\u0161anu. Neskatoties uz iepriek\u0161\u0113jo pretest\u012bbu \u0161\u0101dai idejai, Tramps nu ir aicin\u0101jis savus partijas biedrus P\u0101rst\u0101vju pal\u0101t\u0101 balsot par \u0161o sensit\u012bvo dokumentu atkl\u0101\u0161anu.<\/p>\n<p>\u0160\u012b p\u0113k\u0161\u0146\u0101 nost\u0101jas mai\u0146a n\u0101kusi br\u012bd\u012b, kad pieaugo\u0161s skaits republik\u0101\u0146u kongresme\u0146u ir paudu\u0161i atbalstu dokumentu publisko\u0161anai, radot spiedienu uz prezidentu. &#8220;Mums nav ko sl\u0113pt, un ir pien\u0101cis laiks beigt \u0161o Demokr\u0101tu safabric\u0113to st\u0101stu, ko izplata radik\u0101li kreisie, lai nov\u0113rstu uzman\u012bbu no Republik\u0101\u0146u partijas lielajiem pan\u0101kumiem,&#8221; Tramps rakst\u012bja sav\u0101 soci\u0101lo mediju platform\u0101 Truth Social sv\u0113tdienas vakar\u0101. Vi\u0146\u0161 piebilda: &#8220;MAN NAV VIENALDZ\u012aBAS! Viss, kas mani interes\u0113, ir tas, lai republik\u0101\u0146i atgrieztos pie b\u016btisk\u0101.&#8221;<\/p>\n<p>Demokr\u0101tu sazv\u0113rest\u012bba vai republik\u0101\u0146u interese?<\/p>\n<p>Tramps, kur\u0161 iepriek\u0161 jau ir centies novelt vainu uz Demokr\u0101tu partiju, apgalvojot, ka &#8220;Epsteins bija demokr\u0101ts&#8221;, tagad \u0161\u0137iet, ka main\u012bjis taktiku, iesp\u0113jams, lai nov\u0113rstu uzman\u012bbu no spiediena savu partijas rind\u0101s. Vi\u0146a pazi\u0146ojums sekoja p\u0113c tam, kad republik\u0101\u0146u kongresmene Mad\u017eorija Teilor Gr\u012bna, kura iepriek\u0161 bija nelok\u0101ma Trampa atbalst\u012bt\u0101ja, vair\u0101kk\u0101rt aicin\u0101ja publiskot Epstaina lietas dokumentus. Tramps uz to rea\u0123\u0113ja sa\u0161utis, soci\u0101lajos medijos v\u0113r\u0161oties pret &#8220;Mad\u017eoriju Teilori Br\u016bnu&#8221;, sakot, ka &#8220;za\u013c\u0101 z\u0101le k\u013c\u016bst br\u016bna, kad s\u0101k p\u016bt&#8221;. Vi\u0146\u0161 pat piektdien izteic\u0101s, ka atbalst\u012btu prim\u0101ro izaicin\u0101jumu pret D\u017eord\u017eijas kongresmeni.<\/p>\n<p>Trampa nost\u0101jas mai\u0146a ir reta par\u0101d\u012bba, kas nor\u0101da uz l\u012bdera atk\u0101p\u0161anos pretim savas partijas opoz\u012bcijai. Likumdev\u0113ji, kas atbalsta likumprojektu, prognoz\u0113 noz\u012bm\u012bgu uzvaru P\u0101rst\u0101vju pal\u0101t\u0101 \u0161oned\u0113\u013c, sagaidot &#8220;republik\u0101\u0146u lav\u012bnu&#8221;, kas balsos par to.<\/p>\n<p>Kas tiks publiskots un k\u0101das ir sekas?<\/p>\n<p>Ja likumprojekts tiks pie\u0146emts, Tieslietu departaments tiksies pras\u012bts publiskot visus dokumentus un komunik\u0101cijas, kas saist\u012btas ar Ep\u0161teinu, k\u0101 ar\u012b inform\u0101ciju par izmekl\u0113\u0161anu saist\u012bb\u0101 ar vi\u0146a n\u0101vi feder\u0101laj\u0101 cietum\u0101. Ep\u0161teins izdar\u012bja pa\u0161n\u0101v\u012bbu cietum\u0101 2019. gad\u0101, gaidot tiesas procesu. Inform\u0101cija par Ep\u0161teina upuriem vai notieko\u0161aj\u0101m feder\u0101laj\u0101m izmekl\u0113\u0161an\u0101m var\u0113tu tikt redi\u0123\u0113ta pirms publisko\u0161anas.<\/p>\n<p>Pag\u0101ju\u0161aj\u0101 ned\u0113\u013c\u0101 tika publiskotas e-pasta v\u0113stules, kur\u0101s miru\u0161ais finansists D\u017eefrijs Ep\u0161teins apgalvoja, ka Tramps bijis inform\u0113ts par Ep\u0161teina nepilngad\u012bgu upuru izmanto\u0161anu. Balt\u0101 nama kriti\u0137i \u0161o e-pastu publisko\u0161anu nod\u0113v\u0113ja par demokr\u0101tu m\u0113\u0123in\u0101jumu virz\u012bt &#8220;viltotu narat\u012bvu&#8221;, lai nov\u0113rstu uzman\u012bbu no Trampa sasniegumiem prezidenta amat\u0101. Iepriek\u0161 publiskotie dokumenti liecina, ka Tramps un Ep\u0161teins, \u0161\u0137iet, bija draugi, ta\u010du Tramps apgalvoja, ka vi\u0146u attiec\u012bbas iziru\u0161as 2000. gadu s\u0101kum\u0101. Lai gan dokumentu publisko\u0161ana var\u0113tu atkl\u0101t ar Ep\u0161teinu saist\u012btas personas, to v\u0101rdu iek\u013cau\u0161ana ne vienm\u0113r noz\u012bm\u0113 nelikum\u012bgu darb\u012bbu. Balt\u0101 nama p\u0101rst\u0101vji ir atk\u0101rtoti aizst\u0101v\u0113ju\u0161i Trampa nevain\u012bbu.<\/p>\n<p>Potenci\u0101ls atkl\u0101jums un politisk\u0101s sekas<\/p>\n<p>\u0160\u012b situ\u0113ti var\u0113tu izrais\u012bt pla\u0161u a\u017eiot\u0101\u017eu un atkl\u0101t jaunas deta\u013cas par Ep\u0161teina b\u0113d\u012bgi slaveno t\u012bklu, kas skar ne tikai slaven\u012bbas, bet ar\u012b politi\u0137us un citus ietekm\u012bgus cilv\u0113kus. Trampa nost\u0101jas mai\u0146a, visticam\u0101k, tiks interpret\u0113ta da\u017e\u0101di \u2013 gan k\u0101 m\u0113\u0123in\u0101jums mazin\u0101t spiedienu, gan k\u0101 patiesa v\u0113lme virz\u012bties uz priek\u0161u, neatst\u0101jot aiz\u0113notas nevienas deta\u013cas. K\u0101 m\u0113s zin\u0101m no v\u0113stures, l\u012bdz\u012bgi skand\u0101li var rad\u012bt dzi\u013cas politisk\u0101s sekas, un \u0161oreiz, iesp\u0113jams, nav iz\u0146\u0113mums. Tas ir k\u0101 atv\u0113rt senu, sapel\u0113ju\u0161u l\u0101di, kura saturs var gan p\u0101rsteigt, gan satricin\u0101t sabiedr\u012bbu.<\/p>\n","protected":false},"excerpt":{"rendered":"Ne gaid\u012bta pagriezienu: Tramps aicina republik\u0101\u0146us balsot par Epstaina lietas dokumentu publisko\u0161anu ASV prezidents Donalds Tramps ir veicis&hellip;\n","protected":false},"author":2,"featured_media":52650,"comment_status":"","ping_status":"","sticky":false,"template":"","format":"standard","meta":{"footnotes":""},"categories":[14],"tags":[23,57,28,29,542,14435,14436,32,33,22,30,31,35,39,38,36,37,34,40,20,13505,26,27,14437,24,25,54,55,56,21,58],"class_list":{"0":"post-52649","1":"post","2":"type-post","3":"status-publish","4":"format-standard","5":"has-post-thumbnail","7":"category-zinas-no-arvalstim","8":"tag-aktualitates","9":"tag-arvalstim","10":"tag-breaking-news","11":"tag-breakingnews","12":"tag-donalds-tramps","13":"tag-dzefrijs-epsteins","14":"tag-epstaina-lietas-dokumenti","15":"tag-featured-news","16":"tag-featurednews","17":"tag-headlines","18":"tag-latest-news","19":"tag-latestnews","20":"tag-latvia","21":"tag-latvian","22":"tag-latviesu","23":"tag-latviesu-valoda","24":"tag-latviesuvaloda","25":"tag-latvija","26":"tag-lv","27":"tag-news","28":"tag-parstavju-palata","29":"tag-popularakas-zinas","30":"tag-popularakaszinas","31":"tag-republikanu-partija","32":"tag-top-stories","33":"tag-topstories","34":"tag-world","35":"tag-world-news","36":"tag-worldnews","37":"tag-zinas","38":"tag-zinas-no-arvalstim"},"share_on_mastodon":{"url":"","error":"Validation failed: Text character limit of 500 exceeded"},"_links":{"self":[{"href":"https:\/\/www.europesays.com\/lv\/wp-json\/wp\/v2\/posts\/52649","targetHints":{"allow":["GET"]}}],"collection":[{"href":"https:\/\/www.europesays.com\/lv\/wp-json\/wp\/v2\/posts"}],"about":[{"href":"https:\/\/www.europesays.com\/lv\/wp-json\/wp\/v2\/types\/post"}],"author":[{"embeddable":true,"href":"https:\/\/www.europesays.com\/lv\/wp-json\/wp\/v2\/users\/2"}],"replies":[{"embeddable":true,"href":"https:\/\/www.europesays.com\/lv\/wp-json\/wp\/v2\/comments?post=52649"}],"version-history":[{"count":0,"href":"https:\/\/www.europesays.com\/lv\/wp-json\/wp\/v2\/posts\/52649\/revisions"}],"wp:featuredmedia":[{"embeddable":true,"href":"https:\/\/www.europesays.com\/lv\/wp-json\/wp\/v2\/media\/52650"}],"wp:attachment":[{"href":"https:\/\/www.europesays.com\/lv\/wp-json\/wp\/v2\/media?parent=52649"}],"wp:term":[{"taxonomy":"category","embeddable":true,"href":"https:\/\/www.europesays.com\/lv\/wp-json\/wp\/v2\/categories?post=52649"},{"taxonomy":"post_tag","embeddable":true,"href":"https:\/\/www.europesays.com\/lv\/wp-json\/wp\/v2\/tags?post=52649"}],"curies":[{"name":"wp","href":"https:\/\/api.w.org\/{rel}","templated":true}]}}