{"id":5267,"date":"2025-09-26T05:34:07","date_gmt":"2025-09-26T05:34:07","guid":{"rendered":"https:\/\/www.europesays.com\/lv\/5267\/"},"modified":"2025-09-26T05:34:07","modified_gmt":"2025-09-26T05:34:07","slug":"danija-dronu-del-atkal-slegta-olborgas-lidosta-2","status":"publish","type":"post","link":"https:\/\/www.europesays.com\/lv\/5267\/","title":{"rendered":"D\u0101nij\u0101 dronu d\u0113\u013c atkal sl\u0113gta Olborgas lidosta"},"content":{"rendered":"<p>Gaisa telpa virs Olborgas lidostas tika sl\u0113gta ceturtdien plkst.23.40 (piektdien plkst.0.40 p\u0113c Latvijas laika), jo apk\u0101rtn\u0113 tika man\u012bti lidroboti, atsaucoties uz lidostas amatperson\u0101m, v\u0113sta sabiedrisk\u0101 raidorganiz\u0101cija DR.<\/p>\n<p>V\u0113l\u0101k re\u0123ion\u0101l\u0101 policija soci\u0101l\u0101s sazi\u0146as vietn\u0113 &#8220;X&#8221; pazi\u0146oja, ka gaisa telpa atkal atv\u0113rta piektdien plkst.0.35.<\/p>\n<p>K\u0101 zi\u0146ots tre\u0161dienas vakar\u0101 un ceturtdienas r\u012bt\u0101 lidroboti tika man\u012bti virs Olborgas, Esbjergas un Sendenborgas lidost\u0101m, k\u0101 ar\u012b virs Skridstrupas karab\u0101zes.<\/p>\n<p>Tas lika sl\u0113gt Olborgas lidostu jau tre\u0161dienas vakar\u0101.<\/p>\n<p>Savuk\u0101rt pirmdienas vakar\u0101 lidrobotu d\u0113\u013c uz \u010detr\u0101m stund\u0101m tika sl\u0113gta Kopenh\u0101genas lidosta.<\/p>\n<blockquote class=\"quote ck-widget\" contenteditable=\"false\">\n<p>D\u0101nijas premjerministre Mete Frederiksena ceturtdien pazi\u0146oja, ka valsts pak\u013cauta hibr\u012bduzbrukumam.<\/p>\n<\/blockquote>\n<p>Lai gan policijai l\u012bdz \u0161im nav izdevies noskaidrot vain\u012bgos, Frederiksena nor\u0101d\u012bja, ka galveno apdraud\u0113jumu Eiropai \u0161obr\u012bd rada <a href=\"https:\/\/www.tvnet.lv\/term\/555452\/krievija\" class=\"topicLink\" target=\"_blank\" rel=\"nofollow noopener\">Krievija<\/a>.<\/p>\n","protected":false},"excerpt":{"rendered":"Gaisa telpa virs Olborgas lidostas tika sl\u0113gta ceturtdien plkst.23.40 (piektdien plkst.0.40 p\u0113c Latvijas laika), jo apk\u0101rtn\u0113 tika man\u012bti&hellip;\n","protected":false},"author":2,"featured_media":5268,"comment_status":"","ping_status":"","sticky":false,"template":"","format":"standard","meta":{"footnotes":""},"categories":[14],"tags":[23,57,28,29,1418,75,32,33,22,1571,234,30,31,35,39,38,36,37,34,40,20,26,27,24,25,54,55,56,21,58],"class_list":{"0":"post-5267","1":"post","2":"type-post","3":"status-publish","4":"format-standard","5":"has-post-thumbnail","7":"category-zinas-no-arvalstim","8":"tag-aktualitates","9":"tag-arvalstim","10":"tag-breaking-news","11":"tag-breakingnews","12":"tag-danija","13":"tag-droni","14":"tag-featured-news","15":"tag-featurednews","16":"tag-headlines","17":"tag-hibridkars","18":"tag-krievija","19":"tag-latest-news","20":"tag-latestnews","21":"tag-latvia","22":"tag-latvian","23":"tag-latviesu","24":"tag-latviesu-valoda","25":"tag-latviesuvaloda","26":"tag-latvija","27":"tag-lv","28":"tag-news","29":"tag-popularakas-zinas","30":"tag-popularakaszinas","31":"tag-top-stories","32":"tag-topstories","33":"tag-world","34":"tag-world-news","35":"tag-worldnews","36":"tag-zinas","37":"tag-zinas-no-arvalstim"},"share_on_mastodon":{"url":"","error":""},"_links":{"self":[{"href":"https:\/\/www.europesays.com\/lv\/wp-json\/wp\/v2\/posts\/5267","targetHints":{"allow":["GET"]}}],"collection":[{"href":"https:\/\/www.europesays.com\/lv\/wp-json\/wp\/v2\/posts"}],"about":[{"href":"https:\/\/www.europesays.com\/lv\/wp-json\/wp\/v2\/types\/post"}],"author":[{"embeddable":true,"href":"https:\/\/www.europesays.com\/lv\/wp-json\/wp\/v2\/users\/2"}],"replies":[{"embeddable":true,"href":"https:\/\/www.europesays.com\/lv\/wp-json\/wp\/v2\/comments?post=5267"}],"version-history":[{"count":0,"href":"https:\/\/www.europesays.com\/lv\/wp-json\/wp\/v2\/posts\/5267\/revisions"}],"wp:featuredmedia":[{"embeddable":true,"href":"https:\/\/www.europesays.com\/lv\/wp-json\/wp\/v2\/media\/5268"}],"wp:attachment":[{"href":"https:\/\/www.europesays.com\/lv\/wp-json\/wp\/v2\/media?parent=5267"}],"wp:term":[{"taxonomy":"category","embeddable":true,"href":"https:\/\/www.europesays.com\/lv\/wp-json\/wp\/v2\/categories?post=5267"},{"taxonomy":"post_tag","embeddable":true,"href":"https:\/\/www.europesays.com\/lv\/wp-json\/wp\/v2\/tags?post=5267"}],"curies":[{"name":"wp","href":"https:\/\/api.w.org\/{rel}","templated":true}]}}