{"id":52708,"date":"2025-11-18T14:01:08","date_gmt":"2025-11-18T14:01:08","guid":{"rendered":"https:\/\/www.europesays.com\/lv\/52708\/"},"modified":"2025-11-18T14:01:08","modified_gmt":"2025-11-18T14:01:08","slug":"elektroauto-kas-mainis-speles-noteikumus-800-km-kartotnes-attalums-un-10-minusu-uzlade-lente-lv","status":"publish","type":"post","link":"https:\/\/www.europesays.com\/lv\/52708\/","title":{"rendered":"Elektroauto, Kas Main\u012bs Sp\u0113les Noteikumus \u2013 800 Km K\u0101rtotnes Att\u0101lums Un 10 Min\u016b\u0161u Uzl\u0101de\u00a0\u2014\u00a0Lente.lv"},"content":{"rendered":"<p>Jauna Er\u0101 BMW: iX3 Elektro-Krosovers Ar Satrieco\u0161u K\u0101rtotnes Att\u0101lumu Un \u0100tr\u0101s Uzl\u0101des Sp\u0113j\u0101m<\/p>\n<p>BMW ir izrais\u012bjis saj\u016bsmu auto industrij\u0101, demonstr\u0113jot savu jaun\u0101ko elektroauto \u2013 iX3. \u0160is modelis, kas tiek d\u0113v\u0113ts par \u00ablielu l\u0113cienu\u00bb uz priek\u0161u sal\u012bdzin\u0101jum\u0101 ar iepriek\u0161\u0113j\u0101m paaudz\u0113m, sola ne tikai iespaid\u012bgu k\u0101rtotnes att\u0101lumu un ziben\u012bgu uzl\u0101di, bet ar\u012b integr\u0113 virkni novatorisku tehnolo\u0123iju, kas, p\u0113c uz\u0146\u0113muma teikt\u0101, pozicion\u0113 to k\u0101 \u00abjaunu etalonu nozarei\u00bb. \u0160is stil\u012bgais elektriskais krosovers debit\u0113ja Minhenes auto izst\u0101d\u0113, atkl\u0101jot \u00abNeue Klasse\u00bb s\u0113rijas s\u0101kumu. BMW izpilddirektors Olivers Cipse \u0161o br\u012bdi raksturoja k\u0101 \u00abreiz m\u016b\u017e\u0101 gad\u0101s\u00bb un jaunas \u0113ras aizs\u0101kumu z\u012bmolam.<\/p>\n<p>iX3 nav vienk\u0101r\u0161i n\u0101kamais elektriskais automobilis; tas ir pirmais piln\u012bb\u0101 no nulles rad\u012btais BMW automobilis, kas paredz\u0113ts n\u0101kamajai paaudzei. Cipse uzsv\u0113ra, ka uz\u0146\u0113mums ir \u00abizlaidis veselu paaudzi\u00bb dizaina zi\u0146\u0101, vienlaikus padarot \u0161o modeli \u00abv\u0113l vair\u0101k BMW nek\u0101 jebkad agr\u0101k\u00bb. \u0160is ir drosm\u012bgs apgalvojums, kas liecina par radik\u0101l\u0101m p\u0101rmai\u0146\u0101m gan est\u0113tik\u0101, gan in\u017eenierij\u0101.<\/p>\n<p>Inovat\u012bvs Dizains Un Iespaid\u012bgi Tehniskie Parametri<\/p>\n<p>BMW iX3 izce\u013cas ar saviem izm\u0113riem \u2013 4782 mm garum\u0101, 1895 mm platum\u0101 un 1635 mm augstum\u0101 \u2013, kas to novieto l\u012bdz\u0101s t\u0101diem konkurentiem k\u0101 Porsche Macan Electric. Lai maksim\u0101li palielin\u0101tu k\u0101rtotnes att\u0101lumu, dizains ir k\u013cuvis \u012bpa\u0161i aerodinamisks un minim\u0101listisks, ar minim\u0101lu l\u012bk\u0146u skaitu. Viens no paman\u0101m\u0101kajiem jaunin\u0101jumiem ir atjaunotais priek\u0161\u0113jais dizains ar vertik\u0101li orient\u0113tu radiatora re\u017e\u0123i, kas akcent\u0113 sp\u0113krata taisn\u0101k\u0101s proporcijas.<\/p>\n<p>\u0160is iX3 ir pirmais BMW automobilis, kas b\u016bv\u0113ts uz piln\u012bgi jaun\u0101s Gen6 platformas. \u0160\u012b arhitekt\u016bra nodro\u0161ina iev\u0113rojamu progresu k\u0101rtotnes att\u0101luma, efektivit\u0101tes, uzl\u0101des \u0101truma un kop\u0113j\u0101s funkcionalit\u0101tes zi\u0146\u0101. Turkl\u0101t iX3 ieguvis novatorisku divvirzienu uzl\u0101des funkciju, kas ir jaunums BMW elektrisko automobi\u013cu kl\u0101st\u0101.<\/p>\n<p>V\u0101cu WLTP standarts apliecina iespaid\u012bgu k\u0101rtotnes att\u0101lumu l\u012bdz pat 800 km. Amerik\u0101\u0146u EPA standarts prognoz\u0113 aptuveni 400 j\u016bdzes (643 km). Pateicoties 800 voltu arhitekt\u016brai, iX3 sp\u0113j uz\u0146emt l\u012bdz pat 400 kW jaudu uzl\u0101des laik\u0101. Saska\u0146\u0101 ar BMW sniegto inform\u0101ciju, tikai 10 min\u016b\u0161u laik\u0101 akumulator\u0101 var uzl\u0101d\u0113t ener\u0123iju vair\u0101k nek\u0101 370 km braucien, kas ir patie\u0161\u0101m revolucion\u0101ri un nov\u0113r\u0161 \u00abdiapazona trauksmi\u00bb.<\/p>\n<p>Salona P\u0101rveidojumi Un \u00abSuperdators\u00bb St\u016bres Ier\u012bc\u0113<\/p>\n<p>Interjers piedz\u012bvojis tikpat radik\u0101las p\u0101rmai\u0146as k\u0101 \u0101r\u0113jais dizains. Minim\u0101lisma est\u0113tika harmoniski apvienota ar vismodern\u0101kaj\u0101m tehnolo\u0123ij\u0101m. Galvenais elements ir iespaid\u012bgs 17,9 collu liels multivides sist\u0113mas ekr\u0101ns, kas darbojas ar jauno BMW Operating System X oper\u0113t\u0101jsist\u0113mu. \u0160\u012b jaun\u0101 sist\u0113ma balst\u0101s uz \u010detriem jaud\u012bgiem datoriem, kas sp\u0113j apstr\u0101d\u0101t datus 20 reizes \u0101tr\u0101k nek\u0101 pa\u0161reiz\u0113jie risin\u0101jumi. Tas sniedz neticamu jaudas rezervi un \u013cauj veikt sare\u017e\u0123\u012btus apr\u0113\u0137inus gandr\u012bz acumirkl\u012b.<\/p>\n<p>iX3 ir pirmais modelis BMW saim\u0113, kas apr\u012bkots ar jauno Panoramic iDrive saskarni. Uz\u0146\u0113mums apgalvo, ka t\u0101 \u00abrada piln\u012bgi jaunu brauk\u0161anas pieredzi\u00bb un k\u013c\u016bs par standartu visiem n\u0101kamajiem BMW mode\u013ciem. \u0160is solis uz priek\u0161u inteli\u0123entaj\u0101 automobi\u013cu vad\u012bb\u0101 ir patiesi iespaid\u012bgs.<\/p>\n<p>Cenu Politika Un Pieejam\u012bba<\/p>\n<p>BMW iX3 ra\u017eo\u0161ana s\u0101ksies jau \u0161ogad jaunaj\u0101 BMW r\u016bpn\u012bc\u0101 Debrecen\u0113, Ung\u0101rij\u0101. Pirm\u0101s pieg\u0101des Eirop\u0101 paredz\u0113tas 2026. gada s\u0101kum\u0101, savuk\u0101rt ASV tirg\u016b modelis non\u0101ks vasar\u0101. \u0136\u012bnas tirgum tiks pied\u0101v\u0101ta \u012bpa\u0161a versija, kas tiks ra\u017eota \u0160enjanas r\u016bpn\u012bc\u0101.<\/p>\n<p>S\u0101kum\u0101 tiks prezent\u0113ta BMW iX3 50 xDrive versija. V\u0101cij\u0101 to jau var pas\u016bt\u012bt, s\u0101kot no 68 900 eiro. ASV, s\u0101kot ar 2026. gada vasaru, jaunais iX3 maks\u0101s no 60 000 ASV dol\u0101riem, pied\u0101v\u0101jot aptuveni 400 j\u016bd\u017eu (643 km) k\u0101rtotnes att\u0101lumu. 2027. gada s\u0101kum\u0101 tirg\u016b non\u0101ks ar\u012b iX3 40 sDrive un iX3 40 xDrive varianti. BMW prognoz\u0113, ka \u0161o mode\u013cu cenas s\u0101ksies zem 55 000 ASV dol\u0101riem, bet k\u0101rtotnes att\u0101lums p\u0101rsniegs 300 j\u016bdzes (vair\u0101k nek\u0101 480 km).<\/p>\n<p>Uz\u0146\u0113mums ir apstiprin\u0101jis, ka no n\u0101kam\u0101 gada visi t\u0101 mode\u013ci b\u016bs piln\u012bb\u0101 atjaunin\u0101ti. L\u012bdz 2027. gadam BMW pl\u0101no laist klaj\u0101 40 jaunus vai moderniz\u0113tus automobi\u013cus, un iX3 ir pirmais \u0161aj\u0101 v\u0113rien\u012bgaj\u0101 produktu l\u012bnijas atjaunin\u0101\u0161an\u0101. Tas liecina par BMW ap\u0146\u0113m\u012bbu b\u016bt l\u012bderim elektrisko transportl\u012bdzek\u013cu tirg\u016b, pied\u0101v\u0101jot inovat\u012bvus, jaud\u012bgus un stil\u012bgus risin\u0101jumus.<\/p>\n","protected":false},"excerpt":{"rendered":"Jauna Er\u0101 BMW: iX3 Elektro-Krosovers Ar Satrieco\u0161u K\u0101rtotnes Att\u0101lumu Un \u0100tr\u0101s Uzl\u0101des Sp\u0113j\u0101m BMW ir izrais\u012bjis saj\u016bsmu auto&hellip;\n","protected":false},"author":2,"featured_media":52709,"comment_status":"","ping_status":"","sticky":false,"template":"","format":"standard","meta":{"footnotes":""},"categories":[16],"tags":[2559,77,13384,76,2558,14452,13925,35,39,38,36,37,34,40],"class_list":{"0":"post-52708","1":"post","2":"type-post","3":"status-publish","4":"format-standard","5":"has-post-thumbnail","7":"category-bizness","8":"tag-atra-uzlade","9":"tag-bizness","10":"tag-bmw-ix3","11":"tag-business","12":"tag-elektroauto","13":"tag-kartotnes-attalums","14":"tag-krosovers","15":"tag-latvia","16":"tag-latvian","17":"tag-latviesu","18":"tag-latviesu-valoda","19":"tag-latviesuvaloda","20":"tag-latvija","21":"tag-lv"},"share_on_mastodon":{"url":"https:\/\/pubeurope.com\/@lv\/115571070297479388","error":""},"_links":{"self":[{"href":"https:\/\/www.europesays.com\/lv\/wp-json\/wp\/v2\/posts\/52708","targetHints":{"allow":["GET"]}}],"collection":[{"href":"https:\/\/www.europesays.com\/lv\/wp-json\/wp\/v2\/posts"}],"about":[{"href":"https:\/\/www.europesays.com\/lv\/wp-json\/wp\/v2\/types\/post"}],"author":[{"embeddable":true,"href":"https:\/\/www.europesays.com\/lv\/wp-json\/wp\/v2\/users\/2"}],"replies":[{"embeddable":true,"href":"https:\/\/www.europesays.com\/lv\/wp-json\/wp\/v2\/comments?post=52708"}],"version-history":[{"count":0,"href":"https:\/\/www.europesays.com\/lv\/wp-json\/wp\/v2\/posts\/52708\/revisions"}],"wp:featuredmedia":[{"embeddable":true,"href":"https:\/\/www.europesays.com\/lv\/wp-json\/wp\/v2\/media\/52709"}],"wp:attachment":[{"href":"https:\/\/www.europesays.com\/lv\/wp-json\/wp\/v2\/media?parent=52708"}],"wp:term":[{"taxonomy":"category","embeddable":true,"href":"https:\/\/www.europesays.com\/lv\/wp-json\/wp\/v2\/categories?post=52708"},{"taxonomy":"post_tag","embeddable":true,"href":"https:\/\/www.europesays.com\/lv\/wp-json\/wp\/v2\/tags?post=52708"}],"curies":[{"name":"wp","href":"https:\/\/api.w.org\/{rel}","templated":true}]}}