{"id":52710,"date":"2025-11-18T14:02:09","date_gmt":"2025-11-18T14:02:09","guid":{"rendered":"https:\/\/www.europesays.com\/lv\/52710\/"},"modified":"2025-11-18T14:02:09","modified_gmt":"2025-11-18T14:02:09","slug":"zelenskis-dosies-uz-turciju","status":"publish","type":"post","link":"https:\/\/www.europesays.com\/lv\/52710\/","title":{"rendered":"Zelenskis dosies uz Turciju"},"content":{"rendered":"<p>Zelenskis Ankar\u0101 tiksies ar Turcijas prezidentu Red\u017eepu Tajipu Erdoganu, un vi\u0146a &#8220;galvenais m\u0113r\u0137is ir pan\u0101kt, lai amerik\u0101\u0146i atkal iesaist\u0101s&#8221; miera centienos, kl\u0101st\u012bja amatpersona.<\/p>\n<p>Turciju tre\u0161dien apmekl\u0113s ar\u012b ASV prezidenta Donalda Trampa \u012bpa\u0161ais s\u016btnis St\u012bvens Vitkofs, un ar\u012b vi\u0146\u0161, dom\u0101jams, var\u0113tu tikties ar Zelenski, v\u0113sta zi\u0146u a\u0123ent\u016bra &#8220;Reuters&#8221;, atsaucoties uz avotiem.<\/p>\n<p>Zelenskis, pazi\u0146ojot par gaid\u0101mo viz\u012bti, nor\u0101d\u012bja, ka brauciena m\u0113r\u0137is ir &#8220;aktiviz\u0113t sarunas&#8221; par mieru ar Krieviju.<\/p>\n<p>&#8220;Ar visiem l\u012bdzek\u013ciem tuvin\u0101t kara beigas &#8211; t\u0101 ir Ukrainas galven\u0101 priorit\u0101te. M\u0113s str\u0101d\u0101jam ar\u012b pie g\u016bstek\u0146u apmai\u0146as un atgrie\u0161an\u0101s atjauno\u0161anas,&#8221; nor\u0101d\u012bja Zelenskis.<\/p>\n<p>Otrdien Ukrainas prezidents ir viz\u012bt\u0113 Sp\u0101nij\u0101.<\/p>\n","protected":false},"excerpt":{"rendered":"Zelenskis Ankar\u0101 tiksies ar Turcijas prezidentu Red\u017eepu Tajipu Erdoganu, un vi\u0146a &#8220;galvenais m\u0113r\u0137is ir pan\u0101kt, lai amerik\u0101\u0146i atkal&hellip;\n","protected":false},"author":2,"featured_media":39394,"comment_status":"","ping_status":"","sticky":false,"template":"","format":"standard","meta":{"footnotes":""},"categories":[14],"tags":[23,57,28,29,32,33,22,30,31,35,39,38,36,37,34,40,20,26,27,24,25,2380,276,178,54,55,56,21,58],"class_list":{"0":"post-52710","1":"post","2":"type-post","3":"status-publish","4":"format-standard","5":"has-post-thumbnail","7":"category-zinas-no-arvalstim","8":"tag-aktualitates","9":"tag-arvalstim","10":"tag-breaking-news","11":"tag-breakingnews","12":"tag-featured-news","13":"tag-featurednews","14":"tag-headlines","15":"tag-latest-news","16":"tag-latestnews","17":"tag-latvia","18":"tag-latvian","19":"tag-latviesu","20":"tag-latviesu-valoda","21":"tag-latviesuvaloda","22":"tag-latvija","23":"tag-lv","24":"tag-news","25":"tag-popularakas-zinas","26":"tag-popularakaszinas","27":"tag-top-stories","28":"tag-topstories","29":"tag-turcija","30":"tag-ukraina","31":"tag-volodimirs-zelenskis","32":"tag-world","33":"tag-world-news","34":"tag-worldnews","35":"tag-zinas","36":"tag-zinas-no-arvalstim"},"share_on_mastodon":{"url":"https:\/\/pubeurope.com\/@lv\/115571074248796484","error":""},"_links":{"self":[{"href":"https:\/\/www.europesays.com\/lv\/wp-json\/wp\/v2\/posts\/52710","targetHints":{"allow":["GET"]}}],"collection":[{"href":"https:\/\/www.europesays.com\/lv\/wp-json\/wp\/v2\/posts"}],"about":[{"href":"https:\/\/www.europesays.com\/lv\/wp-json\/wp\/v2\/types\/post"}],"author":[{"embeddable":true,"href":"https:\/\/www.europesays.com\/lv\/wp-json\/wp\/v2\/users\/2"}],"replies":[{"embeddable":true,"href":"https:\/\/www.europesays.com\/lv\/wp-json\/wp\/v2\/comments?post=52710"}],"version-history":[{"count":0,"href":"https:\/\/www.europesays.com\/lv\/wp-json\/wp\/v2\/posts\/52710\/revisions"}],"wp:featuredmedia":[{"embeddable":true,"href":"https:\/\/www.europesays.com\/lv\/wp-json\/wp\/v2\/media\/39394"}],"wp:attachment":[{"href":"https:\/\/www.europesays.com\/lv\/wp-json\/wp\/v2\/media?parent=52710"}],"wp:term":[{"taxonomy":"category","embeddable":true,"href":"https:\/\/www.europesays.com\/lv\/wp-json\/wp\/v2\/categories?post=52710"},{"taxonomy":"post_tag","embeddable":true,"href":"https:\/\/www.europesays.com\/lv\/wp-json\/wp\/v2\/tags?post=52710"}],"curies":[{"name":"wp","href":"https:\/\/api.w.org\/{rel}","templated":true}]}}