{"id":52719,"date":"2025-11-18T14:12:15","date_gmt":"2025-11-18T14:12:15","guid":{"rendered":"https:\/\/www.europesays.com\/lv\/52719\/"},"modified":"2025-11-18T14:12:15","modified_gmt":"2025-11-18T14:12:15","slug":"revolucija-rallija-pasaule-wrc-tuvojas-vesturiskam-parmainam-visas-frontes","status":"publish","type":"post","link":"https:\/\/www.europesays.com\/lv\/52719\/","title":{"rendered":"Revol\u016bcija rallija pasaul\u0113 \u2013 WRC tuvojas v\u0113sturisk\u0101m p\u0101rmai\u0146\u0101m vis\u0101s front\u0113s"},"content":{"rendered":"<p>Pasaules rallija \u010dempion\u0101t\u0101 (<a rel=\"noopener nofollow\" target=\"_blank\" href=\"https:\/\/www.delfi.lv\/temas\/37573835\/wrc\" tag-id=\"37573835\">WRC<\/a>) tuvojas liel\u0101k\u0101s tehnisk\u0101s p\u0101rmai\u0146as kop\u0161 hibr\u012bdauto \u0113ras ievie\u0161anas \u2013cer\u012bb\u0101 piesaist\u012bt vair\u0101k brauc\u0113ju un komandu, presti\u017e\u0101kaj\u0101s rallija sacens\u012bb\u0101s ekip\u0101\u017eas start\u0113s ar bud\u017eeta zi\u0146\u0101 krietni piezem\u0113t\u0101kiem auto. Tas var main\u012bt ar\u012b visu rallija pasaules piram\u012bdu.<\/p>\n<p class=\"m-0\">Seko &#8220;Delfi&#8221; ar\u012b  <a target=\"_blank\" href=\"https:\/\/www.instagram.com\/delfi.lv\/\" rel=\"nofollow noopener\">Instagram<\/a>  un <a target=\"_blank\" href=\"https:\/\/www.youtube.com\/channel\/UCw5foWtcJvAbUm64rv7jwUQ\" rel=\"nofollow noopener\">YouTube<\/a>  profil\u0101 \u2013 pievienojies, lai uzzin\u0101tu svar\u012bg\u0101ko un interesant\u0101ko pirmais!<\/p>\n<p>Publik\u0101cijas saturs vai t\u0101s jebk\u0101da apjoma da\u013ca ir aizsarg\u0101ts autorties\u012bbu objekts Autorties\u012bbu likuma izpratn\u0113, un t\u0101 izmanto\u0161ana bez izdev\u0113ja at\u013caujas ir aizliegta. Vair\u0101k lasi  <a target=\"_blank\" href=\"https:\/\/www.delfi.lv\/noteikumi#autortiesibas\" rel=\"nofollow noopener\">\u0161eit<\/a><script async src=\"\/\/www.instagram.com\/embed.js\"><\/script><\/p>\n","protected":false},"excerpt":{"rendered":"Pasaules rallija \u010dempion\u0101t\u0101 (WRC) tuvojas liel\u0101k\u0101s tehnisk\u0101s p\u0101rmai\u0146as kop\u0161 hibr\u012bdauto \u0113ras ievie\u0161anas \u2013cer\u012bb\u0101 piesaist\u012bt vair\u0101k brauc\u0113ju un komandu,&hellip;\n","protected":false},"author":2,"featured_media":52720,"comment_status":"","ping_status":"","sticky":false,"template":"","format":"standard","meta":{"footnotes":""},"categories":[17],"tags":[1822,4188,4861,4174,5823,7961,14456,35,39,38,36,37,34,40,13456,282,7960,281,8627,67,5078,5675],"class_list":{"0":"post-52719","1":"post","2":"type-post","3":"status-publish","4":"format-standard","5":"has-post-thumbnail","7":"category-sports","8":"tag-toyota","9":"tag-aizkadra","10":"tag-dacia","11":"tag-fia","12":"tag-hyundai","13":"tag-kalle-rovanpera","14":"tag-lancia","15":"tag-latvia","16":"tag-latvian","17":"tag-latviesu","18":"tag-latviesu-valoda","19":"tag-latviesuvaloda","20":"tag-latvija","21":"tag-lv","22":"tag-m-sport","23":"tag-martins-sesks","24":"tag-olivers-solbergs","25":"tag-rallijs","26":"tag-skoda","27":"tag-sports","28":"tag-subaru","29":"tag-wrc"},"share_on_mastodon":{"url":"https:\/\/pubeurope.com\/@lv\/115571113509978286","error":""},"_links":{"self":[{"href":"https:\/\/www.europesays.com\/lv\/wp-json\/wp\/v2\/posts\/52719","targetHints":{"allow":["GET"]}}],"collection":[{"href":"https:\/\/www.europesays.com\/lv\/wp-json\/wp\/v2\/posts"}],"about":[{"href":"https:\/\/www.europesays.com\/lv\/wp-json\/wp\/v2\/types\/post"}],"author":[{"embeddable":true,"href":"https:\/\/www.europesays.com\/lv\/wp-json\/wp\/v2\/users\/2"}],"replies":[{"embeddable":true,"href":"https:\/\/www.europesays.com\/lv\/wp-json\/wp\/v2\/comments?post=52719"}],"version-history":[{"count":0,"href":"https:\/\/www.europesays.com\/lv\/wp-json\/wp\/v2\/posts\/52719\/revisions"}],"wp:featuredmedia":[{"embeddable":true,"href":"https:\/\/www.europesays.com\/lv\/wp-json\/wp\/v2\/media\/52720"}],"wp:attachment":[{"href":"https:\/\/www.europesays.com\/lv\/wp-json\/wp\/v2\/media?parent=52719"}],"wp:term":[{"taxonomy":"category","embeddable":true,"href":"https:\/\/www.europesays.com\/lv\/wp-json\/wp\/v2\/categories?post=52719"},{"taxonomy":"post_tag","embeddable":true,"href":"https:\/\/www.europesays.com\/lv\/wp-json\/wp\/v2\/tags?post=52719"}],"curies":[{"name":"wp","href":"https:\/\/api.w.org\/{rel}","templated":true}]}}