{"id":52723,"date":"2025-11-18T14:17:09","date_gmt":"2025-11-18T14:17:09","guid":{"rendered":"https:\/\/www.europesays.com\/lv\/52723\/"},"modified":"2025-11-18T14:17:09","modified_gmt":"2025-11-18T14:17:09","slug":"goda-salaspiliesa-tituls-pieskirts-komponistam-viktoram-pizanam","status":"publish","type":"post","link":"https:\/\/www.europesays.com\/lv\/52723\/","title":{"rendered":"&#8220;Goda salaspilie\u0161a&#8221; tituls pie\u0161\u0137irts komponistam Viktoram Piz\u0101nam"},"content":{"rendered":"<p>Tituls &#8220;Goda salaspilietis&#8221; 2025. gad\u0101 pie\u0161\u0137irts komponistam Viktoram Piz\u0101nam, a\u0123ent\u016bra LETA uzzin\u0101ja Salaspils novada pa\u0161vald\u012bb\u0101.<\/p>\n<p>Piz\u0101ns dzimis 1946. gad\u0101 R\u012bg\u0101, bet jau vair\u0101k nek\u0101 50 gadus savu dz\u012bvi un rado\u0161o ener\u0123iju saista ar Salaspili.<\/p>\n<p>Ar m\u016bziku vi\u0146\u0161 pirmoreiz sastapies septi\u0146u gadu vecum\u0101, bet pirmo kompoz\u012bciju rad\u012bjis 25 gadu vecum\u0101. Savu darbu m\u016bzikas jom\u0101 Piz\u0101ns s\u0101ka 1966. gad\u0101 k\u0101 or\u0137estra klarnetists R\u012bgas operetes te\u0101tr\u012b. V\u0113l\u0101k vi\u0146\u0161 sevi velt\u012bja pedago\u0123ijai &#8211; m\u0101c\u012bjis m\u016bziku Dagdas un Saldus tehnikum\u0101, R\u012bgas, Salaspils un Ulbrokas skol\u0101s.<\/p>\n<p>Vi\u0146\u0161 bijis ar\u012b Latvijas Valsts filharmonijas kora &#8220;Latvija&#8221; dal\u012bbnieks, VEF kult\u016bras pils kora &#8220;R\u012bga&#8221; kormeistars un R\u012bgas Pionieru pils b\u0113rnu koru diri\u0123ents.<\/p>\n<p>1999. gad\u0101 Piz\u0101ns dibin\u0101ja senioru vok\u0101lo ansambli &#8220;Viktorija&#8221;, kas turpina darboties 27. sezonu. Ansambli tagad vada vi\u0146a meita Aija Piz\u0101ne.<\/p>\n<p>Kop\u0101 ar Aiju Ku\u0161\u0137i Piz\u0101ns organiz\u0113ja Vislatvijas senioru vok\u0101lo ansamb\u013cu sadzied\u0101\u0161an\u0101s sv\u0113tkus &#8220;Daugav\u2019s abas malas&#8221;, kas no 1999. l\u012bdz 2022. gadam notika Salaspil\u012b un k\u013cuva par noz\u012bm\u012bgu notikumu Latvijas senioru vok\u0101lo ansamb\u013cu dz\u012bv\u0113.<\/p>\n<p>Piz\u0101ns rad\u012bjis kompoz\u012bcijas b\u0113rniem, pieaugu\u0161o un senioru koriem, k\u0101 ar\u012b p\u016bt\u0113ju or\u0137estriem.<\/p>\n<p>Vi\u0146a dziesma &#8220;Tr\u012bs m\u0101sas&#8221; skan\u0113jusi Latvijas senioru koru Dziesmu sv\u0113tkos, savuk\u0101rt dziesmas &#8220;Balta pu\u0137e ezer\u0101&#8221;, &#8220;Gai\u0161i dega ugunti\u0146a&#8221; un &#8220;Redzi, ka dziesma b\u016bs&#8221; dzied\u0101ta Vislatvijas senioru ansamb\u013cu sadzied\u0101\u0161an\u0101s sv\u0113tkos.<\/p>\n","protected":false},"excerpt":{"rendered":"Tituls &#8220;Goda salaspilietis&#8221; 2025. gad\u0101 pie\u0161\u0137irts komponistam Viktoram Piz\u0101nam, a\u0123ent\u016bra LETA uzzin\u0101ja Salaspils novada pa\u0161vald\u012bb\u0101. Piz\u0101ns dzimis 1946.&hellip;\n","protected":false},"author":2,"featured_media":52724,"comment_status":"","ping_status":"","sticky":false,"template":"","format":"standard","meta":{"footnotes":""},"categories":[19],"tags":[47,89,90,381,64,35,39,38,36,37,34,40,385,172,382,384,383,21],"class_list":{"0":"post-52723","1":"post","2":"type-post","3":"status-publish","4":"format-standard","5":"has-post-thumbnail","7":"category-izklaide","8":"tag-ekonomika","9":"tag-entertainment","10":"tag-izklaide","11":"tag-jaunumi","12":"tag-kultura","13":"tag-latvia","14":"tag-latvian","15":"tag-latviesu","16":"tag-latviesu-valoda","17":"tag-latviesuvaloda","18":"tag-latvija","19":"tag-lv","20":"tag-pieriga","21":"tag-riga","22":"tag-sabiedriba","23":"tag-sludinajumi","24":"tag-sports-afisa","25":"tag-zinas"},"share_on_mastodon":{"url":"https:\/\/pubeurope.com\/@lv\/115571133575892911","error":""},"_links":{"self":[{"href":"https:\/\/www.europesays.com\/lv\/wp-json\/wp\/v2\/posts\/52723","targetHints":{"allow":["GET"]}}],"collection":[{"href":"https:\/\/www.europesays.com\/lv\/wp-json\/wp\/v2\/posts"}],"about":[{"href":"https:\/\/www.europesays.com\/lv\/wp-json\/wp\/v2\/types\/post"}],"author":[{"embeddable":true,"href":"https:\/\/www.europesays.com\/lv\/wp-json\/wp\/v2\/users\/2"}],"replies":[{"embeddable":true,"href":"https:\/\/www.europesays.com\/lv\/wp-json\/wp\/v2\/comments?post=52723"}],"version-history":[{"count":0,"href":"https:\/\/www.europesays.com\/lv\/wp-json\/wp\/v2\/posts\/52723\/revisions"}],"wp:featuredmedia":[{"embeddable":true,"href":"https:\/\/www.europesays.com\/lv\/wp-json\/wp\/v2\/media\/52724"}],"wp:attachment":[{"href":"https:\/\/www.europesays.com\/lv\/wp-json\/wp\/v2\/media?parent=52723"}],"wp:term":[{"taxonomy":"category","embeddable":true,"href":"https:\/\/www.europesays.com\/lv\/wp-json\/wp\/v2\/categories?post=52723"},{"taxonomy":"post_tag","embeddable":true,"href":"https:\/\/www.europesays.com\/lv\/wp-json\/wp\/v2\/tags?post=52723"}],"curies":[{"name":"wp","href":"https:\/\/api.w.org\/{rel}","templated":true}]}}