{"id":52729,"date":"2025-11-18T14:23:08","date_gmt":"2025-11-18T14:23:08","guid":{"rendered":"https:\/\/www.europesays.com\/lv\/52729\/"},"modified":"2025-11-18T14:23:08","modified_gmt":"2025-11-18T14:23:08","slug":"rezisoru-abelu-animacijas-filma-dieva-suns-nomineta-divam-eiropas-kinoakademijas-balvam","status":"publish","type":"post","link":"https:\/\/www.europesays.com\/lv\/52729\/","title":{"rendered":"Re\u017eisoru \u0100be\u013cu anim\u0101cijas filma &#8220;Dieva suns&#8221; nomin\u0113ta div\u0101m Eiropas Kinoakad\u0113mijas balv\u0101m"},"content":{"rendered":"<p>Eiropas Kinoakad\u0113mija tika dibin\u0101ta 1989. gad\u0101 k\u0101 Eiropas Kino biedr\u012bba. T\u0101s pirmais prezidents bija Ingm\u0101rs Bergmans, kur\u0161 biedr\u012bbu dibin\u0101ja kop\u0101 ar 40 izciliem filmu autoriem, lai veicin\u0101tu Eiropas kino industrijas att\u012bst\u012bbu. No 2024. gada Eiropas Kinoakad\u0113miju vada aktrise \u017diljeta Bino\u0161a. \u0160obr\u012bd Akad\u0113mijas biedru lok\u0101 ir vair\u0101k nek\u0101 5400 kinoprofesion\u0101\u013ci, no Latvijas &#8211; gandr\u012bz 30.<\/p>\n<p>K\u0101 v\u0113st\u012bts, &#8220;Dieva suns&#8221; \u0161ogad ir ar\u012b Latvijas ofici\u0101lais pieteikums ASV Kinoakad\u0113mijas &#8220;Oskara&#8221; balvai kategorij\u0101 &#8220;Lab\u0101k\u0101 \u0101rzemju filma&#8221;. K\u0101 nor\u0101da Nacion\u0101laj\u0101 kino centr\u0101, \u0161\u012b sacens\u012bba s\u0101ksies v\u0113l\u0101k ruden\u012b.<\/p>\n<p>K\u0101 nor\u0101da filmas veidot\u0101ju p\u0101rst\u0101ve Alise Podniece, &#8220;Dieva suns&#8221; si\u017eets balst\u012bts Zieme\u013ceirop\u0101 zin\u0101m\u0101kaj\u0101 vilka\u010du pr\u0101v\u0101 &#8211; Vilka\u010da T\u012bsa pratin\u0101\u0161an\u0101. Filmas darb\u012bba aizved skat\u012bt\u0101jus uz 1692. gada Livoniju, kur p\u0113c bazn\u012bcas relikvijas nozag\u0161anas ciemat\u0101 s\u0101kas raganu med\u012bbas, un neizskaidrojam\u0101 veid\u0101 par\u0101d\u0101s Dieva suns, kas sev l\u012bdzi nes nosl\u0113pumainu d\u0101vanu no elles.<\/p>\n<p>Filmu veidojis m\u0101kslinieks Harijs Grundmanis, scen\u0101riju rad\u012bju\u0161i Ivo Briedis, br\u0101\u013ci Lauris un Raitis \u0100beles un Grundmanis, bet anim\u0101ciju atdz\u012bvin\u0101ju\u0161i Aigars Gerc\u0101ns un Krist\u012bne Rezviha. Anim\u0101cijas filmas operators ir tre\u0161ais br\u0101lis &#8211; M\u0101rcis \u0100bele.<\/p>\n<p>Galvenaj\u0101s lom\u0101s ir Jur\u0123is Spulenieks, Regn\u0101rs Vaivars, Einars Rep\u0161e, Agate Krista un Kristians Kare\u013cins. Savuk\u0101rt filmas producenti ir Raitis \u0100bele, Kristele Pud\u0101ne no Latvijas studijas &#8220;Tritone&#8221; un D\u017eovanni Labadessa no &#8220;Lumiere Lab&#8221;, ASV.<\/p>\n","protected":false},"excerpt":{"rendered":"Eiropas Kinoakad\u0113mija tika dibin\u0101ta 1989. gad\u0101 k\u0101 Eiropas Kino biedr\u012bba. T\u0101s pirmais prezidents bija Ingm\u0101rs Bergmans, kur\u0161 biedr\u012bbu&hellip;\n","protected":false},"author":2,"featured_media":52730,"comment_status":"","ping_status":"","sticky":false,"template":"","format":"standard","meta":{"footnotes":""},"categories":[19],"tags":[1104,2462,89,90,1226,35,39,38,36,37,34,40],"class_list":{"0":"post-52729","1":"post","2":"type-post","3":"status-publish","4":"format-standard","5":"has-post-thumbnail","7":"category-izklaide","8":"tag-animacija","9":"tag-animacijas-filma","10":"tag-entertainment","11":"tag-izklaide","12":"tag-kino","13":"tag-latvia","14":"tag-latvian","15":"tag-latviesu","16":"tag-latviesu-valoda","17":"tag-latviesuvaloda","18":"tag-latvija","19":"tag-lv"},"share_on_mastodon":{"url":"https:\/\/pubeurope.com\/@lv\/115571156805028868","error":""},"_links":{"self":[{"href":"https:\/\/www.europesays.com\/lv\/wp-json\/wp\/v2\/posts\/52729","targetHints":{"allow":["GET"]}}],"collection":[{"href":"https:\/\/www.europesays.com\/lv\/wp-json\/wp\/v2\/posts"}],"about":[{"href":"https:\/\/www.europesays.com\/lv\/wp-json\/wp\/v2\/types\/post"}],"author":[{"embeddable":true,"href":"https:\/\/www.europesays.com\/lv\/wp-json\/wp\/v2\/users\/2"}],"replies":[{"embeddable":true,"href":"https:\/\/www.europesays.com\/lv\/wp-json\/wp\/v2\/comments?post=52729"}],"version-history":[{"count":0,"href":"https:\/\/www.europesays.com\/lv\/wp-json\/wp\/v2\/posts\/52729\/revisions"}],"wp:featuredmedia":[{"embeddable":true,"href":"https:\/\/www.europesays.com\/lv\/wp-json\/wp\/v2\/media\/52730"}],"wp:attachment":[{"href":"https:\/\/www.europesays.com\/lv\/wp-json\/wp\/v2\/media?parent=52729"}],"wp:term":[{"taxonomy":"category","embeddable":true,"href":"https:\/\/www.europesays.com\/lv\/wp-json\/wp\/v2\/categories?post=52729"},{"taxonomy":"post_tag","embeddable":true,"href":"https:\/\/www.europesays.com\/lv\/wp-json\/wp\/v2\/tags?post=52729"}],"curies":[{"name":"wp","href":"https:\/\/api.w.org\/{rel}","templated":true}]}}