{"id":52735,"date":"2025-11-18T14:26:07","date_gmt":"2025-11-18T14:26:07","guid":{"rendered":"https:\/\/www.europesays.com\/lv\/52735\/"},"modified":"2025-11-18T14:26:07","modified_gmt":"2025-11-18T14:26:07","slug":"dzelzcela-sliedes-uzspridzinaja-divi-ukraini-kas-stradaja-krievijas-izlukdienesta-uzdevuma","status":"publish","type":"post","link":"https:\/\/www.europesays.com\/lv\/52735\/","title":{"rendered":"Dzelzce\u013ca sliedes uzspridzin\u0101ja divi ukrai\u0146i, kas str\u0101d\u0101ja Krievijas izl\u016bkdienesta uzdevum\u0101"},"content":{"rendered":"<p>Polijas ties\u012bbsarg\u0101jo\u0161\u0101s iest\u0101des ir sav\u0101ku\u0161as pier\u0101d\u012bjumus, kas pal\u012bdz\u0113s izmekl\u0113t\u0101jiem \u0101tri identific\u0113t aizdom\u0101s turamos par sabot\u0101\u017eu uz valsts dzelzce\u013ca l\u012bnijas ned\u0113\u013cas nogal\u0113, pirmdienas vakar\u0101 sac\u012bja ministru kabineta p\u0101rst\u0101vji.<\/p>\n<p>Pirmdien Polijas vald\u012bbas ministri r\u012bkoja kop\u012bgu preses konferenci, lai apspriestu incidentus uz dzelzce\u013ca l\u012bnijas valsts dienvidaustrumos. Iek\u0161lietu ministrs Marcins Kierwi\u0144skis apstiprin\u0101ja, ka uzbrukum\u0101 \u201cbez \u0161aub\u0101m\u201d tika izmantota spridzin\u0101\u0161anas ier\u012bce.<\/p>\n<p>Preses konferenc\u0113, kur\u0101 piedal\u012bj\u0101s ar\u012b tieslietu ministrs Valdem\u0101rs \u017dureks, infrastrukt\u016bras ministrs Dariu\u0161s Klim\u010daks un speci\u0101lo dienestu koordinators Tomass Siemoniaks, iek\u0161lietu ministrs teica, ka ir sav\u0101kti nov\u0113ro\u0161anas kameru ieraksti no \u0161\u012bs teritorijas.<\/p>\n<p>Kierwi\u0144skis piebilda, ka \u201cdaudzie pier\u0101d\u012bjumi\u201d, tostarp CCTV ieraksti un citi materi\u0101li, \u201cnoteikti pal\u012bdz\u0113s \u013coti \u0101tri identific\u0113t \u0161\u012b briesm\u012bg\u0101 sabot\u0101\u017eas akta vaininiekus.\u201d<\/p>\n<p>Polijas tieslietu ministrs Valdemars \u017bureks pazi\u0146oja, ka aizdom\u0101s tur\u0113tajiem par \u0161o darb\u012bbu var tikt piespriests cietumsods no 10 gadiem l\u012bdz pat m\u016b\u017ea ieslodz\u012bjumam.<\/p>\n<p>Polijas vald\u012bbas Nacion\u0101l\u0101s dro\u0161\u012bbas komiteja otrdienas r\u012bt\u0101 san\u0101ca kop\u0101, lai apspriestu \u0161o incidentu. San\u0101ksm\u0113 piedal\u012bj\u0101s armijas un speci\u0101lo dienestu vad\u012bt\u0101ji, k\u0101 ar\u012b prezidenta p\u0101rst\u0101vis.<\/p>\n<p>\u201cM\u0113s nodro\u0161in\u0101sim, ka vain\u012bgie un tie, kuri pas\u016bt\u012bja \u0161o uzbrukumu, tiek saukti pie atbild\u012bbas Polij\u0101,\u201d piebilda tieslietu ministrs.<\/p>\n<p>Jau zi\u0146ots, ka ned\u0113\u013cas nogal\u0113 tika boj\u0101ti vair\u0101ki posmi strat\u0113\u0123iski svar\u012bgaj\u0101 dzelzce\u013ca l\u012bnij\u0101 starp Var\u0161avu un Polijas dienvidaustrumu pils\u0113tu \u013bub\u013cinu, ko izmanto, lai pieg\u0101d\u0101tu pal\u012bdz\u012bbu Ukrainai. <a href=\"https:\/\/www.tvnet.lv\/term\/556288\/donalds-tusks\" class=\"topicLink\" target=\"_blank\" rel=\"nofollow noopener\">Donalds Tusks<\/a> vienu no incidentiem raksturoja k\u0101 m\u0113\u0123in\u0101jumu uzspridzin\u0101t vilcienu un nosauca \u0161os uzbrukumus par \u201cbezprecedenta sabot\u0101\u017eu\u201d, kas v\u0113rsta pret Poliju un t\u0101s pilso\u0146iem.<\/p>\n<p>Polijas \u0100rlietu ministrijas p\u0101rst\u0101vis pirmdien Ukrainas zi\u0146u a\u0123ent\u016brai Ukrinform pazi\u0146oja, ka sabot\u0101\u017eas akti uz dzelzce\u013ca l\u012bnij\u0101m neietekm\u0113s Var\u0161avas turpm\u0101ko atbalstu Kijivai.<\/p>\n","protected":false},"excerpt":{"rendered":"Polijas ties\u012bbsarg\u0101jo\u0161\u0101s iest\u0101des ir sav\u0101ku\u0161as pier\u0101d\u012bjumus, kas pal\u012bdz\u0113s izmekl\u0113t\u0101jiem \u0101tri identific\u0113t aizdom\u0101s turamos par sabot\u0101\u017eu uz valsts dzelzce\u013ca&hellip;\n","protected":false},"author":2,"featured_media":52736,"comment_status":"","ping_status":"","sticky":false,"template":"","format":"standard","meta":{"footnotes":""},"categories":[14],"tags":[23,57,2416,28,29,2283,32,33,22,1571,234,74,30,31,35,39,38,36,37,34,40,20,72,26,27,24,25,54,55,56,21,58],"class_list":{"0":"post-52735","1":"post","2":"type-post","3":"status-publish","4":"format-standard","5":"has-post-thumbnail","7":"category-zinas-no-arvalstim","8":"tag-aktualitates","9":"tag-arvalstim","10":"tag-baltkrievija","11":"tag-breaking-news","12":"tag-breakingnews","13":"tag-donalds-tusks","14":"tag-featured-news","15":"tag-featurednews","16":"tag-headlines","17":"tag-hibridkars","18":"tag-krievija","19":"tag-krievijas-iebrukums-ukraina","20":"tag-latest-news","21":"tag-latestnews","22":"tag-latvia","23":"tag-latvian","24":"tag-latviesu","25":"tag-latviesu-valoda","26":"tag-latviesuvaloda","27":"tag-latvija","28":"tag-lv","29":"tag-news","30":"tag-polija","31":"tag-popularakas-zinas","32":"tag-popularakaszinas","33":"tag-top-stories","34":"tag-topstories","35":"tag-world","36":"tag-world-news","37":"tag-worldnews","38":"tag-zinas","39":"tag-zinas-no-arvalstim"},"share_on_mastodon":{"url":"","error":"Validation failed: Text character limit of 500 exceeded"},"_links":{"self":[{"href":"https:\/\/www.europesays.com\/lv\/wp-json\/wp\/v2\/posts\/52735","targetHints":{"allow":["GET"]}}],"collection":[{"href":"https:\/\/www.europesays.com\/lv\/wp-json\/wp\/v2\/posts"}],"about":[{"href":"https:\/\/www.europesays.com\/lv\/wp-json\/wp\/v2\/types\/post"}],"author":[{"embeddable":true,"href":"https:\/\/www.europesays.com\/lv\/wp-json\/wp\/v2\/users\/2"}],"replies":[{"embeddable":true,"href":"https:\/\/www.europesays.com\/lv\/wp-json\/wp\/v2\/comments?post=52735"}],"version-history":[{"count":0,"href":"https:\/\/www.europesays.com\/lv\/wp-json\/wp\/v2\/posts\/52735\/revisions"}],"wp:featuredmedia":[{"embeddable":true,"href":"https:\/\/www.europesays.com\/lv\/wp-json\/wp\/v2\/media\/52736"}],"wp:attachment":[{"href":"https:\/\/www.europesays.com\/lv\/wp-json\/wp\/v2\/media?parent=52735"}],"wp:term":[{"taxonomy":"category","embeddable":true,"href":"https:\/\/www.europesays.com\/lv\/wp-json\/wp\/v2\/categories?post=52735"},{"taxonomy":"post_tag","embeddable":true,"href":"https:\/\/www.europesays.com\/lv\/wp-json\/wp\/v2\/tags?post=52735"}],"curies":[{"name":"wp","href":"https:\/\/api.w.org\/{rel}","templated":true}]}}