{"id":52764,"date":"2025-11-18T14:58:08","date_gmt":"2025-11-18T14:58:08","guid":{"rendered":"https:\/\/www.europesays.com\/lv\/52764\/"},"modified":"2025-11-18T14:58:08","modified_gmt":"2025-11-18T14:58:08","slug":"graudina-un-samoilova-ieklust-pasaules-cempionata-pludmales-volejbola-astotdalfinala","status":"publish","type":"post","link":"https:\/\/www.europesays.com\/lv\/52764\/","title":{"rendered":"Graudi\u0146a un Samoilova iek\u013c\u016bst pasaules \u010dempion\u0101ta pludmales volejbol\u0101 astotda\u013cfin\u0101l\u0101"},"content":{"rendered":"<p>Latvijas duets <a rel=\"noopener nofollow\" target=\"_blank\" href=\"https:\/\/www.delfi.lv\/temas\/51273627\/tina-graudina\" tag-id=\"51273627\">T\u012bna Graudi\u0146a<\/a>\/<a rel=\"noopener nofollow\" target=\"_blank\" href=\"https:\/\/www.delfi.lv\/temas\/54766044\/anastasija-samoilova\" tag-id=\"54766044\">Anastasija Samoilova<\/a> otrdien Adelaid\u0113 iek\u013cuva pasaules \u010dempion\u0101ta pludmales volejbol\u0101 astotda\u013cfin\u0101l\u0101.<\/p>\n<p class=\"western\">Graudi\u0146a un Samoilova, kuras turn\u012br\u0101 ir izs\u0113tas ar piekto numuru, ar 2-0 (21:9, 21:11) sagr\u0101va n\u012bderlandietes Milu Koninku un Deiziju Poisu (26.).<\/p>\n<p class=\"western\">Ar \u0161o duetu Latvijas p\u0101ris l\u012bdz \u0161im nebija sp\u0113l\u0113jis.<\/p>\n<p class=\"western\">Astotda\u013cfin\u0101l\u0101 Latvijas duets sp\u0113l\u0113s ar v\u0101ciet\u0113m Mel\u0101niju Paulu un Leu Kunstu, kuras ir izs\u0113tas ar 36. numuru un 1\/16 fin\u0101l\u0101 ar 2-0 (21:17, 21:19) pieveica N\u012bderlandes p\u0101ri Eimija van Dr\u012bla\/V\u012bsa Bekhausa (22.).<\/p>\n<p class=\"western\">Latvietes vair\u0101k punktu guva uzbrukum\u0101 (15:14), ar servi (9:0) un p\u0113c pretinie\u010du k\u013c\u016bd\u0101m (18:5), bet vien\u012bgais bloks sp\u0113l\u0113 padev\u0101s n\u012bderlandietei Koninkai.<\/p>\n<p class=\"western\">Abas Latvijas p\u0101ra sp\u0113l\u0113t\u0101jas guva pa 12 punktiem. Graudi\u0146a, kura p\u0113c grupu turn\u012bra ar 69 punktiem bija \u010dempion\u0101ta rezultat\u012bv\u0101k\u0101 sp\u0113l\u0113t\u0101ja, guva asto\u0146us punktus 12 uzbrukumos, vienreiz k\u013c\u016bdoties. 10 serv\u0113s vi\u0146a guva \u010detrus punktus un tr\u012bsreiz k\u013c\u016bd\u012bj\u0101s, bet 11 servju uz\u0146em\u0161an\u0101s iztika bez k\u013c\u016bd\u0101m, k\u0101 ar\u012b piecreiz nosp\u0113l\u0113ja aizsardz\u012bb\u0101.<\/p>\n<p class=\"western\">Samoilova guva septi\u0146us punktus 13 uzbrukumos, divrreiz k\u013c\u016bdoties. Ar 18 serv\u0113m vi\u0146a guva piecus punktus, k\u0101 ar\u012b tika gal\u0101 ar vis\u0101m 11 servju uz\u0146em\u0161an\u0101m un tr\u012bsreiz nosp\u0113l\u0113ja aizsardz\u012bb\u0101.<\/p>\n<p class=\"western\">Pretiniec\u0113m Poisa visus 12 punktus guva uzbrukum\u0101, bet Koninka bez blok\u0101 g\u016bt\u0101 punkta divus guva uzbrukum\u0101.<\/p>\n<p class=\"western\">Latvietes turn\u012br\u0101 jau ir nopeln\u012bju\u0161as 800 pasaules ranga punktus.<\/p>\n<p class=\"western\">E grup\u0101 Graudi\u0146a\/Samoilova ar 2-0 (21:17, 23:21) p\u0101rsp\u0113ja meksik\u0101nietes Atenasu Gusmanu un Susanu Torresu (44.), ar 2-0 (21:18, 21:17) &#8211; jap\u0101nietes Reiku Murakami un Asami \u0160ibu (29.) un ar 2-0 (22:20, 21:15) &#8211; It\u0101lijas p\u0101ri D\u017eada Bianki\/Klaudija Skampoli (20.).<\/p>\n<p class=\"western\">N\u012bderlandietes grup\u0101 izc\u012bn\u012bja vienu uzvaru.<\/p>\n<p class=\"western\"><a rel=\"noopener nofollow\" target=\"_blank\" href=\"https:\/\/www.delfi.lv\/temas\/35577575\/martins-plavins\" tag-id=\"35577575\">M\u0101rti\u0146\u0161 P\u013cavi\u0146\u0161<\/a>\/<a rel=\"noopener nofollow\" target=\"_blank\" href=\"https:\/\/www.delfi.lv\/temas\/54761826\/kristians-fokerots\" tag-id=\"54761826\">Kristians Fokerots<\/a> (17.) &#8220;play-off&#8221; pirmo sp\u0113li ar v\u0101cie\u0161iem Nilsu \u0112lersu un Klemensu Vikleru (14.) aizvad\u012bs tre\u0161dien.<\/p>\n<p class=\"western\">P\u013cavi\u0146am \u0161is ir jau astotais pasaules \u010dempion\u0101ts. Visaugst\u0101k P\u013cavi\u0146\u0161 p\u0101r\u012b ar J\u0101ni \u0160m\u0113di\u0146u tika 2011. gad\u0101 Rom\u0101, izc\u012bnot ceturto vietu, bet p\u0101r\u012b ar Edgaru To\u010du 2019. gad\u0101 Hamburg\u0101 tika ie\u0146emta dal\u012bta dev\u012bt\u0101 vieta. Pasaules \u010dempion\u0101tos P\u013cavi\u0146\u0161 ir start\u0113jis ar\u012b ar Aleksandru Samoilovu, Lauri Iecelnieku, J\u0101ni P\u0113du un Haraldu Reg\u017eu.<\/p>\n<p class=\"western\">Fokerotam \u0161is ir pirmais starts pasaules meistarsac\u012bkst\u0113s.<\/p>\n<p class=\"western\">L\u012bdz\u0161in\u0113jos tr\u012bs startos pasaules \u010dempion\u0101tos 2019. gad\u0101 Hamburg\u0101, 2022. gad\u0101 Rom\u0101 un 2023. gad\u0101 Meksikas pils\u0113t\u0101 Tlaskal\u0101 Graudi\u0146a un Samoilova ir fini\u0161\u0113ju\u0161as dev\u012bt\u0101s.<\/p>\n<p class=\"western\">Sacens\u012bbas gan v\u012brie\u0161iem, gan sieviet\u0113m uzs\u0101ka 48 komandas.<\/p>\n<p class=\"western\">Katras grupas divas lab\u0101k\u0101s vien\u012bbas, k\u0101 ar\u012b \u010detras lab\u0101k\u0101s tre\u0161o vietu ie\u0146\u0113m\u0113jas uzreiz iek\u013cuva izsl\u0113g\u0161anas c\u012b\u0146\u0101s. P\u0101r\u0113jie asto\u0146i tre\u0161o vietu ie\u0146\u0113mu\u0161ie dueti \u010detros p\u0101ros vien\u0101 &#8220;play-off&#8221; c\u012b\u0146\u0101 noskaidroja p\u0113d\u0113jos \u010detrus izsl\u0113g\u0161anas sp\u0113\u013cu dal\u012bbniekus. P\u0113c tam sacens\u012bbas turpin\u0101s p\u0113c olimpisk\u0101s sist\u0113mas.<\/p>\n<p class=\"western\">Sacens\u012bbas Adelaid\u0113 beigsies \u0161aj\u0101 ned\u0113\u013cas nogal\u0113.<\/p>\n<p class=\"m-0\">Seko &#8220;Delfi&#8221; ar\u012b  <a target=\"_blank\" href=\"https:\/\/www.instagram.com\/delfi.lv\/\" rel=\"nofollow noopener\">Instagram<\/a>  un <a target=\"_blank\" href=\"https:\/\/www.youtube.com\/channel\/UCw5foWtcJvAbUm64rv7jwUQ\" rel=\"nofollow noopener\">YouTube<\/a>  profil\u0101 \u2013 pievienojies, lai uzzin\u0101tu svar\u012bg\u0101ko un interesant\u0101ko pirmais!<\/p>\n<p>Publik\u0101cijas saturs vai t\u0101s jebk\u0101da apjoma da\u013ca ir aizsarg\u0101ts autorties\u012bbu objekts Autorties\u012bbu likuma izpratn\u0113, un t\u0101 izmanto\u0161ana bez izdev\u0113ja at\u013caujas ir aizliegta. Vair\u0101k lasi  <a target=\"_blank\" href=\"https:\/\/www.delfi.lv\/noteikumi#autortiesibas\" rel=\"nofollow noopener\">\u0161eit<\/a><script async src=\"\/\/www.instagram.com\/embed.js\"><\/script><\/p>\n","protected":false},"excerpt":{"rendered":"Latvijas duets T\u012bna Graudi\u0146a\/Anastasija Samoilova otrdien Adelaid\u0113 iek\u013cuva pasaules \u010dempion\u0101ta pludmales volejbol\u0101 astotda\u013cfin\u0101l\u0101. Graudi\u0146a un Samoilova, kuras turn\u012br\u0101&hellip;\n","protected":false},"author":2,"featured_media":52765,"comment_status":"","ping_status":"","sticky":false,"template":"","format":"standard","meta":{"footnotes":""},"categories":[5],"tags":[23,566,28,29,32,33,22,2477,30,31,35,39,38,36,37,34,40,2831,20,564,26,27,565,24,25,21],"class_list":{"0":"post-52764","1":"post","2":"type-post","3":"status-publish","4":"format-standard","5":"has-post-thumbnail","7":"category-aktualitates","8":"tag-aktualitates","9":"tag-anastasija-samoilova","10":"tag-breaking-news","11":"tag-breakingnews","12":"tag-featured-news","13":"tag-featurednews","14":"tag-headlines","15":"tag-kristians-fokerots","16":"tag-latest-news","17":"tag-latestnews","18":"tag-latvia","19":"tag-latvian","20":"tag-latviesu","21":"tag-latviesu-valoda","22":"tag-latviesuvaloda","23":"tag-latvija","24":"tag-lv","25":"tag-martins-plavins","26":"tag-news","27":"tag-pludmales-volejbols","28":"tag-popularakas-zinas","29":"tag-popularakaszinas","30":"tag-tina-graudina","31":"tag-top-stories","32":"tag-topstories","33":"tag-zinas"},"share_on_mastodon":{"url":"https:\/\/pubeurope.com\/@lv\/115571294649390945","error":""},"_links":{"self":[{"href":"https:\/\/www.europesays.com\/lv\/wp-json\/wp\/v2\/posts\/52764","targetHints":{"allow":["GET"]}}],"collection":[{"href":"https:\/\/www.europesays.com\/lv\/wp-json\/wp\/v2\/posts"}],"about":[{"href":"https:\/\/www.europesays.com\/lv\/wp-json\/wp\/v2\/types\/post"}],"author":[{"embeddable":true,"href":"https:\/\/www.europesays.com\/lv\/wp-json\/wp\/v2\/users\/2"}],"replies":[{"embeddable":true,"href":"https:\/\/www.europesays.com\/lv\/wp-json\/wp\/v2\/comments?post=52764"}],"version-history":[{"count":0,"href":"https:\/\/www.europesays.com\/lv\/wp-json\/wp\/v2\/posts\/52764\/revisions"}],"wp:featuredmedia":[{"embeddable":true,"href":"https:\/\/www.europesays.com\/lv\/wp-json\/wp\/v2\/media\/52765"}],"wp:attachment":[{"href":"https:\/\/www.europesays.com\/lv\/wp-json\/wp\/v2\/media?parent=52764"}],"wp:term":[{"taxonomy":"category","embeddable":true,"href":"https:\/\/www.europesays.com\/lv\/wp-json\/wp\/v2\/categories?post=52764"},{"taxonomy":"post_tag","embeddable":true,"href":"https:\/\/www.europesays.com\/lv\/wp-json\/wp\/v2\/tags?post=52764"}],"curies":[{"name":"wp","href":"https:\/\/api.w.org\/{rel}","templated":true}]}}