{"id":52768,"date":"2025-11-18T15:02:08","date_gmt":"2025-11-18T15:02:08","guid":{"rendered":"https:\/\/www.europesays.com\/lv\/52768\/"},"modified":"2025-11-18T15:02:08","modified_gmt":"2025-11-18T15:02:08","slug":"stalti-karaviri-un-priecigi-ridzinieki-aizvadita-svetku-militara-parade-krastmala","status":"publish","type":"post","link":"https:\/\/www.europesays.com\/lv\/52768\/","title":{"rendered":"Stalti karav\u012bri un priec\u012bgi r\u012bdzinieki \u2013 aizvad\u012bta sv\u0113tku milit\u0101r\u0101 par\u0101de krastmal\u0101"},"content":{"rendered":"<p>Otrdien, 18. novembr\u012b, R\u012bg\u0101, 11. novembra krastmal\u0101, Latvijas Republikas proklam\u0113\u0161anas 107. gadadienai velt\u012bt\u0101 milit\u0101r\u0101 par\u0101d\u0113 dev\u0101s Nacion\u0101lo bru\u0146oto sp\u0113ku, sabiedroto vien\u012bbu un valsts aizsardz\u012bb\u0101 iesaist\u012bto dienestu vien\u012bbas.<\/p>\n<p>\u0160ogad par\u0101dei ir jauns nosaukums, kas atspogu\u013co visaptvero\u0161as valsts aizsardz\u012bbas sist\u0113mu Latvij\u0101, k\u0101 ar\u012b sabiedroto valstu noz\u012bm\u012bgo ieguld\u012bjumu Latvijas dro\u0161\u012bb\u0101.<\/p>\n<p>Valsts prezidents Edgars Rink\u0113vi\u010ds uzrun\u0101 uzsv\u0113ra, ka dro\u0161\u012bba ir p\u0101rliec\u012bba, ka b\u0113rni var augt mier\u012bgi, t\u0101 ir p\u0101rliec\u012bba, ka m\u016bsu valoda, kult\u016bra un demokr\u0101tija ir pasarg\u0101tas.<\/p>\n<p class=\"western\">&#8220;Dro\u0161\u012bba balst\u0101s uz ieguld\u012bjumiem m\u016bsu aizsardz\u012bbas un notur\u012bbas sp\u0113ju stiprin\u0101\u0161an\u0101. T\u0101s nav tikai tehnolo\u0123ijas. Dro\u0161\u012bba ir cilv\u0113ks. Karav\u012brs, kur\u0161 zv\u0113r\u0113jis aizsarg\u0101t savu valsti. Uzticams sabiedrotais, kur\u0161 gatavs plecu pie pleca doties kauj\u0101,&#8221; sac\u012bja Rink\u0113vi\u010ds.<\/p>\n<p class=\"western\">Valsts prezidents uzsv\u0113ra, ka dro\u0161\u012bba ir ar\u012b uztic\u012bba m\u016bsu bru\u0146otajiem sp\u0113kiem, m\u016bsu iek\u0161lietu dienestiem, m\u016bsu sabiedrotajiem, t\u0101 ir preto\u0161an\u0101s mums nelabv\u0113l\u012bgiem sp\u0113kiem un vi\u0146u v\u0113lmei graut m\u016bsu kop\u012bbas saj\u016btu.<\/p>\n<p class=\"western\">&#8220;M\u0113s redzam operat\u012bvo transportu ar b\u0101kugun\u012bm un specializ\u0113to apr\u012bkojumu robe\u017esargiem, ugunsdz\u0113s\u0113jiem-gl\u0101b\u0113jiem, policistiem un neatliekam\u0101s medic\u012bnisk\u0101s pal\u012bdz\u012bbas sniedz\u0113jiem. Aiz katra no jums ir cilv\u0113ks, kur\u0161 sarg\u0101 robe\u017eu, gl\u0101bj dz\u012bv\u012bbas un st\u0101jas pret\u012b likuma p\u0101rk\u0101pumiem. Tas ir cilv\u0113ks, kas sarg\u0101 l\u012bdzcilv\u0113kus,&#8221; pauda Rink\u0113vi\u010ds.<\/p>\n<p class=\"western\">Vi\u0146\u0161 pateic\u0101s karav\u012briem, zemessargiem un jaunsargiem par drosmi un dienestu. &#8220;J\u016bs sarg\u0101jat robe\u017eu un gaisa telpu, patrul\u0113jat Baltijas j\u016br\u0101 un past\u0101v\u012bgi atbalst\u0101t iek\u0161\u0113j\u0101s dro\u0161\u012bbas pas\u0101kumus. J\u016bs r\u016bp\u0113jaties par mieru ne tikai Latvij\u0101, bet ar\u012b citviet pasaul\u0113. J\u016bs visi kop\u0101 veidojat nep\u0101rtrauktu aizsardz\u012bbas \u0137\u0113di no pieredz\u0113ju\u0161\u0101k\u0101 virsnieka un instruktora l\u012bdz jaunsargam. J\u016bs sarg\u0101jat mieru, risk\u0113jot ar savu vesel\u012bbu un dz\u012bv\u012bbu,&#8221; pauda Valsts prezidents.<\/p>\n<p class=\"western\">Vi\u0146\u0161 ar\u012b sabiedroto sp\u0113ku komandieriem un karav\u012briem pateic\u0101s par kl\u0101tb\u016btni kop\u012bgi stiprinot Latvijas un visas NATO alianses dro\u0161\u012bbu. Pateic\u012bba tika pausta ar\u012b gl\u0101b\u0113jiem, robe\u017esargiem, policistiem un medi\u0137iem.<\/p>\n<p class=\"x_MsoNormal\">Par\u0101di komand\u0113ja M\u0101c\u012bbu vad\u012bbas pav\u0113lniec\u012bbas komandieris, Latvijas Nacion\u0101l\u0101s aizsardz\u012bbas akad\u0113mijas rektors pulkvedis M\u0101ris Utin\u0101ns, bet to pie\u0146\u0113ma Nacion\u0101lo bru\u0146oto sp\u0113ku augst\u0101kais vadonis, Valsts prezidents Edgars Rink\u0113vi\u010ds, aizsardz\u012bbas ministrs Andris Spr\u016bds (P) un Nacion\u0101lo bru\u0146oto sp\u0113ku komandieris \u0123ener\u0101lmajors Kaspars Pud\u0101ns.<\/p>\n<p>Nacion\u0101los bru\u0146otos sp\u0113kus par\u0101d\u0113 p\u0101rst\u0101v\u0113ja Latvijas Nacion\u0101l\u0101 aizsardz\u012bbas akad\u0113mija, \u0160t\u0101ba bataljons, J\u016bras sp\u0113ki, Gaisa sp\u0113ki, Nodro\u0161in\u0101juma pav\u0113lniec\u012bba, Zemessardzes 1. R\u012bgas, 2. Vidzemes, 3. Latgales un 4. Kurzemes brig\u0101de, k\u0101 ar\u012b Sauszemes sp\u0113ku Mehaniz\u0113t\u0101 k\u0101jnieku brig\u0101de. Valsts aizsardz\u012bbas dienesta karav\u012bri so\u013coja savu vien\u012bbu ierind\u0101s, simboliz\u0113jot jauno paaudzi Latvijas aizsardz\u012bb\u0101.<\/p>\n<p class=\"x_MsoNormal\">Par\u0101d\u0113 p\u0113c Latvijas karoga vada so\u013coja sabiedroto valstu karogu grupas \u2013 Alb\u0101nijas, Kan\u0101das, \u010cehijas, D\u0101nijas, Igaunijas, Islandes, It\u0101lijas, Lietuvas, Melnkalnes, Zieme\u013cma\u0137edonijas, Polijas, Slov\u0101kijas, Slov\u0113nijas, Sp\u0101nijas un Ukrainas karogi, apliecinot sabiedroto vienot\u012bbu un atbalstu Latvijai.<\/p>\n<p class=\"x_MsoNormal\">T\u0101pat par\u0101d\u0113 piedal\u012bj\u0101s NATO Sp\u0113ku integr\u0101cijas vien\u012bbas Latvij\u0101, Baltijas Aizsardz\u012bbas koled\u017eas, Lietuvas un Igaunijas karogu grupas, k\u0101 ar\u012b NATO 1. past\u0101v\u012bg\u0101s j\u016bras pretm\u012bnu grupas (SNMCMG1) karoga grupa, kuras komandvad\u012bbu \u0161ogad p\u0101r\u0146\u0113ma Latvijas J\u016bras sp\u0113ki ar flagmani A-53 &#8220;Virsaitis&#8221;.<\/p>\n<p class=\"x_MsoNormal\">Pirmo reizi par\u0101d\u0113 piedal\u012bj\u0101s Tieslietu ministrijas Ieslodz\u012bjuma vietu p\u0101rvaldes karoga grupa, apliecinot iesaisti visaptvero\u0161\u0101 valsts aizsardz\u012bb\u0101.<\/p>\n<p class=\"x_MsoNormal\">Par\u0101d\u0113 piedal\u012bj\u0101s ar\u012b Valsts policijas, Valsts robe\u017esardzes, Valsts ugunsdz\u0113s\u012bbas un gl\u0101b\u0161anas dienesta vien\u012bbas, k\u0101 ar\u012b  Neatliekam\u0101s medic\u012bnisk\u0101s pal\u012bdz\u012bbas dienesta vien\u012bba \u2013 ar\u012b t\u0101 pirmo reizi 18. novembr\u012b so\u013coja kop\u0101 ar p\u0101r\u0113jiem dienestiem.<\/p>\n<p class=\"x_MsoNormal\">Par\u0101d\u0113 bija redzami ar\u012b pulkve\u017ea Oskara Kalpaka profesion\u0101l\u0101s vidusskolas un Jaunsardzes centra vien\u012bbas.<\/p>\n<p class=\"x_MsoNormal\">Sabiedroto bru\u0146otos sp\u0113kus par\u0101d\u0113 p\u0101rst\u0101v\u0113ja NATO daudznacion\u0101l\u0101s div\u012bzijas &#8220;Zieme\u013ci&#8221; sast\u0101v\u0101 eso\u0161\u0101 Kan\u0101das vad\u012bt\u0101 NATO daudznacion\u0101l\u0101 brig\u0101de Latvij\u0101, bet muzik\u0101lo noform\u0113jumu par\u0101d\u0113 nodro\u0161in\u0101ja Nacion\u0101lo bru\u0146oto sp\u0113ku \u0160t\u0101ba or\u0137estris, J\u016bras sp\u0113ku or\u0137estris un Zemessardzes or\u0137estris.<\/p>\n<p class=\"x_MsoNormal\">Par\u0101des k\u0101jnieku vien\u012bbas milit\u0101ro or\u0137estru pavad\u012bb\u0101 g\u0101jienu turpin\u0101ja pa Ka\u013c\u0137u ielu, Br\u012bv\u012bbas ielu, Bru\u0146inieku ielu l\u012bdz Skanstes ielai.<\/p>\n<p>Par\u0101d\u0113 bija skat\u0101ma pla\u0161a Latvijas un sabiedroto bru\u0146oto sp\u0113ku milit\u0101r\u0101 tehnika, demonstr\u0113jot valsts aizsardz\u012bbas sp\u0113jas, moderniz\u0101ciju un sabiedroto kl\u0101tb\u016btni Latvij\u0101. Tehnikas kolonnas priek\u0161gal\u0101 bija d\u0101\u0146u bru\u0146utransportieris &#8220;Piranha,&#8221; kur\u0101 atrad\u0101s NATO daudznacion\u0101l\u0101s div\u012bzijas &#8220;Zieme\u013ci&#8221; komandiere \u0123ener\u0101lmajore Jete Albinusa.<\/p>\n<p>Par\u0101des skat\u012bt\u0101ji var\u0113ja apl\u016bkot Sauszemes sp\u0113ku Mehaniz\u0113t\u0101s k\u0101jnieku brig\u0101des bru\u0146utransportierus &#8220;Patria&#8221; 6&#215;6, kaujas izl\u016bko\u0161anas k\u0101pur\u0137\u0113\u017eu bru\u0146uma\u0161\u012bnas &#8220;Scimitar&#8221; (&#8220;Zobens&#8221;), &#8220;Spartan&#8221; (&#8220;P\u0113rkons&#8221;), &#8220;Samson&#8221; (&#8220;Vairogs&#8221;) un &#8220;Samaritan&#8221; (&#8220;Gl\u0101b\u0113js&#8221;), k\u0101 ar\u012b pa\u0161g\u0101j\u0113jhaubices &#8220;M109&#8221;, kas nodro\u0161ina prec\u012bzu uguns atbalstu kaujas oper\u0101cij\u0101s.<\/p>\n<p>Par\u0101d\u0113 bija redzami ar\u012b transporta un kaujas nodro\u0161in\u0101juma transportl\u012bdzek\u013ci, bezpilota lidapar\u0101ti un t\u0101l\u0101s darb\u012bbas prettanku iero\u010du sist\u0113mas.<\/p>\n<p>Sabiedroto kl\u0101tb\u016btni demonstr\u0113ja NATO daudznacion\u0101l\u0101s brig\u0101des Latvij\u0101  vien\u012bbu bru\u0146utehnika \u2013 It\u0101lijas &#8220;Ariete&#8221; un &#8220;Centauro&#8221; tanki, Sp\u0101nijas &#8220;Leopard&#8221; un &#8220;Pizarro&#8221; kaujas ma\u0161\u012bnas, Polijas &#8220;Leopard&#8221; tanki, k\u0101 ar\u012b D\u0101nijas &#8220;CV90&#8221; un &#8220;Leopard 2A7&#8221;.<\/p>\n<p>Par\u0101d\u0113 bija p\u0101rst\u0101v\u0113ti ar\u012b Kan\u0101das &#8220;LAV 6.0&#8221;, Slov\u0113nijas &#8220;IVECO&#8221;, Alb\u0101nijas &#8220;Lince&#8221; un Slov\u0101kijas &#8220;Aligator&#8221; milit\u0101r\u0101 tehnika.<\/p>\n<p>Par\u0101di papildin\u0101ja Latvijas un sabiedroto gaisa sp\u0113ku p\u0101rlidojums. Virs 11. novembra krastmalas var\u0113ja v\u0113rot Latvijas Gaisa sp\u0113ku UH-60 &#8220;Black Hawk&#8221; helikopteri, Valsts robe\u017esardzes &#8220;Agusta AW109&#8221; un &#8220;AW119&#8221; helikopteri, k\u0101 ar\u012b ASV un Kan\u0101das bru\u0146oto sp\u0113ku &#8220;CH-146 Griffon&#8221; helikopteri.<\/p>\n<p class=\"western\">P\u0101rlidojum\u0101 piedal\u012bj\u0101s ar\u012b nacion\u0101l\u0101s lidsabiedr\u012bbas &#8220;airBaltic&#8221; Airbus A220-300 lidma\u0161\u012bna ar \u012bpa\u0161o Latvijas karoga kr\u0101sojumu, kas simboliz\u0113 valsts neatkar\u012bbu un lepnumu. Gaisa par\u0101di turpin\u0101ja Be\u013c\u0123ijas gaisa sp\u0113ku izn\u012bcin\u0101t\u0101ji &#8220;F-16 Fighting Falcon&#8221;, k\u0101 ar\u012b NATO Baltijas gaisa telpas patrul\u0113\u0161anas misijas lidapar\u0101ti \u2013 &#8220;Gripen&#8221; no Ung\u0101rijas un &#8220;Eurofighter Typhoon&#8221; no Sp\u0101nijas.<\/p>\n<p>Valsts policija par\u0101d\u0113 piedal\u012bj\u0101s ar motocikliem BMW R1250 un operat\u012bvajiem transportl\u012bdzek\u013ciem &#8220;\u0160koda Superb&#8221;, kas apr\u012bkoti ar 360\u00b0 kamer\u0101m, autom\u0101tisko numurz\u012bmju atpaz\u012b\u0161anas sist\u0113mu un \u0101truma kontroles ier\u012bc\u0113m. Valsts robe\u017esardze demonstr\u0113ja apvidus automa\u0161\u012bnas &#8220;Toyota Hilux&#8221;, &#8220;Renault Trafic&#8221; operat\u012bvos transportl\u012bdzek\u013cus, k\u0101 ar\u012b kvadriciklus &#8220;Polaris Ranger XP 1000&#8221; un &#8220;Polaris MV850&#8221;, kas nodro\u0161ina mobilit\u0101ti pierobe\u017e\u0101.<\/p>\n<p>Savuk\u0101rt R\u012bgas pa\u0161vald\u012bbas policija \u0161ogad pirmo reizi piedal\u012bj\u0101s ar savu tehniku \u2013 operat\u012bvajiem transportl\u012bdzek\u013ciem un specializ\u0113to tehniku, tostarp &#8220;CFMoto CForce 1000&#8221; kvadricikliem, operat\u012bvaj\u0101m automa\u0161\u012bn\u0101m &#8220;\u0160koda Kodiaq&#8221;, &#8220;Toyota RAV4&#8221;, k\u0101 ar\u012b &#8220;Toyota Hilux&#8221; pikapiem. Par\u0101des kolonn\u0101 bija ar\u012b \u016bdensdro\u0161\u012bbas apr\u012bkojums \u2014 gl\u0101b\u0161anas laivas &#8220;SEA-DOO Fish Pro 170&#8221; un &#8220;Grand G580&#8221;, kas tiek izmantotas patrul\u0113\u0161anai un gl\u0101b\u0161anas oper\u0101cij\u0101m pils\u0113tas \u016bdenstilp\u0113s.<\/p>\n<p>Valsts ugunsdz\u0113s\u012bbas un gl\u0101b\u0161anas dienests par\u0101d\u0113 piedal\u012bj\u0101s ar paaugstin\u0101tas caurg\u0101jam\u012bbas &#8220;Toyota Hilux&#8221; operat\u012bvajiem automobi\u013ciem, &#8220;Scania&#8221; autocistern\u0101m, kvadriciklu, k\u0101 ar\u012b gl\u0101b\u0161anas laiv\u0101m, savuk\u0101rt Neatliekam\u0101s medic\u012bnisk\u0101s pal\u012bdz\u012bbas dienests piedal\u012bj\u0101s ar &#8220;Volkswagen Transporter&#8221; un &#8220;Volkswagen Crafter&#8221; neatliekam\u0101s pal\u012bdz\u012bbas automobi\u013ciem.<\/p>\n<p class=\"x_MsoNormal\">Par\u0101des k\u0101jnieku vien\u012bbas milit\u0101ro or\u0137estru pavad\u012bb\u0101 turpin\u0101ja g\u0101jienu pa Ka\u013c\u0137u ielu, Br\u012bv\u012bbas ielu, Bru\u0146inieku ielu l\u012bdz Skanstes ielai. <\/p>\n<p class=\"x_MsoNormal\">21 n\u0101ciju zalvi par godu valsts neatkar\u012bbas proklam\u0113\u0161anas gadadienai no AB dambja veiks Zemessardzes 17. kaujas atbalsta bataljons.<\/p>\n<p>Jau zi\u0146ots, ka 18. novembr\u012b R\u012bg\u0101 un citviet Latvij\u0101 notiek Latvijas Republikas proklam\u0113\u0161anas dienai velt\u012bti pas\u0101kumi.<\/p>\n<p class=\"m-0\">Seko &#8220;Delfi&#8221; ar\u012b  <a target=\"_blank\" href=\"https:\/\/www.instagram.com\/delfi.lv\/\" rel=\"nofollow noopener\">Instagram<\/a>  un <a target=\"_blank\" href=\"https:\/\/www.youtube.com\/channel\/UCw5foWtcJvAbUm64rv7jwUQ\" rel=\"nofollow noopener\">YouTube<\/a>  profil\u0101 \u2013 pievienojies, lai uzzin\u0101tu svar\u012bg\u0101ko un interesant\u0101ko pirmais!<\/p>\n<p>Publik\u0101cijas saturs vai t\u0101s jebk\u0101da apjoma da\u013ca ir aizsarg\u0101ts autorties\u012bbu objekts Autorties\u012bbu likuma izpratn\u0113, un t\u0101 izmanto\u0161ana bez izdev\u0113ja at\u013caujas ir aizliegta. Vair\u0101k lasi  <a target=\"_blank\" href=\"https:\/\/www.delfi.lv\/noteikumi#autortiesibas\" rel=\"nofollow noopener\">\u0161eit<\/a><script async src=\"\/\/www.instagram.com\/embed.js\"><\/script><\/p>\n","protected":false},"excerpt":{"rendered":"Otrdien, 18. novembr\u012b, R\u012bg\u0101, 11. novembra krastmal\u0101, Latvijas Republikas proklam\u0113\u0161anas 107. gadadienai velt\u012bt\u0101 milit\u0101r\u0101 par\u0101d\u0113 dev\u0101s Nacion\u0101lo bru\u0146oto&hellip;\n","protected":false},"author":2,"featured_media":52769,"comment_status":"","ping_status":"","sticky":false,"template":"","format":"standard","meta":{"footnotes":""},"categories":[14],"tags":[12296,23,574,57,28,29,816,32,33,22,2827,30,31,35,39,38,36,37,34,40,20,26,27,24,25,9191,54,55,56,21,58],"class_list":{"0":"post-52768","1":"post","2":"type-post","3":"status-publish","4":"format-standard","5":"has-post-thumbnail","7":"category-zinas-no-arvalstim","8":"tag-18-novembris","9":"tag-aktualitates","10":"tag-andris-spruds","11":"tag-arvalstim","12":"tag-breaking-news","13":"tag-breakingnews","14":"tag-edgars-rinkevics","15":"tag-featured-news","16":"tag-featurednews","17":"tag-headlines","18":"tag-kaspars-pudans","19":"tag-latest-news","20":"tag-latestnews","21":"tag-latvia","22":"tag-latvian","23":"tag-latviesu","24":"tag-latviesu-valoda","25":"tag-latviesuvaloda","26":"tag-latvija","27":"tag-lv","28":"tag-news","29":"tag-popularakas-zinas","30":"tag-popularakaszinas","31":"tag-top-stories","32":"tag-topstories","33":"tag-valsts-prezidents","34":"tag-world","35":"tag-world-news","36":"tag-worldnews","37":"tag-zinas","38":"tag-zinas-no-arvalstim"},"share_on_mastodon":{"url":"https:\/\/pubeurope.com\/@lv\/115571310132144333","error":""},"_links":{"self":[{"href":"https:\/\/www.europesays.com\/lv\/wp-json\/wp\/v2\/posts\/52768","targetHints":{"allow":["GET"]}}],"collection":[{"href":"https:\/\/www.europesays.com\/lv\/wp-json\/wp\/v2\/posts"}],"about":[{"href":"https:\/\/www.europesays.com\/lv\/wp-json\/wp\/v2\/types\/post"}],"author":[{"embeddable":true,"href":"https:\/\/www.europesays.com\/lv\/wp-json\/wp\/v2\/users\/2"}],"replies":[{"embeddable":true,"href":"https:\/\/www.europesays.com\/lv\/wp-json\/wp\/v2\/comments?post=52768"}],"version-history":[{"count":0,"href":"https:\/\/www.europesays.com\/lv\/wp-json\/wp\/v2\/posts\/52768\/revisions"}],"wp:featuredmedia":[{"embeddable":true,"href":"https:\/\/www.europesays.com\/lv\/wp-json\/wp\/v2\/media\/52769"}],"wp:attachment":[{"href":"https:\/\/www.europesays.com\/lv\/wp-json\/wp\/v2\/media?parent=52768"}],"wp:term":[{"taxonomy":"category","embeddable":true,"href":"https:\/\/www.europesays.com\/lv\/wp-json\/wp\/v2\/categories?post=52768"},{"taxonomy":"post_tag","embeddable":true,"href":"https:\/\/www.europesays.com\/lv\/wp-json\/wp\/v2\/tags?post=52768"}],"curies":[{"name":"wp","href":"https:\/\/api.w.org\/{rel}","templated":true}]}}