{"id":52774,"date":"2025-11-18T15:08:10","date_gmt":"2025-11-18T15:08:10","guid":{"rendered":"https:\/\/www.europesays.com\/lv\/52774\/"},"modified":"2025-11-18T15:08:10","modified_gmt":"2025-11-18T15:08:10","slug":"video-%e2%9f%a9-omskas-apgabala-spradzis-gazes-vads","status":"publish","type":"post","link":"https:\/\/www.europesays.com\/lv\/52774\/","title":{"rendered":"VIDEO \u27e9 Omskas apgabal\u0101 spr\u0101dzis g\u0101zes vads"},"content":{"rendered":"<p>Spr\u0101dziens pie Rostovkas, net\u0101lu no Omskas, noticis g\u0101zes nopl\u016bdes d\u0113\u013c, nor\u0101d\u012bja gubernators. Cietu\u0161o nav.<\/p>\n<p>K\u0101 liecina s\u0101kotn\u0113j\u0101 inform\u0101cija, spr\u0101dziens noticis remontdarbu laik\u0101.<\/p>\n<p>Spr\u0101dziens un tam sekojo\u0161ais ugunsgr\u0113ks fiks\u0113ti aculiecinieku video.<\/p>\n<p>Liesmu stabs virs spr\u0101dziena vietas pace\u013cas vair\u0101ku desmitu metru augstum\u0101, redzams video, kas public\u0113ti soci\u0101lajos t\u012bklos.<\/p>\n","protected":false},"excerpt":{"rendered":"Spr\u0101dziens pie Rostovkas, net\u0101lu no Omskas, noticis g\u0101zes nopl\u016bdes d\u0113\u013c, nor\u0101d\u012bja gubernators. Cietu\u0161o nav. K\u0101 liecina s\u0101kotn\u0113j\u0101 inform\u0101cija,&hellip;\n","protected":false},"author":2,"featured_media":52775,"comment_status":"","ping_status":"","sticky":false,"template":"","format":"standard","meta":{"footnotes":""},"categories":[14],"tags":[23,57,28,29,32,33,22,234,74,30,31,35,39,38,36,37,34,40,20,26,27,24,25,276,54,55,56,21,58],"class_list":{"0":"post-52774","1":"post","2":"type-post","3":"status-publish","4":"format-standard","5":"has-post-thumbnail","7":"category-zinas-no-arvalstim","8":"tag-aktualitates","9":"tag-arvalstim","10":"tag-breaking-news","11":"tag-breakingnews","12":"tag-featured-news","13":"tag-featurednews","14":"tag-headlines","15":"tag-krievija","16":"tag-krievijas-iebrukums-ukraina","17":"tag-latest-news","18":"tag-latestnews","19":"tag-latvia","20":"tag-latvian","21":"tag-latviesu","22":"tag-latviesu-valoda","23":"tag-latviesuvaloda","24":"tag-latvija","25":"tag-lv","26":"tag-news","27":"tag-popularakas-zinas","28":"tag-popularakaszinas","29":"tag-top-stories","30":"tag-topstories","31":"tag-ukraina","32":"tag-world","33":"tag-world-news","34":"tag-worldnews","35":"tag-zinas","36":"tag-zinas-no-arvalstim"},"share_on_mastodon":{"url":"https:\/\/pubeurope.com\/@lv\/115571333859770975","error":""},"_links":{"self":[{"href":"https:\/\/www.europesays.com\/lv\/wp-json\/wp\/v2\/posts\/52774","targetHints":{"allow":["GET"]}}],"collection":[{"href":"https:\/\/www.europesays.com\/lv\/wp-json\/wp\/v2\/posts"}],"about":[{"href":"https:\/\/www.europesays.com\/lv\/wp-json\/wp\/v2\/types\/post"}],"author":[{"embeddable":true,"href":"https:\/\/www.europesays.com\/lv\/wp-json\/wp\/v2\/users\/2"}],"replies":[{"embeddable":true,"href":"https:\/\/www.europesays.com\/lv\/wp-json\/wp\/v2\/comments?post=52774"}],"version-history":[{"count":0,"href":"https:\/\/www.europesays.com\/lv\/wp-json\/wp\/v2\/posts\/52774\/revisions"}],"wp:featuredmedia":[{"embeddable":true,"href":"https:\/\/www.europesays.com\/lv\/wp-json\/wp\/v2\/media\/52775"}],"wp:attachment":[{"href":"https:\/\/www.europesays.com\/lv\/wp-json\/wp\/v2\/media?parent=52774"}],"wp:term":[{"taxonomy":"category","embeddable":true,"href":"https:\/\/www.europesays.com\/lv\/wp-json\/wp\/v2\/categories?post=52774"},{"taxonomy":"post_tag","embeddable":true,"href":"https:\/\/www.europesays.com\/lv\/wp-json\/wp\/v2\/tags?post=52774"}],"curies":[{"name":"wp","href":"https:\/\/api.w.org\/{rel}","templated":true}]}}