{"id":5278,"date":"2025-09-26T05:43:08","date_gmt":"2025-09-26T05:43:08","guid":{"rendered":"https:\/\/www.europesays.com\/lv\/5278\/"},"modified":"2025-09-26T05:43:08","modified_gmt":"2025-09-26T05:43:08","slug":"katra-sasteigta-darbiba-negativi-ietekme-rezultatu","status":"publish","type":"post","link":"https:\/\/www.europesays.com\/lv\/5278\/","title":{"rendered":"Katra sasteigta darb\u012bba negat\u012bvi ietekm\u0113 rezult\u0101tu"},"content":{"rendered":"<p>Atz\u012bm\u0113jot re\u017eisores septi\u0146desmito dzim\u0161anas dienu, Latvijas Kinematogr\u0101fistu savien\u012bba 4. oktobr\u012b Latvijas Kult\u016bras akad\u0113mijas kamerz\u0101l\u0113 r\u012bko Brigitas Egl\u012btes rado\u0161\u0101 darba vakaru. Vakara gait\u0101 tiks demonstr\u0113ts re\u017eisores darbs \u201cLatvija un latvie\u0161i\u201d (90 min.), kas tapis, izmantojot autores dokument\u0101lo, sp\u0113lfilmu un kino\u017eurn\u0101lu fragmentus. Taj\u0101 iek\u013cauti fragmenti no film\u0101m \u201cLietas\u201d, \u201cDzim\u0161anas diena\u201d, \u201cSest\u0101 diena\u201d, \u201cDubultportrets\u201d, \u201cRecid\u012bvisti\u201d, \u201cVien\u012bg\u0101 fotogr\u0101fija\u201d un cit\u0101m.<\/p>\n<p>Re\u017eisores filmas sa\u0146\u0113mu\u0161as augstus apbalvojumus un nomin\u0101cijas gan Latvij\u0101, gan \u0101rpus t\u0101s. Dokument\u0101l\u0101 filma \u201cLietas\u201d filmu festiv\u0101l\u0101 It\u0101lij\u0101 ieguvusi galveno balvu k\u0101 lab\u0101k\u0101 dokument\u0101l\u0101 filma, kino\u017eurn\u0101ls \u201cPadomju Latvija\u201d par medic\u012bnu Latvij\u0101 sa\u0146\u0113mis Liel\u0101 Kristapa meda\u013cu par re\u017eiju, dokument\u0101l\u0101 filma \u201cSest\u0101 diena\u201d bija izvirz\u012bta piec\u0101m nomin\u0101cij\u0101m filmu festiv\u0101l\u0101 \u201cLielais Kristaps\u201d, no kur\u0101m balva pie\u0161\u0137irta operatoram. Re\u017eisores rado\u0161aj\u0101 biogr\u0101fij\u0101 ir ar\u012b sp\u0113lfilma \u201cVien\u012bg\u0101 fotogr\u0101fija\u201d \u2013 aizraujo\u0161s st\u0101sts par daudziem zin\u0101mo Vi\u013ca R\u012bdzenieka uz\u0146emto fotogr\u0101fiju, kur\u0101 iem\u016b\u017ein\u0101ta Latvijas valsts proklam\u0113\u0161ana 1918. gada 18. novembr\u012b.<\/p>\n<p>Kino veido\u0161anas pieredze Brigitai Egl\u012btei devusi drosmi un iedvesmu \u012bstenot ideju par kinooperatora Mika Zvirbu\u013ca aizraujo\u0161\u0101 dz\u012bvesg\u0101juma atmi\u0146u pierakst\u012b\u0161anu, izdodot gr\u0101matu \u201cMiks Zvirbulis. Esmu mier\u012bgs k\u0101 piel\u0101d\u0113ts lielgabals\u201d.<\/p>\n<p>Kas ir ekstr\u0113m\u0101kais, ko dz\u012bv\u0113 esat dar\u012bjusi?<br \/>Esmu dzimusi Svaru zvaign\u0101j\u0101, t\u0101p\u0113c dz\u012bv\u0113 vienm\u0113r cen\u0161os ietur\u0113t zin\u0101mu l\u012bdzsvarot\u012bbu, izvairoties no ekstr\u0113m\u0101m situ\u0101cij\u0101m. P\u0101rbaud\u012bjums iztur\u012bbai, kurai \u013c\u0101vos, bija p\u0101rg\u0101jiens Marok\u0101, \u0161\u0137\u0113rsojot Atlasa kalnus k\u0101j\u0101m un braucot ar d\u012bvaino publisko transportu.<\/p>\n<p>Viens no aizkustino\u0161\u0101kajiem br\u012b\u017eiem dz\u012bv\u0113? <br \/>Nobeiguma epizodes film\u0113\u0161ana manai filmai \u201cVien\u012bg\u0101 fotogr\u0101fija\u201d, kur atainota Latvijas valsts proklam\u0113\u0161ana 1918. gada 18. novembr\u012b.<\/p>\n<p>Kas j\u016bs iedvesmo darbam? <br \/>Vasar\u0101s dz\u012bvojot pie j\u016bras, t\u0101 noteikti ir daba, j\u016bra, garas pastaigas un pu\u0137es man\u0101 d\u0101rz\u0101, ko v\u012brs da\u017ek\u0101rt paman\u0101s nop\u013caut.<\/p>\n<p>J\u016bsu vesel\u012bgie ieradumi?<br \/>Vesel\u012bgie ieradumi ir k\u0101 j\u016bras vi\u013c\u0146i, man tie n\u0101k un iet&#8230; Bija laiks, kad centos no r\u012btiem vingrot, \u2013 tas beidz\u0101s. Tad bija periods ar peld\u0113\u0161anu v\u0113l\u0101 ruden\u012b \u2013 tas ar\u012b pagaisa&#8230; Tagad vingroju \u016bden\u012b.<\/p>\n<p>J\u016bsu kait\u012bgie ieradumi? <br \/>Nevesel\u012bgs ieradums, no k\u0101 gribu atbr\u012bvoties, \u2013 pirms aizmig\u0161anas \u201cglaud\u012bt\u201d telefonu, lai komunic\u0113tu soci\u0101lajos t\u012bklos.<\/p>\n<p>V\u0113rt\u012bg\u0101k\u0101 atzi\u0146a, ko dz\u012bves laik\u0101 esat guvusi?<br \/>Neko nesasteigt. Katra sasteigta darb\u012bba negat\u012bvi ietekm\u0113 rezult\u0101tu.<\/p>\n<p>Gr\u0101mata vai filma, ko ieteiktu citiem? \u00a0<br \/>Dai\u013cliterat\u016bras cien\u012bt\u0101jiem ieteiktu gr\u0101matu, ko pati esmu uzrakst\u012bjusi, \u2013 \u201cMiks Zvirbulis. Esmu mier\u012bgs k\u0101 piel\u0101d\u0113ts lielgabals\u201d.<\/p>\n<p>K\u0101du m\u016bziku klaus\u0101ties? <br \/>Katr\u0101 dz\u012bves situ\u0101cij\u0101 klausos at\u0161\u0137ir\u012bgu m\u016bziku. Str\u0101d\u0101jot fon\u0101 skan klasisk\u0101 m\u016bzika, relaks\u0113joties priec\u0101jos un dziedu l\u012bdzi \u0161l\u0101germ\u016bzikai un kantri.<\/p>\n<p>J\u016bsu spont\u0101n\u0101kais nepraktiskais pirkums?<br \/>Ieraugot skaistas kurpes veikal\u0101, \u013coti cen\u0161os sevi bremz\u0113t, lai nenopirktu. Diem\u017e\u0113l gad\u0101s, ka k\u0101ja pasl\u012bd, skaisto apavu p\u0101ri nop\u0113rku&#8230; un ne reizi neuzvelku.<\/p>\n<p>Vieta un laiks, kur\u0101 grib\u0113tu dz\u012bvot? <br \/>Nesen satikos ar saviem skolas biedriem, ar kuriem kop\u0101 pirms piecdesmit viena gada beidz\u0101m Valmieras Viestura vidusskolu, un v\u0113lreiz p\u0101rliecin\u0101jos par to, ka nav lab\u0101kas vietas pasaul\u0113 par Latviju, par vietu, kur ir tavas saknes, dzimt\u0101 m\u0101ja, skola. Diez vai kaut kur citur pasaul\u0113 sastaptu cilv\u0113kus, ar kuriem mani saista jaun\u012bbas trakums, prieki, b\u0113das, cilv\u0113kus, kuri sp\u0113j emocion\u0101li bag\u0101tin\u0101t un kuriem ar\u012b es varu b\u016bt vajadz\u012bga. Joproj\u0101m gribu dz\u012bvot tikai Latvij\u0101.<\/p>\n","protected":false},"excerpt":{"rendered":"Atz\u012bm\u0113jot re\u017eisores septi\u0146desmito dzim\u0161anas dienu, Latvijas Kinematogr\u0101fistu savien\u012bba 4. oktobr\u012b Latvijas Kult\u016bras akad\u0113mijas kamerz\u0101l\u0113 r\u012bko Brigitas Egl\u012btes rado\u0161\u0101&hellip;\n","protected":false},"author":2,"featured_media":5279,"comment_status":"","ping_status":"","sticky":false,"template":"","format":"standard","meta":{"footnotes":""},"categories":[19],"tags":[47,89,90,381,64,35,39,38,36,37,34,40,385,172,382,384,383,21],"class_list":{"0":"post-5278","1":"post","2":"type-post","3":"status-publish","4":"format-standard","5":"has-post-thumbnail","7":"category-izklaide","8":"tag-ekonomika","9":"tag-entertainment","10":"tag-izklaide","11":"tag-jaunumi","12":"tag-kultura","13":"tag-latvia","14":"tag-latvian","15":"tag-latviesu","16":"tag-latviesu-valoda","17":"tag-latviesuvaloda","18":"tag-latvija","19":"tag-lv","20":"tag-pieriga","21":"tag-riga","22":"tag-sabiedriba","23":"tag-sludinajumi","24":"tag-sports-afisa","25":"tag-zinas"},"share_on_mastodon":{"url":"","error":""},"_links":{"self":[{"href":"https:\/\/www.europesays.com\/lv\/wp-json\/wp\/v2\/posts\/5278","targetHints":{"allow":["GET"]}}],"collection":[{"href":"https:\/\/www.europesays.com\/lv\/wp-json\/wp\/v2\/posts"}],"about":[{"href":"https:\/\/www.europesays.com\/lv\/wp-json\/wp\/v2\/types\/post"}],"author":[{"embeddable":true,"href":"https:\/\/www.europesays.com\/lv\/wp-json\/wp\/v2\/users\/2"}],"replies":[{"embeddable":true,"href":"https:\/\/www.europesays.com\/lv\/wp-json\/wp\/v2\/comments?post=5278"}],"version-history":[{"count":0,"href":"https:\/\/www.europesays.com\/lv\/wp-json\/wp\/v2\/posts\/5278\/revisions"}],"wp:featuredmedia":[{"embeddable":true,"href":"https:\/\/www.europesays.com\/lv\/wp-json\/wp\/v2\/media\/5279"}],"wp:attachment":[{"href":"https:\/\/www.europesays.com\/lv\/wp-json\/wp\/v2\/media?parent=5278"}],"wp:term":[{"taxonomy":"category","embeddable":true,"href":"https:\/\/www.europesays.com\/lv\/wp-json\/wp\/v2\/categories?post=5278"},{"taxonomy":"post_tag","embeddable":true,"href":"https:\/\/www.europesays.com\/lv\/wp-json\/wp\/v2\/tags?post=5278"}],"curies":[{"name":"wp","href":"https:\/\/api.w.org\/{rel}","templated":true}]}}