{"id":52797,"date":"2025-11-18T15:23:23","date_gmt":"2025-11-18T15:23:23","guid":{"rendered":"https:\/\/www.europesays.com\/lv\/52797\/"},"modified":"2025-11-18T15:23:23","modified_gmt":"2025-11-18T15:23:23","slug":"rezisora-karla-lesina-filma-pretstraume-ienirst-baltijas-juras-un-gimenes-attiecibu-dzelme-lente-lv","status":"publish","type":"post","link":"https:\/\/www.europesays.com\/lv\/52797\/","title":{"rendered":"Re\u017eisora K\u0101r\u013ca Lesi\u0146a filma &#8220;Pretstraume&#8221; ienirst Baltijas j\u016bras un \u0123imenes attiec\u012bbu dzelm\u0113\u00a0\u2014\u00a0Lente.lv"},"content":{"rendered":"<p>Filmas &#8220;Pretstraume&#8221; dzi\u013cumi: Baltijas j\u016bra un \u0123imenes attiec\u012bbas<\/p>\n<p>Jaun\u0101 re\u017eisora K\u0101r\u013ca Lesi\u0146a dokument\u0101l\u0101 \u012bsfilma &#8220;Pretstraume&#8221; aicina skat\u012bt\u0101jus uz neparastu ce\u013cojumu, kur\u0101 vienlaikus tiek izzin\u0101tas gan Baltijas j\u016bras ekolo\u0123isk\u0101s un v\u0113sturisk\u0101s dzi\u013cumu, gan ar\u012b \u0160ende\u013cevu \u0123imenes iek\u0161\u0113j\u0101s pasaules nosl\u0113pumi.<\/p>\n<p>Baltijas j\u016bras tra\u0123isk\u0101 realit\u0101te<\/p>\n<p>Filma uzsver Baltijas j\u016bras k\u0101 vienas no pies\u0101r\u0146ot\u0101kaj\u0101m j\u016br\u0101m pasaul\u0113 dramatisko st\u0101vokli. Ilgsto\u0161ais pies\u0101r\u0146ojums, ko veicina gan lauksaimniec\u012bba, gan r\u016bpniec\u012bba, ir rad\u012bjis t\u0101 saukt\u0101s &#8220;miru\u0161\u0101s zonas&#8221;, kur\u0101s dz\u012bv\u012bba ir izn\u012bkusi. Vair\u0101kus gadu desmitus ilgu\u0161ais pies\u0101r\u0146ojums ir novedis pie t\u0101, ka \u016bdens apmai\u0146a j\u016br\u0101 notiek \u013coti l\u0113ni, radot posto\u0161as sekas ekosist\u0113mai. J\u016bras diben\u0101 gu\u013c ne tikai nogrimu\u0161i ku\u0123i un lidma\u0161\u012bnas, bet ar\u012b t\u016bksto\u0161iem zvejas t\u012bklu, kas turpina savu posto\u0161o darb\u012bbu \u2013 tie ir &#8220;spoku t\u012bkli&#8221;, kas apdraud j\u016bras iem\u012btniekus. \u0160ende\u013cevu \u0123imene sav\u0101 darb\u0101 cen\u0161as \u0161os b\u012bstamos atkritumus izcelt, t\u0101d\u0113j\u0101di sniedzot cer\u012bbu uz j\u016bras atvese\u013co\u0161anos.<\/p>\n<p>\u0122imenes attiec\u012bbu spogu\u013ci<\/p>\n<p>Filmas &#8220;Pretstraume&#8221; emocion\u0101lais kodols sl\u0113pjas ar\u012b \u0160ende\u013cevu \u0123imenes dinamik\u0101. Re\u017eisors atkl\u0101j, ka filmas tap\u0161anas proces\u0101 tika nov\u0113rota spriedze \u0123imenes locek\u013cu starp\u0101, ko veicina at\u0161\u0137ir\u012bgais paaud\u017eu skat\u012bjums uz dz\u012bvi. \u0160\u012b spriedze, kas ir paz\u012bstama daudziem, k\u013c\u016bst par spoguli, kur\u0101 skat\u012bt\u0101ji var saskat\u012bt savas \u0123imenes attiec\u012bbas un taj\u0101s m\u012bto\u0161\u0101s v\u0113lmes. Filma liek aizdom\u0101ties par to, k\u0101 m\u016bsu person\u012bg\u0101s izv\u0113les un \u0123imenes v\u0113rt\u012bbas ietekm\u0113 apk\u0101rt\u0113jo pasauli un m\u016bsu pa\u0161u dz\u012bvi.<\/p>\n<p>Neredzamais un nezin\u0101mais<\/p>\n<p>Re\u017eisors K\u0101rlis Lesi\u0146\u0161 uzsver, ka cilv\u0113kiem bie\u017ei vien ir gr\u016bti pie\u0146emt un saprast to, ko vi\u0146i neredz. J\u016bras dzelme, ar visiem t\u0101s nosl\u0113pumiem un pies\u0101r\u0146ojumu, ir k\u0101 metafora \u0161ai nezin\u0101majai pasaulei, kas past\u0101v zem mums. &#8220;Pretstraume&#8221; aicina nebaid\u012bties iel\u016bkoties dzi\u013cumos \u2013 gan liter\u0101li, gan figur\u0101li \u2013 un atkl\u0101t paties\u012bbas, kas var b\u016bt gan satrauco\u0161as, gan ar\u012b rosin\u0101t uz pozit\u012bv\u0101m p\u0101rmai\u0146\u0101m.<\/p>\n","protected":false},"excerpt":{"rendered":"Filmas &#8220;Pretstraume&#8221; dzi\u013cumi: Baltijas j\u016bra un \u0123imenes attiec\u012bbas Jaun\u0101 re\u017eisora K\u0101r\u013ca Lesi\u0146a dokument\u0101l\u0101 \u012bsfilma &#8220;Pretstraume&#8221; aicina skat\u012bt\u0101jus uz&hellip;\n","protected":false},"author":2,"featured_media":52798,"comment_status":"","ping_status":"","sticky":false,"template":"","format":"standard","meta":{"footnotes":""},"categories":[19],"tags":[1934,89,3824,90,14476,35,39,38,36,37,34,40,3939,14475],"class_list":{"0":"post-52797","1":"post","2":"type-post","3":"status-publish","4":"format-standard","5":"has-post-thumbnail","7":"category-izklaide","8":"tag-baltijas-jura","9":"tag-entertainment","10":"tag-gimenes-attiecibas","11":"tag-izklaide","12":"tag-karla-lesina-filma","13":"tag-latvia","14":"tag-latvian","15":"tag-latviesu","16":"tag-latviesu-valoda","17":"tag-latviesuvaloda","18":"tag-latvija","19":"tag-lv","20":"tag-piesarnojums","21":"tag-pretstraume"},"share_on_mastodon":{"url":"https:\/\/pubeurope.com\/@lv\/115571392868176510","error":""},"_links":{"self":[{"href":"https:\/\/www.europesays.com\/lv\/wp-json\/wp\/v2\/posts\/52797","targetHints":{"allow":["GET"]}}],"collection":[{"href":"https:\/\/www.europesays.com\/lv\/wp-json\/wp\/v2\/posts"}],"about":[{"href":"https:\/\/www.europesays.com\/lv\/wp-json\/wp\/v2\/types\/post"}],"author":[{"embeddable":true,"href":"https:\/\/www.europesays.com\/lv\/wp-json\/wp\/v2\/users\/2"}],"replies":[{"embeddable":true,"href":"https:\/\/www.europesays.com\/lv\/wp-json\/wp\/v2\/comments?post=52797"}],"version-history":[{"count":0,"href":"https:\/\/www.europesays.com\/lv\/wp-json\/wp\/v2\/posts\/52797\/revisions"}],"wp:featuredmedia":[{"embeddable":true,"href":"https:\/\/www.europesays.com\/lv\/wp-json\/wp\/v2\/media\/52798"}],"wp:attachment":[{"href":"https:\/\/www.europesays.com\/lv\/wp-json\/wp\/v2\/media?parent=52797"}],"wp:term":[{"taxonomy":"category","embeddable":true,"href":"https:\/\/www.europesays.com\/lv\/wp-json\/wp\/v2\/categories?post=52797"},{"taxonomy":"post_tag","embeddable":true,"href":"https:\/\/www.europesays.com\/lv\/wp-json\/wp\/v2\/tags?post=52797"}],"curies":[{"name":"wp","href":"https:\/\/api.w.org\/{rel}","templated":true}]}}