{"id":52805,"date":"2025-11-18T15:29:09","date_gmt":"2025-11-18T15:29:09","guid":{"rendered":"https:\/\/www.europesays.com\/lv\/52805\/"},"modified":"2025-11-18T15:29:09","modified_gmt":"2025-11-18T15:29:09","slug":"ieskats-latviesu-filmas-kas-stasta-par-brivibas-alkam-un-tautas-speku-lente-lv","status":"publish","type":"post","link":"https:\/\/www.europesays.com\/lv\/52805\/","title":{"rendered":"Ieskats latvie\u0161u film\u0101s, kas st\u0101sta par br\u012bv\u012bbas alk\u0101m un tautas sp\u0113ku\u00a0\u2014\u00a0Lente.lv"},"content":{"rendered":"<p>Latvijas Neatkar\u012bbas Sv\u0113tku Kino Izlase: Filmas, Kas Atspogu\u013co Tautas Garu<\/p>\n<p>18. novembris ir diena, kas dzi\u013ci atg\u0101dina par Latvijas valsts dibin\u0101\u0161anas noz\u012bm\u012bgumu un to cilv\u0113ku varon\u012bbu, kuri ar savu drosmi, pa\u0161aizliedz\u012bbu un nelok\u0101mo tic\u012bbu br\u012bv\u012bbai \u013c\u0101va Latvijai ne tikai piedzimt, bet ar\u012b past\u0101v\u0113t.<\/p>\n<p>St\u0101sti Par Drosmi Un Br\u012bv\u012bbu Kino L\u0113c\u0101s<\/p>\n<p>Latvie\u0161u kino m\u0101ksla spilgti ataino \u0161\u012bs v\u0113rt\u012bbas, caur person\u012bgo likte\u0146u dr\u0101mu un sare\u017e\u0123\u012bt\u0101m izv\u0113l\u0113m atkl\u0101jot m\u016bsu tautas ce\u013cu uz neatkar\u012bbu. Filmas par Latvijas neatkar\u012bbas c\u012b\u0146\u0101m, piem\u0113ram, dokument\u0101l\u0101 filma &#8220;Jaunatne Latvijas Br\u012bv\u012bbas c\u012b\u0146\u0101s&#8221;, atkl\u0101j jaunie\u0161u pa\u0161aizliedz\u012bgo gatav\u012bbu aizst\u0101v\u0113t valsti, bet v\u0113sturisk\u0101s dr\u0101mas k\u0101 &#8220;Dv\u0113se\u013cu putenis&#8221; un &#8220;R\u012bgas sargi&#8221; aizved skat\u012bt\u0101ju karadarb\u012bbas epicentr\u0101, \u013caujot sajust kara \u0161ausmas un c\u012b\u0146u par savu zemi. T\u0101s nav tikai v\u0113stures liec\u012bbas, bet ar\u012b st\u0101sti par cilv\u0113ciskaj\u0101m attiec\u012bb\u0101m, m\u012blest\u012bbu un sp\u0113ju izdz\u012bvot gr\u016btos laikos.<\/p>\n<p>Ce\u013c\u0161 Uz Atjaunoto Neatkar\u012bbu Kino Valod\u0101<\/p>\n<p>Papildus c\u012b\u0146\u0101m par pirmo neatkar\u012bbu, Latvijas kino atspogu\u013co ar\u012b m\u016bsdienu Latvijas atjauno\u0161anas ce\u013cu. Filmas k\u0101 &#8220;Diena pirms neatkar\u012bbas&#8221; dokument\u0113 satraukumu un cer\u012bbas pirms 1990. gada 4. maija deklar\u0101cijas pie\u0146em\u0161anas, sniedzot unik\u0101lu ieskatu tautas saj\u016bt\u0101s \u0161aj\u0101 v\u0113sturiskaj\u0101 br\u012bd\u012b. \u0160ie kino darbi ir k\u0101 tilts starp pag\u0101tni un tagadni, kas \u013cauj mums v\u0113lreiz izdz\u012bvot un nov\u0113rt\u0113t m\u016bsu valsts un br\u012bv\u012bbas v\u0113rt\u012bbu.<\/p>\n<p>Ieteicam\u0101 Kino Izlase 18. Novembrim<\/p>\n<p>Latvijas dzim\u0161anas dien\u0101 \u012bpa\u0161i piem\u0113rotas ir filmas, kas st\u0101sta par drosmi, cer\u012bbu un tautas sp\u0113ku. &#8220;Dv\u0113se\u013cu putenis&#8221;, &#8220;R\u012bgas sargi&#8221;, &#8220;Sap\u0146u komanda 1935&#8221;, &#8220;Ausma&#8221;, &#8220;Mel\u0101nijas hronika&#8221; un &#8220;T\u0113vs nakts&#8221; ir tikai da\u017ei no darbiem, kas sniedz dzi\u013cu ieskatu Latvijas v\u0113stur\u0113 un \u013cauj sajust patriotismu.<\/p>\n","protected":false},"excerpt":{"rendered":"Latvijas Neatkar\u012bbas Sv\u0113tku Kino Izlase: Filmas, Kas Atspogu\u013co Tautas Garu 18. novembris ir diena, kas dzi\u013ci atg\u0101dina par&hellip;\n","protected":false},"author":2,"featured_media":52806,"comment_status":"","ping_status":"","sticky":false,"template":"","format":"standard","meta":{"footnotes":""},"categories":[19],"tags":[12296,14478,89,90,35,39,38,1031,36,37,34,14477,40,11625],"class_list":{"0":"post-52805","1":"post","2":"type-post","3":"status-publish","4":"format-standard","5":"has-post-thumbnail","7":"category-izklaide","8":"tag-18-novembris","9":"tag-brivibas-cinas","10":"tag-entertainment","11":"tag-izklaide","12":"tag-latvia","13":"tag-latvian","14":"tag-latviesu","15":"tag-latviesu-filmas","16":"tag-latviesu-valoda","17":"tag-latviesuvaloda","18":"tag-latvija","19":"tag-latvijas-neatkaribas-diena","20":"tag-lv","21":"tag-vestures-filmas"},"share_on_mastodon":{"url":"https:\/\/pubeurope.com\/@lv\/115571416421756441","error":""},"_links":{"self":[{"href":"https:\/\/www.europesays.com\/lv\/wp-json\/wp\/v2\/posts\/52805","targetHints":{"allow":["GET"]}}],"collection":[{"href":"https:\/\/www.europesays.com\/lv\/wp-json\/wp\/v2\/posts"}],"about":[{"href":"https:\/\/www.europesays.com\/lv\/wp-json\/wp\/v2\/types\/post"}],"author":[{"embeddable":true,"href":"https:\/\/www.europesays.com\/lv\/wp-json\/wp\/v2\/users\/2"}],"replies":[{"embeddable":true,"href":"https:\/\/www.europesays.com\/lv\/wp-json\/wp\/v2\/comments?post=52805"}],"version-history":[{"count":0,"href":"https:\/\/www.europesays.com\/lv\/wp-json\/wp\/v2\/posts\/52805\/revisions"}],"wp:featuredmedia":[{"embeddable":true,"href":"https:\/\/www.europesays.com\/lv\/wp-json\/wp\/v2\/media\/52806"}],"wp:attachment":[{"href":"https:\/\/www.europesays.com\/lv\/wp-json\/wp\/v2\/media?parent=52805"}],"wp:term":[{"taxonomy":"category","embeddable":true,"href":"https:\/\/www.europesays.com\/lv\/wp-json\/wp\/v2\/categories?post=52805"},{"taxonomy":"post_tag","embeddable":true,"href":"https:\/\/www.europesays.com\/lv\/wp-json\/wp\/v2\/tags?post=52805"}],"curies":[{"name":"wp","href":"https:\/\/api.w.org\/{rel}","templated":true}]}}