{"id":52912,"date":"2025-11-18T17:39:09","date_gmt":"2025-11-18T17:39:09","guid":{"rendered":"https:\/\/www.europesays.com\/lv\/52912\/"},"modified":"2025-11-18T17:39:09","modified_gmt":"2025-11-18T17:39:09","slug":"ropazu-novada-veidos-cetras-iedzivotaju-padomes","status":"publish","type":"post","link":"https:\/\/www.europesays.com\/lv\/52912\/","title":{"rendered":"Ropa\u017eu novad\u0101 veidos \u010detras iedz\u012bvot\u0101ju padomes"},"content":{"rendered":"<p>Ropa\u017eu novad\u0101 pl\u0101nots veidot \u010detras iedz\u012bvot\u0101ju padomes, liecina pa\u0161vald\u012bbas majaslap\u0101 public\u0113t\u0101 inform\u0101cija.<\/p>\n<p>Pl\u0101nots veidot Garkalnes pagasta, Ropa\u017eu pagasta, Stopi\u0146u pagasta un Vanga\u017eu pils\u0113tas iedz\u012bvot\u0101ju padomi.<\/p>\n<p>Katr\u0101 padom\u0113 darbosies ne maz\u0101k k\u0101 pieci un ne vair\u0101k k\u0101 20 locek\u013ci, iesaistot p\u0101rst\u0101vjus no vis\u0101m apdz\u012bvotaj\u0101m viet\u0101m.<\/p>\n<p>Iedz\u012bvot\u0101ju padom\u0113 var darboties jebkura fiziska persona, kas sasniegusi 16 gadu vecumu un deklar\u0113jusi dz\u012bvesvietu attiec\u012bg\u0101s padomes teritorij\u0101.<\/p>\n<p>Padomes locek\u013ca amatam nedr\u012bkst pieteikties pa\u0161vald\u012bbas domes deput\u0101ti, izpilddirektors vai vi\u0146a vietnieks, k\u0101 ar\u012b pa\u0161vald\u012bbas teritori\u0101l\u0101s p\u0101rvaldes vad\u012bt\u0101js.<\/p>\n<p>Darbam padom\u0113 var pieteikties, aizpildot veidlapu, nor\u0101dot piepras\u012bto inform\u0101ciju par sevi, k\u0101 ar\u012b minot motiv\u0101ciju dal\u012bbai padom\u0113.<\/p>\n<p>Ropa\u017eu novada pa\u0161vald\u012bba aicina novadniekus pieteikties dal\u012bbai padom\u0113 l\u012bdz 24. novembrim.<\/p>\n","protected":false},"excerpt":{"rendered":"Ropa\u017eu novad\u0101 pl\u0101nots veidot \u010detras iedz\u012bvot\u0101ju padomes, liecina pa\u0161vald\u012bbas majaslap\u0101 public\u0113t\u0101 inform\u0101cija. Pl\u0101nots veidot Garkalnes pagasta, Ropa\u017eu pagasta,&hellip;\n","protected":false},"author":2,"featured_media":52913,"comment_status":"","ping_status":"","sticky":false,"template":"","format":"standard","meta":{"footnotes":""},"categories":[12],"tags":[23,28,29,47,32,33,22,381,64,30,31,35,39,38,36,37,34,40,20,385,26,27,172,382,384,383,24,25,21],"class_list":{"0":"post-52912","1":"post","2":"type-post","3":"status-publish","4":"format-standard","5":"has-post-thumbnail","7":"category-latvija","8":"tag-aktualitates","9":"tag-breaking-news","10":"tag-breakingnews","11":"tag-ekonomika","12":"tag-featured-news","13":"tag-featurednews","14":"tag-headlines","15":"tag-jaunumi","16":"tag-kultura","17":"tag-latest-news","18":"tag-latestnews","19":"tag-latvia","20":"tag-latvian","21":"tag-latviesu","22":"tag-latviesu-valoda","23":"tag-latviesuvaloda","24":"tag-latvija","25":"tag-lv","26":"tag-news","27":"tag-pieriga","28":"tag-popularakas-zinas","29":"tag-popularakaszinas","30":"tag-riga","31":"tag-sabiedriba","32":"tag-sludinajumi","33":"tag-sports-afisa","34":"tag-top-stories","35":"tag-topstories","36":"tag-zinas"},"share_on_mastodon":{"url":"https:\/\/pubeurope.com\/@lv\/115571927649094513","error":""},"_links":{"self":[{"href":"https:\/\/www.europesays.com\/lv\/wp-json\/wp\/v2\/posts\/52912","targetHints":{"allow":["GET"]}}],"collection":[{"href":"https:\/\/www.europesays.com\/lv\/wp-json\/wp\/v2\/posts"}],"about":[{"href":"https:\/\/www.europesays.com\/lv\/wp-json\/wp\/v2\/types\/post"}],"author":[{"embeddable":true,"href":"https:\/\/www.europesays.com\/lv\/wp-json\/wp\/v2\/users\/2"}],"replies":[{"embeddable":true,"href":"https:\/\/www.europesays.com\/lv\/wp-json\/wp\/v2\/comments?post=52912"}],"version-history":[{"count":0,"href":"https:\/\/www.europesays.com\/lv\/wp-json\/wp\/v2\/posts\/52912\/revisions"}],"wp:featuredmedia":[{"embeddable":true,"href":"https:\/\/www.europesays.com\/lv\/wp-json\/wp\/v2\/media\/52913"}],"wp:attachment":[{"href":"https:\/\/www.europesays.com\/lv\/wp-json\/wp\/v2\/media?parent=52912"}],"wp:term":[{"taxonomy":"category","embeddable":true,"href":"https:\/\/www.europesays.com\/lv\/wp-json\/wp\/v2\/categories?post=52912"},{"taxonomy":"post_tag","embeddable":true,"href":"https:\/\/www.europesays.com\/lv\/wp-json\/wp\/v2\/tags?post=52912"}],"curies":[{"name":"wp","href":"https:\/\/api.w.org\/{rel}","templated":true}]}}