{"id":52935,"date":"2025-11-18T18:09:09","date_gmt":"2025-11-18T18:09:09","guid":{"rendered":"https:\/\/www.europesays.com\/lv\/52935\/"},"modified":"2025-11-18T18:09:09","modified_gmt":"2025-11-18T18:09:09","slug":"par-sa-gada-ridzinieku-izraudzits-rigas-maratona-organizators-nords-3","status":"publish","type":"post","link":"https:\/\/www.europesays.com\/lv\/52935\/","title":{"rendered":"Par \u0161\u0101 gada r\u012bdzinieku izraudz\u012bts R\u012bgas maratona organizators Nords"},"content":{"rendered":"<p>Par \u0161\u0101 gada r\u012bdzinieku izraudz\u012bts R\u012bgas maratona organizators un &#8220;Nords Event Communications&#8221; valdes priek\u0161s\u0113d\u0113t\u0101js Aigars Nords.<\/p>\n<p>Otrdien R\u012bgas domes svin\u012bgaj\u0101 s\u0113d\u0113 vi\u0146u godin\u0101ja par izcila sporta pas\u0101kuma organiz\u0113\u0161anu 35 gadu garum\u0101, k\u0101 ar\u012b R\u012bgas v\u0101rda populariz\u0113\u0161anu pasaul\u0113.<\/p>\n<p>P\u0113c apsveikuma sa\u0146em\u0161anas Nords atkl\u0101ja, ka vi\u0146am esot trad\u012bcija 18. novembra r\u012bt\u0101 izskriet Latvijas kont\u016bru R\u012bg\u0101, kas ir 11 kilometrus gar\u0161 mar\u0161ruts. Skrienot vi\u0146\u0161 paman\u012bjis, ka R\u012bga jau r\u012bta agrum\u0101 kustas, kas vi\u0146u priec\u0113jot. Ja cilv\u0113ki skrienot, tad vi\u0146i esot m\u0113r\u0137tiec\u012bgi un vi\u0146i varot sasniegt augstus rezult\u0101tus ar\u012b cit\u0101s dz\u012bves jom\u0101s, ir p\u0101rliecin\u0101ts Nords.<\/p>\n<p>Svin\u012bgaj\u0101 s\u0113d\u0113 R\u012bgas domes atzin\u012bbas rakstu sa\u0146\u0113ma kinore\u017eisors Dzintars Dreibergs par m\u0113r\u0137tiec\u012bgu darbu v\u0113sturiskas le\u0123endas atdz\u012bvin\u0101\u0161an\u0101 sp\u0113lfilm\u0101 &#8220;T\u012bkl\u0101. TTT le\u0123endas dzim\u0161ana&#8221;.<\/p>\n<p>R\u012bgas domes atzin\u012bbas rakstu sa\u0146\u0113ma ar\u012b uz\u0146\u0113m\u0113js Andris Kreislers par Ziemassv\u0113tku tirdzi\u0146a r\u012bko\u0161anu Doma laukum\u0101 25 gadu garum\u0101.<\/p>\n<p>T\u0101pat R\u012bgas domes atzin\u012bbas rakstu sa\u0146\u0113ma biedr\u012bbas &#8220;Latvijas Kust\u012bba par neatkar\u012bgu dz\u012bvi&#8221; vad\u012bt\u0101ja Inga \u0160\u0137estere, kura pal\u012bdz citiem cilv\u0113kiem, kuri g\u0101d\u0101 par saviem tuviniekiem ar \u012bpa\u0161\u0101m vajadz\u012bb\u0101m.<\/p>\n<p>K\u0101 v\u0113st\u012bts, pretendents pa\u0161vald\u012bbas apbalvojumam var b\u016bt jebkuras valsts pieder\u012bbas un taut\u012bbas persona, kas sasniegusi 18 gadu vecumu un \u0161ogad ar savu talantu un darbu veicin\u0101jusi R\u012bgas v\u0101rda atpaz\u012bstam\u012bbu Latvij\u0101 un pasaul\u0113 kult\u016bras, zin\u0101tnes, sporta, inov\u0101ciju, pilsonisk\u0101s l\u012bdzdal\u012bbas u.c. jom\u0101s.<\/p>\n<p>&#8220;Gada r\u012bdzinieks 2025&#8221; kandid\u0101tus v\u0113rt\u0113ja komisija domes priek\u0161s\u0113d\u0113t\u0101ja Viestura Kleinberga (P) vad\u012bb\u0101. Taj\u0101 darboj\u0101s R\u012bgas domes priek\u0161s\u0113d\u0113t\u0101ja vietnieku biroju vad\u012bt\u0101ji J\u0101nis Bebri\u0161s, Olafs Pulks un Mareks Gru\u0161kevics, sociologs, SIA &#8220;SKDS&#8221; direktors Arnis Kakti\u0146\u0161, fonda &#8220;Ziedot.lv&#8221; vad\u012bt\u0101ja R\u016bta Dimanta, Latvijas Nacion\u0101l\u0101 m\u0101kslas muzeja direktore M\u0101ra L\u0101ce, Jaun\u0101 R\u012bgas te\u0101tra aktieris Vilis Daudzi\u0146\u0161 un Latvijas Sabiedrisk\u0101 medija \u017eurn\u0101lists J\u0101nis Domburs.<\/p>\n<p>Balva &#8220;Gada r\u012bdzinieks&#8221; tiek pasniegta kop\u0161 2009. gada.<\/p>\n","protected":false},"excerpt":{"rendered":"Par \u0161\u0101 gada r\u012bdzinieku izraudz\u012bts R\u012bgas maratona organizators un &#8220;Nords Event Communications&#8221; valdes priek\u0161s\u0113d\u0113t\u0101js Aigars Nords. Otrdien R\u012bgas&hellip;\n","protected":false},"author":2,"featured_media":52936,"comment_status":"","ping_status":"","sticky":false,"template":"","format":"standard","meta":{"footnotes":""},"categories":[12],"tags":[129,4277,23,28,29,32,33,22,30,31,35,39,38,36,37,34,40,20,26,27,4278,4279,24,25,21],"class_list":{"0":"post-52935","1":"post","2":"type-post","3":"status-publish","4":"format-standard","5":"has-post-thumbnail","7":"category-latvija","8":"tag-__typenameadvicekeyword","9":"tag-id876","10":"tag-aktualitates","11":"tag-breaking-news","12":"tag-breakingnews","13":"tag-featured-news","14":"tag-featurednews","15":"tag-headlines","16":"tag-latest-news","17":"tag-latestnews","18":"tag-latvia","19":"tag-latvian","20":"tag-latviesu","21":"tag-latviesu-valoda","22":"tag-latviesuvaloda","23":"tag-latvija","24":"tag-lv","25":"tag-news","26":"tag-popularakas-zinas","27":"tag-popularakaszinas","28":"tag-slugriga","29":"tag-titleriga","30":"tag-top-stories","31":"tag-topstories","32":"tag-zinas"},"share_on_mastodon":{"url":"https:\/\/pubeurope.com\/@lv\/115572045413389315","error":""},"_links":{"self":[{"href":"https:\/\/www.europesays.com\/lv\/wp-json\/wp\/v2\/posts\/52935","targetHints":{"allow":["GET"]}}],"collection":[{"href":"https:\/\/www.europesays.com\/lv\/wp-json\/wp\/v2\/posts"}],"about":[{"href":"https:\/\/www.europesays.com\/lv\/wp-json\/wp\/v2\/types\/post"}],"author":[{"embeddable":true,"href":"https:\/\/www.europesays.com\/lv\/wp-json\/wp\/v2\/users\/2"}],"replies":[{"embeddable":true,"href":"https:\/\/www.europesays.com\/lv\/wp-json\/wp\/v2\/comments?post=52935"}],"version-history":[{"count":0,"href":"https:\/\/www.europesays.com\/lv\/wp-json\/wp\/v2\/posts\/52935\/revisions"}],"wp:featuredmedia":[{"embeddable":true,"href":"https:\/\/www.europesays.com\/lv\/wp-json\/wp\/v2\/media\/52936"}],"wp:attachment":[{"href":"https:\/\/www.europesays.com\/lv\/wp-json\/wp\/v2\/media?parent=52935"}],"wp:term":[{"taxonomy":"category","embeddable":true,"href":"https:\/\/www.europesays.com\/lv\/wp-json\/wp\/v2\/categories?post=52935"},{"taxonomy":"post_tag","embeddable":true,"href":"https:\/\/www.europesays.com\/lv\/wp-json\/wp\/v2\/tags?post=52935"}],"curies":[{"name":"wp","href":"https:\/\/api.w.org\/{rel}","templated":true}]}}