{"id":52945,"date":"2025-11-18T18:23:11","date_gmt":"2025-11-18T18:23:11","guid":{"rendered":"https:\/\/www.europesays.com\/lv\/52945\/"},"modified":"2025-11-18T18:23:11","modified_gmt":"2025-11-18T18:23:11","slug":"sekspira-soneti-skan-jauna-maestro-paula-albuma-ar-intara-busula-un-andra-keisa-dziedajumu-un-lasijumiem-lente-lv-2","status":"publish","type":"post","link":"https:\/\/www.europesays.com\/lv\/52945\/","title":{"rendered":"\u0160eksp\u012bra soneti skan jaun\u0101 Maestro Paula album\u0101 ar Intara Busu\u013ca un Andra Kei\u0161a dzied\u0101jumu un las\u012bjumiem\u00a0\u2014\u00a0Lente.lv"},"content":{"rendered":"<p>Jauns albums apvieno \u0160eksp\u012bra dzeju ar Maestro Paula m\u016bziku<\/p>\n<p>Latvijas kult\u016brtelp\u0101 ien\u0101cis jauns un aizraujo\u0161s m\u0101kslas darbs \u2013 albums &#8220;Pauls. Busulis. Kei\u0161s. \u0160eksp\u012brs. Soneti&#8221;. \u0160is unik\u0101lais projekts apvieno Maestro Raimonda Paula ori\u0123in\u0101lm\u016bziku ar Viljama \u0160eksp\u012bra nemirst\u012bgajiem sonetiem, atkl\u0101jot tos jaun\u0101 un negaid\u012bt\u0101 gaism\u0101. Dziesmas izpilda harism\u0101tu dzied\u0101t\u0101js Intars Busulis un talant\u012bgais aktieris Andris Kei\u0161s, kuru sniegums pie\u0161\u0137ir dzejai jaunu, dzi\u013ci emocion\u0101lu dimensiju. \u0160is albums ir ne tikai muzik\u0101ls, bet ar\u012b liter\u0101rs notikums, kas savieno 16. gadsimta dzejas sp\u0113ku ar 21. gadsimta m\u016bzikas puls\u0101ciju.<\/p>\n<p>M\u016bzikas un dzejas sirds: laikmetu dialogs<\/p>\n<p>Projekta pamat\u0101 ir Maestro Raimonda Paula rad\u012bt\u0101 ori\u0123in\u0101lm\u016bzika, kas ar dzi\u013cu izpratni un smalkj\u016bt\u012bbu pieskaras \u0160eksp\u012bra v\u0101rdiem, radot harmonisku dialogu starp gadsimtiem. \u0160eksp\u012bra dzeja, kas sarakst\u012bta pirms vair\u0101k nek\u0101 \u010detriem gadsimtiem, joproj\u0101m run\u0101 par univers\u0101l\u0101m cilv\u0113ka eksistences t\u0113m\u0101m \u2013 m\u012blest\u012bbu, laiku, skaistumu un nemirst\u012bbu. T\u0101 ir k\u0101 univers\u0101la valoda, kas sp\u0113j uzrun\u0101t ikvienu laikmetu un ikvienu dv\u0113seli. Intara Busu\u013ca hipnotiz\u0113jo\u0161ais dzied\u0101jums pie\u0161\u0137ir dziesm\u0101m intimit\u0101ti un aizraut\u012bbu, savuk\u0101rt Andra Kei\u0161a kaisl\u012bg\u0101 un juteklisk\u0101 dzejas interpret\u0101cija pie\u0161\u0137ir projektam dramatisko dzi\u013cumu un teatr\u0101lu izteiksm\u012bgumu. Vi\u0146u sadarb\u012bba ir dz\u012bvs apliecin\u0101jums tam, ka kult\u016bras mantojums nav tikai v\u0113stures liec\u012bba, bet gan nep\u0101rtraukts, dinamisks dialogs ar pag\u0101tni.<\/p>\n<p>Rado\u0161ais process un albuma pieejam\u012bba<\/p>\n<p>Albums &#8220;Pauls. Busulis. Kei\u0161s. \u0160eksp\u012brs. Soneti&#8221; tapis Latvijas Radio 1. studij\u0101. Par ieraksta produc\u0113\u0161anu r\u016bp\u0113jies pieredz\u0113ju\u0161ais M\u0101ris Brie\u017ekalns, bet par ska\u0146as ierakstu un miks\u0113\u0161anu atbild\u0113jis P\u0101vels Mali\u0161kins. Albuma vizu\u0101lo noform\u0113jumu veidojis m\u0101kslinieks br\u0101lis Y, v\u0101ka fotogr\u0101fs ir J\u0101nis Deinats, bet dziesmas \u201c\u0160\u012bs l\u016bpas, kur\u0101s m\u012bla kv\u0113l\u201d videoversiju rad\u012bjis Kaspars Dvinskis. Albums ir pieejams vis\u0101s popul\u0101r\u0101kaj\u0101s straum\u0113\u0161anas un lejupiel\u0101des platform\u0101s, k\u0101 ar\u012b CD form\u0101t\u0101, ko iesp\u0113jams pas\u016bt\u012bt izdevniec\u012bbas &#8220;MicRec&#8221; m\u0101jaslap\u0101. L\u012bdz gada beig\u0101m pl\u0101nots izdot ar\u012b vinila ska\u0146uplati, pied\u0101v\u0101jot klasisk\u0101 ska\u0146as baud\u012bjumu.<\/p>\n<p>Koncertuzvedums un kult\u016bras mantojuma noz\u012bme<\/p>\n<p>Projekta materi\u0101ls ir skat\u0101ms ar\u012b aizraujo\u0161\u0101 koncertuzvedum\u0101 m\u016bzikas nam\u0101 &#8220;Daile&#8221;, kur\u0101 izr\u0101des paredz\u0113tas 20. septembr\u012b un 16. oktobr\u012b. \u0160is projekts ir drosm\u012bgs un inovat\u012bvs solis, kas par\u0101da, cik bag\u0101t\u012bga un daudzveid\u012bga var b\u016bt m\u0101kslinieku sadarb\u012bba, p\u0101rvarot \u017eanru un laikmetu robe\u017eas. Tas var kalpot par iedvesmas avotu n\u0101kamaj\u0101m m\u0101kslinieku paaudz\u0113m, mudinot t\u0101s mekl\u0113t jaunus veidus, k\u0101 interpret\u0113t un atdz\u012bvin\u0101t klasiskos darbus. &#8220;\u0160eksp\u012brs. Soneti&#8221; ir k\u0101 tilts starp pag\u0101tni un tagadni, aicinot klaus\u012bt\u0101jus apst\u0101ties un ieklaus\u012bties laikmetu krustpunkt\u0101, kur cilv\u0113ka balss un m\u016bzika sapl\u016bst ar nemirst\u012bgu dzeju, radot harmoniju, kas p\u0101rsniedz ikdieni\u0161\u0137o un aizskar m\u016b\u017e\u012bgo. T\u0101 ir d\u0101vana Latvijas un pasaules klaus\u012bt\u0101jiem, iesp\u0113ja piedz\u012bvot m\u0101kslu t\u0101s patiesaj\u0101 sp\u0113k\u0101.<\/p>\n","protected":false},"excerpt":{"rendered":"Jauns albums apvieno \u0160eksp\u012bra dzeju ar Maestro Paula m\u016bziku Latvijas kult\u016brtelp\u0101 ien\u0101cis jauns un aizraujo\u0161s m\u0101kslas darbs \u2013&hellip;\n","protected":false},"author":2,"featured_media":52946,"comment_status":"","ping_status":"","sticky":false,"template":"","format":"standard","meta":{"footnotes":""},"categories":[19],"tags":[5391,89,4322,90,35,39,38,36,37,34,40,2606,2672,5570],"class_list":{"0":"post-52945","1":"post","2":"type-post","3":"status-publish","4":"format-standard","5":"has-post-thumbnail","7":"category-izklaide","8":"tag-andris-keiss","9":"tag-entertainment","10":"tag-intars-busulis","11":"tag-izklaide","12":"tag-latvia","13":"tag-latvian","14":"tag-latviesu","15":"tag-latviesu-valoda","16":"tag-latviesuvaloda","17":"tag-latvija","18":"tag-lv","19":"tag-muzikas-albums","20":"tag-raimonds-pauls","21":"tag-sekspira-soneti"},"share_on_mastodon":{"url":"https:\/\/pubeurope.com\/@lv\/115572100662493145","error":""},"_links":{"self":[{"href":"https:\/\/www.europesays.com\/lv\/wp-json\/wp\/v2\/posts\/52945","targetHints":{"allow":["GET"]}}],"collection":[{"href":"https:\/\/www.europesays.com\/lv\/wp-json\/wp\/v2\/posts"}],"about":[{"href":"https:\/\/www.europesays.com\/lv\/wp-json\/wp\/v2\/types\/post"}],"author":[{"embeddable":true,"href":"https:\/\/www.europesays.com\/lv\/wp-json\/wp\/v2\/users\/2"}],"replies":[{"embeddable":true,"href":"https:\/\/www.europesays.com\/lv\/wp-json\/wp\/v2\/comments?post=52945"}],"version-history":[{"count":0,"href":"https:\/\/www.europesays.com\/lv\/wp-json\/wp\/v2\/posts\/52945\/revisions"}],"wp:featuredmedia":[{"embeddable":true,"href":"https:\/\/www.europesays.com\/lv\/wp-json\/wp\/v2\/media\/52946"}],"wp:attachment":[{"href":"https:\/\/www.europesays.com\/lv\/wp-json\/wp\/v2\/media?parent=52945"}],"wp:term":[{"taxonomy":"category","embeddable":true,"href":"https:\/\/www.europesays.com\/lv\/wp-json\/wp\/v2\/categories?post=52945"},{"taxonomy":"post_tag","embeddable":true,"href":"https:\/\/www.europesays.com\/lv\/wp-json\/wp\/v2\/tags?post=52945"}],"curies":[{"name":"wp","href":"https:\/\/api.w.org\/{rel}","templated":true}]}}