{"id":52948,"date":"2025-11-18T18:29:11","date_gmt":"2025-11-18T18:29:11","guid":{"rendered":"https:\/\/www.europesays.com\/lv\/52948\/"},"modified":"2025-11-18T18:29:11","modified_gmt":"2025-11-18T18:29:11","slug":"dzives-skarbums-un-zelta-spozums-lente-lv","status":"publish","type":"post","link":"https:\/\/www.europesays.com\/lv\/52948\/","title":{"rendered":"Dz\u012bves skarbums un zelta spo\u017eums\u00a0\u2014\u00a0Lente.lv"},"content":{"rendered":"<p>Paralimpisk\u0101 \u010dempiona Riharda Snikus st\u0101sts: no dz\u012bves skarbas puses l\u012bdz zelta spo\u017eumam<\/p>\n<p>18. novembr\u012b, Latvijas Republikas neatkar\u012bbas proklam\u0113\u0161anas dien\u0101, TV3 kan\u0101l\u0101 skat\u012bt\u0101jus priec\u0113s vair\u0101ki Latvijai noz\u012bm\u012bgi kino darbi, tostarp dokument\u0101l\u0101 filma \u201cRihards Snikus. J\u0101tnieka balss\u201d. \u0160is darbs atkl\u0101j paralimpisk\u0101 \u010dempiona Riharda Snikus aizraujo\u0161o ce\u013cu uz pan\u0101kumiem, apl\u016bkojot gan vi\u0146a triumfus Par\u012bzes Paralimpiskaj\u0101s sp\u0113l\u0113s 2024. gad\u0101, gan dz\u012bves skarbos pagrieziena punktus.<\/p>\n<p>Agr\u012bn\u0101 dz\u012bve un sp\u0113c\u012bgais atbalsts<\/p>\n<p>Riharda Snikus dz\u012bvesst\u0101sts ir st\u0101sts par neiedom\u0101jamu sp\u0113ku un neatlaid\u012bbu. Jau kop\u0161 b\u0113rn\u012bbas vi\u0146\u0161 sask\u0101r\u0101s ar izaicin\u0101jumiem, kas saist\u012bti ar b\u0113rnu cerebr\u0101lo trieku, diagnozi, kas tika noteikta p\u0113c dzemd\u012bbu traum\u0101m. Lai gan vi\u0146a pa\u0161a vec\u0101ki no vi\u0146a atteic\u0101s, atst\u0101jot Rihardu vecvec\u0101ku apr\u016bp\u0113, \u0161\u012b nelaime k\u013cuva par iesp\u0113ju vi\u0146am iepaz\u012bt dz\u012bves patieso v\u0113rt\u012bbu un neierobe\u017eot\u0101s cilv\u0113cisk\u0101s potenci\u0101la robe\u017eas. Vecvec\u0101ki Andrejs un Rita Jurevi\u010di uz\u0146\u0113m\u0101s galveno lomu Riharda audzin\u0101\u0161an\u0101, sniedzot vi\u0146am m\u012blest\u012bbu, atbalstu un tic\u012bbu, kas ir biju\u0161i pamats vi\u0146a spo\u017eajai karjerai. Vi\u0146u neatlaid\u012bba un r\u016bpes \u013c\u0101va Rihardam dz\u012bvot pilnv\u0113rt\u012bgu dz\u012bvi, l\u012bdz\u012bgi k\u0101 vi\u0146a vienaud\u017eiem, pat neskatoties uz vesel\u012bbas probl\u0113m\u0101m, kas apgr\u016btin\u0101ja kust\u012bbas un runu.<\/p>\n<p>Ce\u013c\u0161 uz j\u0101tnieku sporta virsotn\u0113m<\/p>\n<p>Riharda ce\u013c\u0161 uz zirgu sportu s\u0101k\u0101s k\u0101 reitterapija, lai uzlabotu st\u0101ju un kust\u012bbu prasmes. Tom\u0113r dr\u012bz vien tika paman\u012bts vi\u0146a talants, un Rihards s\u0101ka start\u0113t gan viet\u0113j\u0101, gan starptautisk\u0101 m\u0113rog\u0101 paraiej\u0101des sacens\u012bb\u0101s. Vi\u0146a uztic\u012bgais partneris, zirgs King of the Dance, ir bijis neatsverams Riharda pan\u0101kumu kaldin\u0101t\u0101js. Kop\u0101 vi\u0146i ir sasniegu\u0161i augst\u0101kos rezult\u0101tus, iekarojot ne tikai Latvijas, bet ar\u012b starptautisk\u0101s sporta pasaules atzin\u012bbu. Tokijas Paralimpiskaj\u0101s sp\u0113l\u0113s 2020. gad\u0101 Rihards izc\u012bn\u012bja sudraba meda\u013cas gan individu\u0101laj\u0101, gan individu\u0101laj\u0101 br\u012bv\u0101 stila iej\u0101d\u0113. Ta\u010du \u012bsts triumfs sagaid\u012bja Par\u012bz\u0113 2024. gad\u0101, kur vi\u0146\u0161 ieguva zelta meda\u013cas ab\u0101s discipl\u012bn\u0101s, apliecinot savu meistar\u012bbu un neatlaid\u012bbu.<\/p>\n<p>Izaicin\u0101jumi un p\u0101rliec\u012bba<\/p>\n<p>Lai gan Riharda sasniegumi ir iespaid\u012bgi, vi\u0146a ce\u013c\u0161 uz tiem nav bijis viegls. Sportists ir sask\u0101ries ar nopietn\u0101m vesel\u012bbas probl\u0113m\u0101m, kas apdraud\u0113ja dal\u012bbu paralimpiskaj\u0101s sp\u0113l\u0113s. 2023. gad\u0101 Eiropas \u010dempion\u0101ta laik\u0101 gan zirgu King of the Dance, gan pa\u0161u Rihardu piemekl\u0113ja vesel\u012bbas likstas, liekot uzdot jaut\u0101jumu par Latvijas dal\u012bbu paralimpiskaj\u0101 iej\u0101d\u0113. Tom\u0113r, pateicoties atbalsta komandai, \u0123imenei un vi\u0146a pa\u0161a sp\u0113c\u012bgajai gribai, Rihards sp\u0113ja atg\u016bties un turpin\u0101t c\u012b\u0146u par saviem sap\u0146iem. Vi\u0146a pan\u0101kumi ir pier\u0101d\u012bjums tam, ka iesp\u0113jams ir daudz vair\u0101k, nek\u0101 s\u0101kotn\u0113ji \u0161\u0137iet, ja vien cilv\u0113kam ir ap\u0146\u0113m\u012bba un neatlaid\u012bba.<\/p>\n<p>Rihards \u0101rpus zirga muguras<\/p>\n<p>Riharda dz\u012bve ir daudzpus\u012bga. Paral\u0113li sporta karjerai, vi\u0146\u0161 ir ar\u012b piepras\u012bts d\u012bd\u017eejs, uzst\u0101joties da\u017e\u0101dos pas\u0101kumos un svin\u012bb\u0101s. Vi\u0146\u0161 ar\u012b pal\u012bdz vecm\u0101mi\u0146ai m\u0101jas darbos un turpina nodarboties ar j\u0101\u0161anas sportu. Neskatoties uz runas sp\u0113ju ierobe\u017eojumiem, Rihards sp\u0113j sazin\u0101ties ar cilv\u0113kiem, izmantojot rakst\u012b\u0161anu, \u0137erme\u0146a valodu un ac\u012bmredzamu intu\u012bciju. Vi\u0146a optimismu, dz\u012bvesprieku un sp\u0113ju iedvesmot citus apliecina ne tikai vi\u0146a sasniegumi sport\u0101, bet ar\u012b sp\u0113ja saglab\u0101t pozit\u012bvu skat\u012bjumu uz dz\u012bvi.<\/p>\n<p>Filma \u201cRihards Snikus. J\u0101tnieka balss\u201d<\/p>\n<p>Dokument\u0101l\u0101 filma \u201cRihards Snikus. J\u0101tnieka balss\u201d pied\u0101v\u0101 dzi\u013c\u0101ku ieskatu paralimpisk\u0101 \u010dempiona dz\u012bv\u0113, atkl\u0101jot vi\u0146a saj\u016btas, domas un p\u0101rdz\u012bvojumus ce\u013c\u0101 uz Par\u012bzes Paralimpiskaj\u0101m sp\u0113l\u0113m. Filma apvieno v\u0113rojo\u0161\u0101 kino elementus ar Riharda pa\u0161a film\u0113to materi\u0101lu un dienasgr\u0101matas fragmentiem, \u013caujot skat\u012bt\u0101jam ne tikai redz\u0113t, bet ar\u012b \u201cdzird\u0113t\u201d j\u0101tnieka balsi \u2013 vi\u0146a sp\u0113ku un neatlaid\u012bbu. \u0160is darbs ir ne tikai biogr\u0101fisks st\u0101sts, bet ar\u012b Riharda l\u012bdzautoru projekts, kas atkl\u0101j vi\u0146a unik\u0101lo pasauli un pieredzi. Filma tiks demonstr\u0113ta TV3 kan\u0101l\u0101 18. novembr\u012b, godinot Latvijas neatkar\u012bbas dienu.<\/p>\n","protected":false},"excerpt":{"rendered":"Paralimpisk\u0101 \u010dempiona Riharda Snikus st\u0101sts: no dz\u012bves skarbas puses l\u012bdz zelta spo\u017eumam 18. novembr\u012b, Latvijas Republikas neatkar\u012bbas proklam\u0113\u0161anas&hellip;\n","protected":false},"author":2,"featured_media":52949,"comment_status":"","ping_status":"","sticky":false,"template":"","format":"standard","meta":{"footnotes":""},"categories":[19],"tags":[14511,89,90,4535,35,39,38,36,37,34,8940,40,4537,4534],"class_list":{"0":"post-52948","1":"post","2":"type-post","3":"status-publish","4":"format-standard","5":"has-post-thumbnail","7":"category-izklaide","8":"tag-cerebrala-trieka","9":"tag-entertainment","10":"tag-izklaide","11":"tag-jatnieka-balss","12":"tag-latvia","13":"tag-latvian","14":"tag-latviesu","15":"tag-latviesu-valoda","16":"tag-latviesuvaloda","17":"tag-latvija","18":"tag-latvijas-sports","19":"tag-lv","20":"tag-paralimpiskais-cempions","21":"tag-rihards-snikus"},"share_on_mastodon":{"url":"https:\/\/pubeurope.com\/@lv\/115572124138297834","error":""},"_links":{"self":[{"href":"https:\/\/www.europesays.com\/lv\/wp-json\/wp\/v2\/posts\/52948","targetHints":{"allow":["GET"]}}],"collection":[{"href":"https:\/\/www.europesays.com\/lv\/wp-json\/wp\/v2\/posts"}],"about":[{"href":"https:\/\/www.europesays.com\/lv\/wp-json\/wp\/v2\/types\/post"}],"author":[{"embeddable":true,"href":"https:\/\/www.europesays.com\/lv\/wp-json\/wp\/v2\/users\/2"}],"replies":[{"embeddable":true,"href":"https:\/\/www.europesays.com\/lv\/wp-json\/wp\/v2\/comments?post=52948"}],"version-history":[{"count":0,"href":"https:\/\/www.europesays.com\/lv\/wp-json\/wp\/v2\/posts\/52948\/revisions"}],"wp:featuredmedia":[{"embeddable":true,"href":"https:\/\/www.europesays.com\/lv\/wp-json\/wp\/v2\/media\/52949"}],"wp:attachment":[{"href":"https:\/\/www.europesays.com\/lv\/wp-json\/wp\/v2\/media?parent=52948"}],"wp:term":[{"taxonomy":"category","embeddable":true,"href":"https:\/\/www.europesays.com\/lv\/wp-json\/wp\/v2\/categories?post=52948"},{"taxonomy":"post_tag","embeddable":true,"href":"https:\/\/www.europesays.com\/lv\/wp-json\/wp\/v2\/tags?post=52948"}],"curies":[{"name":"wp","href":"https:\/\/api.w.org\/{rel}","templated":true}]}}