{"id":52952,"date":"2025-11-18T18:32:08","date_gmt":"2025-11-18T18:32:08","guid":{"rendered":"https:\/\/www.europesays.com\/lv\/52952\/"},"modified":"2025-11-18T18:32:08","modified_gmt":"2025-11-18T18:32:08","slug":"deputati-nobloke-tribini-ukrainas-parlamenta-izjaukts-balsojums-par-ministru-demisiju","status":"publish","type":"post","link":"https:\/\/www.europesays.com\/lv\/52952\/","title":{"rendered":"Deput\u0101ti noblo\u0137\u0113 trib\u012bni. Ukrainas parlament\u0101 izjaukts balsojums par ministru demisiju"},"content":{"rendered":"<p>San\u0101ksmes darba k\u0101rt\u012bb\u0101 bija iek\u013cauta tikai Halu\u0161\u010denko un Hrin\u010dukas atk\u0101p\u0161an\u0101s.<\/p>\n<p>Tom\u0113r &#8220;Eiropeisk\u0101s solidarit\u0101tes&#8221; p\u0101rst\u0101vji piepras\u012bja, lai tiktu atst\u0101din\u0101ta visa premjerministres J\u016blijas Sviridenko vald\u012bba, nevis tikai abi ministri.<\/p>\n<p>P\u0113c tam parlamenta sp\u012bkers Ruslans Stefan\u010duks pazi\u0146oja par s\u0113des sl\u0113g\u0161anu.<\/p>\n<p>Halu\u0161\u010denko 12. novembr\u012b tika atst\u0101din\u0101ts no Ukrainas tieslietu ministra amata, \u0146emot v\u0113r\u0101 pla\u0161u rezonansi izrais\u012bju\u0161o izmekl\u0113\u0161anu par korupciju uz\u0146\u0113mum\u0101 &#8220;Enerhoatom&#8221;. Taj\u0101 pa\u0161\u0101 dien\u0101 no amata atk\u0101p\u0101s Hrin\u010duka.<\/p>\n<p>Biju\u0161ais Ukrainas prezidents un &#8220;Eiropeisk\u0101s solidarit\u0101tes&#8221; l\u012bderis Petro Poro\u0161enko piepras\u012bjis visas Ukrainas vald\u012bbas atk\u0101p\u0161anos.<\/p>\n<p>To, ka amatus zaud\u0113ja tikai divi ministri, vi\u0146\u0161 nod\u0113v\u0113ja par profan\u0101ciju, piebilstot, ka &#8220;publiskotajos ierakstos par\u0101d\u0101s vismaz piecu amatpersonu v\u0101rdi&#8221;.<\/p>\n<p>Ukrainas Nacion\u0101lais korupcijas apkaro\u0161anas birojs (NABU) un Specializ\u0113t\u0101 korupcijas lietu prokurat\u016bra (SAP) 10. novembr\u012b pazi\u0146oja, ka ir atkl\u0101ju\u0161i v\u0113rien\u012bgu korupcijas sh\u0113mu ap valsts ener\u0123\u0113tikas uz\u0146\u0113mumu &#8220;Enerhoatom&#8221;.<\/p>\n<p>Skand\u0101la centr\u0101 non\u0101ca pa\u0161reiz\u0113j\u0101s Ukrainas vald\u012bbas ministri, ilggad\u0113jais prezidenta l\u012bdzgaitnieks Timurs Mindi\u010ds un finansists Oleksandrs Cukermans.<\/p>\n","protected":false},"excerpt":{"rendered":"San\u0101ksmes darba k\u0101rt\u012bb\u0101 bija iek\u013cauta tikai Halu\u0161\u010denko un Hrin\u010dukas atk\u0101p\u0161an\u0101s. Tom\u0113r &#8220;Eiropeisk\u0101s solidarit\u0101tes&#8221; p\u0101rst\u0101vji piepras\u012bja, lai tiktu atst\u0101din\u0101ta&hellip;\n","protected":false},"author":2,"featured_media":52953,"comment_status":"","ping_status":"","sticky":false,"template":"","format":"standard","meta":{"footnotes":""},"categories":[14],"tags":[23,57,28,29,32,33,22,30,31,35,39,38,36,37,34,40,20,2807,26,27,3959,24,25,276,54,55,56,21,58],"class_list":{"0":"post-52952","1":"post","2":"type-post","3":"status-publish","4":"format-standard","5":"has-post-thumbnail","7":"category-zinas-no-arvalstim","8":"tag-aktualitates","9":"tag-arvalstim","10":"tag-breaking-news","11":"tag-breakingnews","12":"tag-featured-news","13":"tag-featurednews","14":"tag-headlines","15":"tag-latest-news","16":"tag-latestnews","17":"tag-latvia","18":"tag-latvian","19":"tag-latviesu","20":"tag-latviesu-valoda","21":"tag-latviesuvaloda","22":"tag-latvija","23":"tag-lv","24":"tag-news","25":"tag-parlaments","26":"tag-popularakas-zinas","27":"tag-popularakaszinas","28":"tag-protests","29":"tag-top-stories","30":"tag-topstories","31":"tag-ukraina","32":"tag-world","33":"tag-world-news","34":"tag-worldnews","35":"tag-zinas","36":"tag-zinas-no-arvalstim"},"share_on_mastodon":{"url":"https:\/\/pubeurope.com\/@lv\/115572135902305794","error":""},"_links":{"self":[{"href":"https:\/\/www.europesays.com\/lv\/wp-json\/wp\/v2\/posts\/52952","targetHints":{"allow":["GET"]}}],"collection":[{"href":"https:\/\/www.europesays.com\/lv\/wp-json\/wp\/v2\/posts"}],"about":[{"href":"https:\/\/www.europesays.com\/lv\/wp-json\/wp\/v2\/types\/post"}],"author":[{"embeddable":true,"href":"https:\/\/www.europesays.com\/lv\/wp-json\/wp\/v2\/users\/2"}],"replies":[{"embeddable":true,"href":"https:\/\/www.europesays.com\/lv\/wp-json\/wp\/v2\/comments?post=52952"}],"version-history":[{"count":0,"href":"https:\/\/www.europesays.com\/lv\/wp-json\/wp\/v2\/posts\/52952\/revisions"}],"wp:featuredmedia":[{"embeddable":true,"href":"https:\/\/www.europesays.com\/lv\/wp-json\/wp\/v2\/media\/52953"}],"wp:attachment":[{"href":"https:\/\/www.europesays.com\/lv\/wp-json\/wp\/v2\/media?parent=52952"}],"wp:term":[{"taxonomy":"category","embeddable":true,"href":"https:\/\/www.europesays.com\/lv\/wp-json\/wp\/v2\/categories?post=52952"},{"taxonomy":"post_tag","embeddable":true,"href":"https:\/\/www.europesays.com\/lv\/wp-json\/wp\/v2\/tags?post=52952"}],"curies":[{"name":"wp","href":"https:\/\/api.w.org\/{rel}","templated":true}]}}