{"id":52959,"date":"2025-11-18T18:46:07","date_gmt":"2025-11-18T18:46:07","guid":{"rendered":"https:\/\/www.europesays.com\/lv\/52959\/"},"modified":"2025-11-18T18:46:07","modified_gmt":"2025-11-18T18:46:07","slug":"iepazistieties-ar-marsrutiem-objektiem-un-ieteikumiem-apmeklejumam-lente-lv","status":"publish","type":"post","link":"https:\/\/www.europesays.com\/lv\/52959\/","title":{"rendered":"Iepaz\u012bstieties ar mar\u0161rutiem, objektiem un ieteikumiem apmekl\u0113jumam\u00a0\u2014\u00a0Lente.lv"},"content":{"rendered":"<p>Mirdzo\u0161\u0101 R\u012bga aicina uz gaismas festiv\u0101lu &#8220;Staro R\u012bga 2025&#8221;<\/p>\n<p>Gaidot Latvijas dzim\u0161anas dienu, R\u012bga aicina savus iedz\u012bvot\u0101jus un viesus piedz\u012bvot burv\u012bgu ce\u013cojumu gaism\u0101, apmekl\u0113jot ikgad\u0113jo gaismas festiv\u0101lu &#8220;Staro R\u012bga 2025&#8221;. No 2025. gada 15. l\u012bdz 18. novembrim pils\u0113tas tum\u0161os vakarus piepild\u012bs vair\u0101k nek\u0101 40 elpu aizraujo\u0161as gaismas instal\u0101cijas un m\u0101kslas objekti, kas rad\u012bti, lai sniegtu pozit\u012bvas emocijas un p\u0101rsteiguma prieku. Festiv\u0101ls, kas pulc\u0113 m\u0101ksliniekus no visas pasaules, \u0161ogad \u012bpa\u0161i aicina ieraudz\u012bt gaismu k\u0101 jauna s\u0101kuma un cer\u012bbas simbolu, atspogu\u013cojot t\u0113mu &#8220;R\u012btausmas v\u0113stne\u0161i&#8221;.<\/p>\n<p>Festiv\u0101la programma un mar\u0161ruts: Se\u0161i gaismas loki R\u012bg\u0101<\/p>\n<p>\u0160ogad &#8220;Staro R\u012bga 2025&#8221; mar\u0161ruts ir sadal\u012bts se\u0161os tematiskos &#8220;Gaismas lokos&#8221;, kas vijas cauri pils\u0113tai, pied\u0101v\u0101jot daudzpus\u012bgu un aizraujo\u0161u pieredzi ikvienam apmekl\u0113t\u0101jam. Ce\u013cojums s\u0101ksies pie Latvijas Nacion\u0101l\u0101s bibliot\u0113kas, kur apmekl\u0113t\u0101jus sagaid\u012bs iespaid\u012bgi gaismas objekti, tostarp &#8220;Stikla kalns&#8221; uz bibliot\u0113kas fas\u0101des un &#8220;Liel\u0101 gaismas josta&#8221; pie ieejas. T\u0101l\u0101k ce\u013c\u0161 ved\u012bs caur Vecr\u012bgu, kur b\u016bs apskat\u0101mi t\u0101di objekti k\u0101 &#8220;R\u012btausma. Mo\u0161an\u0101s&#8221; R\u0101tslaukum\u0101 un &#8220;R\u012btausma. Labr\u012bt!&#8221; Doma laukum\u0101. Pils\u0113tas centr\u0101lais parks, V\u0113rmanes d\u0101rzs un Esplan\u0101de, k\u013c\u016bs par &#8220;R\u012bgas centra parku gaismas loku&#8221;, pied\u0101v\u0101jot gan &#8220;Gaismas tuneli&#8221; Esplan\u0101d\u0113, gan latvju z\u012bmes pikse\u013cos &#8220;Pikse\u013cu d\u0101rz\u0101&#8221; V\u0113rmanes d\u0101rz\u0101. Citas noz\u012bm\u012bgas pieturas b\u016bs Br\u012bv\u012bbas pieminek\u013ca apk\u0101rtne, Br\u012bv\u012bbas iela un nosl\u0113dzo\u0161ais &#8220;Miera ielas gaismas loks&#8221;. Kop\u0113jais festiv\u0101la mar\u0161ruta garums ir aptuveni se\u0161i kilometri, un tas ir veidots t\u0101, lai to var\u0113tu baud\u012bt gan vien\u0101, gan vair\u0101kos vakaros, izv\u0113loties apl\u016bkot katru gaismas loku atsevi\u0161\u0137i. Festiv\u0101ls norisin\u0101s katru vakaru no plkst. 17:00 l\u012bdz 23:00, nodro\u0161inot pla\u0161as iesp\u0113jas izbaud\u012bt t\u0101 daudzveid\u012bbu.<\/p>\n<p>Starptautisk\u0101 m\u0101kslinieku izcil\u012bba un Latvijas devums<\/p>\n<p>\u0160\u0101 gada festiv\u0101l\u0101 \u012bpa\u0161i izcelts ir m\u0101kslinieku devums no da\u017e\u0101d\u0101m pasaules valst\u012bm. Apmekl\u0113t\u0101ji var\u0113s apbr\u012bnot instal\u0101cijas un gaismas objektus no Portug\u0101les, Ma\u0137edonijas, N\u012bderlandes, Francijas, Kan\u0101das, V\u0101cijas, Zviedrijas, Apvienot\u0101s Karalistes, Rum\u0101nijas un It\u0101lijas. \u0160ie starptautiskie m\u0101kslas darbi veido aptuveni tre\u0161da\u013cu no kop\u0113j\u0101 festiv\u0101la objektu kl\u0101sta, sniedzot R\u012bgai glob\u0101lu m\u0101ksliniecisku dimensiju. Piem\u0113ram, N\u012bderlandes m\u0101kslinieku &#8220;J\u0101\u0146t\u0101rpi\u0146u lauks&#8221; Esplan\u0101d\u0113 rad\u012bs il\u016bziju par vasaras vakara ma\u0123iju, savuk\u0101rt kan\u0101die\u0161u un v\u0101cu kopdarbs &#8220;Savijums&#8221; \u0122ertr\u016bdes bazn\u012bc\u0101 p\u0113t\u012bs kvantu fizikas un m\u0101kslas savstarp\u0113jo saikni. Paral\u0113li starptautiskajiem meistariem, festiv\u0101ls sniedz platformu ar\u012b pa\u0161m\u0101ju talantiem, demonstr\u0113jot Latvijas m\u0101kslas dinamisko un rado\u0161o potenci\u0101lu.<\/p>\n<p>TOP instal\u0101cijas un iespaid\u012bg\u0101kie objekti<\/p>\n<p>Starp gaid\u012bt\u0101kajiem festiv\u0101la objektiem ir vair\u0101ki, kas sola \u012bpa\u0161u vizu\u0101lu baud\u012bjumu. Latvijas Nacion\u0101l\u0101s bibliot\u0113kas fas\u0101de p\u0101rtaps par &#8220;Stikla kalnu&#8221;, radot ikoniskas projekcijas p\u0101ri Daugavai. Ieejot bibliot\u0113k\u0101, apmekl\u0113t\u0101jus sagaid\u012bs &#8220;Liel\u0101 gaismas josta&#8221;, radot &#8220;port\u0101la&#8221; saj\u016btu, bet bibliot\u0113kas interjer\u0101 atkl\u0101sies st\u0101sts par robe\u017e\u0101m un telpu objekt\u0101 &#8220;Aiz apv\u0101r\u0161\u0146a&#8221;. Vecr\u012bg\u0101 Doma laukum\u0101 iemirdz\u0113sies &#8220;R\u012btausma. Labr\u012bt!&#8221;, kas k\u013c\u016bs par centr\u0101lu pieturu &#8220;Vecr\u012bgas lok\u0101&#8221;. Latvijas Nacion\u0101l\u0101s operas un baleta \u0113ka k\u013c\u016bs par &#8220;Gaismas ra\u0161an\u0101s kodu&#8221;, kur klasisk\u0101 arhitekt\u016bra sapl\u016bd\u012bs ar gaismas dramatur\u0123iju. Esplan\u0101d\u0113 apmekl\u0113t\u0101jus gaid\u012bs &#8220;Les Lumineoles&#8221; \u2013 lidojo\u0161as gaismas b\u016btnes, kas rad\u012bs instagram\u012bgu skatu. V\u0113rmenes d\u0101rz\u0101 &#8220;Pikse\u013cu d\u0101rzs. Auseklis \/ Josta&#8221; izmantos latvju z\u012bmes pikse\u013cu form\u0101t\u0101. T\u0101pat \u012bpa\u0161i gaid\u012bts ir objekts &#8220;Devi\u0146as dzirksteles&#8221; pie Dailes te\u0101tra, kas demonstr\u0113s dinamisku mijiedarb\u012bbu ar moderno fas\u0101di. Citi gaid\u012bti objekti ietver &#8220;Peldo\u0161\u0101s zvaigznes&#8221; Doma d\u0101rz\u0101, kas pl\u016bd\u012bs k\u0101 sap\u0146i debes\u012bs, un &#8220;Pieskarties zvaigznei&#8221; Bastejkaln\u0101, sniedzot iesp\u0113ju burtiski aizsniegt debesu \u0137erme\u0146us.<\/p>\n<p>Praktiski padomi festiv\u0101la apmekl\u0113t\u0101jiem<\/p>\n<p>Lai maksim\u0101li izbaud\u012btu gaismas festiv\u0101lu &#8220;Staro R\u012bga 2025&#8221;, ieteicams pl\u0101not savu apmekl\u0113jumu laic\u012bgi. Festiv\u0101ls ir bez maksas, ta\u010du, lai nodro\u0161in\u0101tu \u0113rtu nok\u013c\u016b\u0161anu pie vis\u0101m norises viet\u0101m, j\u0101\u0146em v\u0113r\u0101, ka no 14. novembra plkst. 17:00 l\u012bdz 18. novembrim plkst. 24:00 tiks sl\u0113gts satiksmei Ka\u013c\u0137u ielas posms. \u0160\u012b satiksmes ierobe\u017eojuma d\u0113\u013c var b\u016bt nepiecie\u0161ams izmantot sabiedrisko transportu vai p\u0101rvietoties k\u0101j\u0101m. \u012apa\u0161i \u0113rti var\u0113tu b\u016bt izmantot R\u012bgas sabiedrisk\u0101 transporta pakalpojumus, piem\u0113ram, tramvajus un autobusus, kas nodro\u0161ina piek\u013cuvi centra rajoniem. Apmekl\u0113t\u0101ji tiek aicin\u0101ti sekot l\u012bdzi ofici\u0101lajai festiv\u0101la m\u0101jaslapai www.staroriga.lv, kur pieejama interakt\u012bv\u0101 karte ar visiem objektiem un prec\u012bzu programmu. T\u0101pat festiv\u0101la organizatori iesaka izmantot \u0113rtu ap\u0123\u0113rbu un apavus, jo pastaiga pa se\u0161iem gaismas lokiem var aiz\u0146emt vair\u0101kas stundas. Ieteicams pa\u0146emt l\u012bdzi termosu ar siltu dz\u0113rienu, \u012bpa\u0161i, ja apmekl\u0113jums iepl\u0101nots v\u0113l\u0101 vakar\u0101. Lai rad\u012btu v\u0113l vair\u0101k gaismas un prieka, katrs apmekl\u0113t\u0101js var k\u013c\u016bt par &#8220;r\u012btausmas v\u0113stnesi&#8221;, daloties sav\u0101s pozit\u012bvaj\u0101s emocij\u0101s un pieredz\u0113 soci\u0101lajos t\u012bklos ar attiec\u012bgajiem festiv\u0101la mirk\u013csajiem.<\/p>\n","protected":false},"excerpt":{"rendered":"Mirdzo\u0161\u0101 R\u012bga aicina uz gaismas festiv\u0101lu &#8220;Staro R\u012bga 2025&#8221; Gaidot Latvijas dzim\u0161anas dienu, R\u012bga aicina savus iedz\u012bvot\u0101jus un&hellip;\n","protected":false},"author":2,"featured_media":52960,"comment_status":"","ping_status":"","sticky":false,"template":"","format":"standard","meta":{"footnotes":""},"categories":[5],"tags":[23,28,29,32,33,13063,13956,22,30,31,35,39,38,36,37,34,40,20,26,27,172,14513,13958,24,25,21],"class_list":{"0":"post-52959","1":"post","2":"type-post","3":"status-publish","4":"format-standard","5":"has-post-thumbnail","7":"category-aktualitates","8":"tag-aktualitates","9":"tag-breaking-news","10":"tag-breakingnews","11":"tag-featured-news","12":"tag-featurednews","13":"tag-gaismas-festivals","14":"tag-gaismas-objekti","15":"tag-headlines","16":"tag-latest-news","17":"tag-latestnews","18":"tag-latvia","19":"tag-latvian","20":"tag-latviesu","21":"tag-latviesu-valoda","22":"tag-latviesuvaloda","23":"tag-latvija","24":"tag-lv","25":"tag-news","26":"tag-popularakas-zinas","27":"tag-popularakaszinas","28":"tag-riga","29":"tag-ritausmas-vestnesi","30":"tag-staro-riga-2025","31":"tag-top-stories","32":"tag-topstories","33":"tag-zinas"},"share_on_mastodon":{"url":"https:\/\/pubeurope.com\/@lv\/115572190975129271","error":""},"_links":{"self":[{"href":"https:\/\/www.europesays.com\/lv\/wp-json\/wp\/v2\/posts\/52959","targetHints":{"allow":["GET"]}}],"collection":[{"href":"https:\/\/www.europesays.com\/lv\/wp-json\/wp\/v2\/posts"}],"about":[{"href":"https:\/\/www.europesays.com\/lv\/wp-json\/wp\/v2\/types\/post"}],"author":[{"embeddable":true,"href":"https:\/\/www.europesays.com\/lv\/wp-json\/wp\/v2\/users\/2"}],"replies":[{"embeddable":true,"href":"https:\/\/www.europesays.com\/lv\/wp-json\/wp\/v2\/comments?post=52959"}],"version-history":[{"count":0,"href":"https:\/\/www.europesays.com\/lv\/wp-json\/wp\/v2\/posts\/52959\/revisions"}],"wp:featuredmedia":[{"embeddable":true,"href":"https:\/\/www.europesays.com\/lv\/wp-json\/wp\/v2\/media\/52960"}],"wp:attachment":[{"href":"https:\/\/www.europesays.com\/lv\/wp-json\/wp\/v2\/media?parent=52959"}],"wp:term":[{"taxonomy":"category","embeddable":true,"href":"https:\/\/www.europesays.com\/lv\/wp-json\/wp\/v2\/categories?post=52959"},{"taxonomy":"post_tag","embeddable":true,"href":"https:\/\/www.europesays.com\/lv\/wp-json\/wp\/v2\/tags?post=52959"}],"curies":[{"name":"wp","href":"https:\/\/api.w.org\/{rel}","templated":true}]}}