{"id":52963,"date":"2025-11-18T18:56:07","date_gmt":"2025-11-18T18:56:07","guid":{"rendered":"https:\/\/www.europesays.com\/lv\/52963\/"},"modified":"2025-11-18T18:56:07","modified_gmt":"2025-11-18T18:56:07","slug":"omskas-apgabala-spradzis-gazes-vads","status":"publish","type":"post","link":"https:\/\/www.europesays.com\/lv\/52963\/","title":{"rendered":"Omskas apgabal\u0101 spr\u0101dzis g\u0101zes vads"},"content":{"rendered":"<p>Krievij\u0101 Omskas apgabal\u0101 otrdien noticis g\u0101zes vada spr\u0101dziens, pav\u0113st\u012bja apgabala gubernators Vit\u0101lijs Hocenko.<\/p>\n<p>Spr\u0101dziens pie Rostovkas, net\u0101lu no Omskas, noticis g\u0101zes nopl\u016bdes d\u0113\u013c, nor\u0101d\u012bja gubernators. Cietu\u0161o nav.<\/p>\n<p>K\u0101 liecina s\u0101kotn\u0113j\u0101 inform\u0101cija, spr\u0101dziens noticis remontdarbu laik\u0101.<\/p>\n<p>Spr\u0101dziens un tam sekojo\u0161ais ugunsgr\u0113ks fiks\u0113ti aculiecinieku video.<\/p>\n<p>Liesmu stabs virs spr\u0101dziena vietas pace\u013cas vair\u0101ku desmitu metru augstum\u0101, redzams video, kas public\u0113ti soci\u0101lajos t\u012bklos.<\/p>\n<p><a target=\"_blank\" href=\"https:\/\/twitter.com\/tvrain\/status\/1990662919344849286\" rel=\"nofollow noopener\">https:\/\/twitter.com\/tvrain\/status\/1990662919344849286<\/a><br \/><img decoding=\"async\" src=\"https:\/\/www.europesays.com\/lv\/wp-content\/uploads\/2025\/11\/0a2da7752fbebcb0296fbc5277fbeb06.png\" title=\"Foto: Ekr\u0101n\u0161\u0101vi\u0146\u0161 no X\" alt=\"Foto: Ekr\u0101n\u0161\u0101vi\u0146\u0161 no X\"\/><\/p>\n<p class=\"article-img-desc\">Foto: Ekr\u0101n\u0161\u0101vi\u0146\u0161 no X<\/p>\n<p><script async src=\"https:\/\/platform.twitter.com\/widgets.js\" charset=\"utf-8\"><\/script><\/p>\n","protected":false},"excerpt":{"rendered":"Krievij\u0101 Omskas apgabal\u0101 otrdien noticis g\u0101zes vada spr\u0101dziens, pav\u0113st\u012bja apgabala gubernators Vit\u0101lijs Hocenko. Spr\u0101dziens pie Rostovkas, net\u0101lu no&hellip;\n","protected":false},"author":2,"featured_media":52964,"comment_status":"","ping_status":"","sticky":false,"template":"","format":"standard","meta":{"footnotes":""},"categories":[14],"tags":[129,470,473,23,57,28,29,32,33,22,30,31,35,39,38,36,37,34,40,20,26,27,471,474,472,475,24,25,54,55,56,21,58],"class_list":{"0":"post-52963","1":"post","2":"type-post","3":"status-publish","4":"format-standard","5":"has-post-thumbnail","7":"category-zinas-no-arvalstim","8":"tag-__typenameadvicekeyword","9":"tag-id532","10":"tag-id549","11":"tag-aktualitates","12":"tag-arvalstim","13":"tag-breaking-news","14":"tag-breakingnews","15":"tag-featured-news","16":"tag-featurednews","17":"tag-headlines","18":"tag-latest-news","19":"tag-latestnews","20":"tag-latvia","21":"tag-latvian","22":"tag-latviesu","23":"tag-latviesu-valoda","24":"tag-latviesuvaloda","25":"tag-latvija","26":"tag-lv","27":"tag-news","28":"tag-popularakas-zinas","29":"tag-popularakaszinas","30":"tag-slugkars-ukraina","31":"tag-slugkrievijas-iebrukums-ukraina","32":"tag-titlekars-ukraina","33":"tag-titlekrievijas-iebrukums-ukraina","34":"tag-top-stories","35":"tag-topstories","36":"tag-world","37":"tag-world-news","38":"tag-worldnews","39":"tag-zinas","40":"tag-zinas-no-arvalstim"},"share_on_mastodon":{"url":"","error":"Validation failed: Text character limit of 500 exceeded"},"_links":{"self":[{"href":"https:\/\/www.europesays.com\/lv\/wp-json\/wp\/v2\/posts\/52963","targetHints":{"allow":["GET"]}}],"collection":[{"href":"https:\/\/www.europesays.com\/lv\/wp-json\/wp\/v2\/posts"}],"about":[{"href":"https:\/\/www.europesays.com\/lv\/wp-json\/wp\/v2\/types\/post"}],"author":[{"embeddable":true,"href":"https:\/\/www.europesays.com\/lv\/wp-json\/wp\/v2\/users\/2"}],"replies":[{"embeddable":true,"href":"https:\/\/www.europesays.com\/lv\/wp-json\/wp\/v2\/comments?post=52963"}],"version-history":[{"count":0,"href":"https:\/\/www.europesays.com\/lv\/wp-json\/wp\/v2\/posts\/52963\/revisions"}],"wp:featuredmedia":[{"embeddable":true,"href":"https:\/\/www.europesays.com\/lv\/wp-json\/wp\/v2\/media\/52964"}],"wp:attachment":[{"href":"https:\/\/www.europesays.com\/lv\/wp-json\/wp\/v2\/media?parent=52963"}],"wp:term":[{"taxonomy":"category","embeddable":true,"href":"https:\/\/www.europesays.com\/lv\/wp-json\/wp\/v2\/categories?post=52963"},{"taxonomy":"post_tag","embeddable":true,"href":"https:\/\/www.europesays.com\/lv\/wp-json\/wp\/v2\/tags?post=52963"}],"curies":[{"name":"wp","href":"https:\/\/api.w.org\/{rel}","templated":true}]}}