{"id":52968,"date":"2025-11-18T19:00:09","date_gmt":"2025-11-18T19:00:09","guid":{"rendered":"https:\/\/www.europesays.com\/lv\/52968\/"},"modified":"2025-11-18T19:00:09","modified_gmt":"2025-11-18T19:00:09","slug":"irakas-futbolisti-parspej-turigos-aae-un-saglaba-sapni-par-atgriesanos-pk-finalturnira-futbols-sportacentrs-com","status":"publish","type":"post","link":"https:\/\/www.europesays.com\/lv\/52968\/","title":{"rendered":"Ir\u0101kas futbolisti p\u0101rsp\u0113j tur\u012bgos AAE un saglab\u0101 sapni par atgrie\u0161anos PK fin\u0101lturn\u012br\u0101 \u2013 Futbols \u2013 Sportacentrs.com"},"content":{"rendered":"<p>Ceturtdien Ab\u016b Dab\u012b komandas sp\u0113koj\u0101s 1:1, priek\u0161gal\u0101 tiekot ir\u0101kie\u0161iem. Savuk\u0101rt \u0161odien pirmie vad\u012bbu ieguva viesi, otr\u0101 puslaika ievad\u0101 prec\u012bzi sitot braz\u012blietim Kajo Lukasam. Biju\u0161ais Lisabonas &#8220;Benfica&#8221; uzbruc\u0113js bija viens no asto\u0146iem (!) \u0101rvalstu izcelsmes sp\u0113l\u0113t\u0101jiem AAE s\u0101kumsast\u0101v\u0101 (v\u0113l vair\u0101ki c\u012b\u0146u uzs\u0101ka mal\u0101).<\/p>\n<p>Par ir\u0101kie\u0161u varoni k\u013cuva 25 gadus vecais Mohanads Ali, pa\u0161m\u0101j\u0101s saukts ar\u012b par Mimi, kur\u0161 v\u0101rtsargu Halidu Eisu p\u0101rsp\u0113ja 66. min\u016bt\u0113 un kompens\u0101cijas laika 17. min\u016bt\u0113.<\/p>\n<p>Izsl\u0113g\u0161anas turn\u012br\u0101 pavasar\u012b par div\u0101m ce\u013caz\u012bm\u0113m uz lielo forumu c\u012bn\u012bsies ar\u012b Bol\u012bvijas, Jaunkaledonijas un Kongo Demokr\u0101tisk\u0101s Republikas futbolisti. V\u0113l divas dal\u012bbnieces tiks noskaidrotas Zieme\u013cu un Centr\u0101lamerikas zonas (CONCACAF) atlases sacens\u012bbu izska\u0146\u0101 \u0161onakt.<\/p>\n<p>Avots:<br \/><a target=\"_blank\" href=\"https:\/\/www.the-afc.com\/en\/national\/asian_qualifiers.html\/news\/iraq-beat-uae-to-keep-qualification-hopes-alive\" rel=\"nofollow noopener\">https:\/\/www.the-afc.com\/en\/national&#8230;<\/a><\/p>\n","protected":false},"excerpt":{"rendered":"Ceturtdien Ab\u016b Dab\u012b komandas sp\u0113koj\u0101s 1:1, priek\u0161gal\u0101 tiekot ir\u0101kie\u0161iem. Savuk\u0101rt \u0161odien pirmie vad\u012bbu ieguva viesi, otr\u0101 puslaika ievad\u0101&hellip;\n","protected":false},"author":2,"featured_media":52969,"comment_status":"","ping_status":"","sticky":false,"template":"","format":"standard","meta":{"footnotes":""},"categories":[17],"tags":[676,35,39,38,36,37,34,40,67],"class_list":{"0":"post-52968","1":"post","2":"type-post","3":"status-publish","4":"format-standard","5":"has-post-thumbnail","7":"category-sports","8":"tag-futbols","9":"tag-latvia","10":"tag-latvian","11":"tag-latviesu","12":"tag-latviesu-valoda","13":"tag-latviesuvaloda","14":"tag-latvija","15":"tag-lv","16":"tag-sports"},"share_on_mastodon":{"url":"https:\/\/pubeurope.com\/@lv\/115572245972263624","error":""},"_links":{"self":[{"href":"https:\/\/www.europesays.com\/lv\/wp-json\/wp\/v2\/posts\/52968","targetHints":{"allow":["GET"]}}],"collection":[{"href":"https:\/\/www.europesays.com\/lv\/wp-json\/wp\/v2\/posts"}],"about":[{"href":"https:\/\/www.europesays.com\/lv\/wp-json\/wp\/v2\/types\/post"}],"author":[{"embeddable":true,"href":"https:\/\/www.europesays.com\/lv\/wp-json\/wp\/v2\/users\/2"}],"replies":[{"embeddable":true,"href":"https:\/\/www.europesays.com\/lv\/wp-json\/wp\/v2\/comments?post=52968"}],"version-history":[{"count":0,"href":"https:\/\/www.europesays.com\/lv\/wp-json\/wp\/v2\/posts\/52968\/revisions"}],"wp:featuredmedia":[{"embeddable":true,"href":"https:\/\/www.europesays.com\/lv\/wp-json\/wp\/v2\/media\/52969"}],"wp:attachment":[{"href":"https:\/\/www.europesays.com\/lv\/wp-json\/wp\/v2\/media?parent=52968"}],"wp:term":[{"taxonomy":"category","embeddable":true,"href":"https:\/\/www.europesays.com\/lv\/wp-json\/wp\/v2\/categories?post=52968"},{"taxonomy":"post_tag","embeddable":true,"href":"https:\/\/www.europesays.com\/lv\/wp-json\/wp\/v2\/tags?post=52968"}],"curies":[{"name":"wp","href":"https:\/\/api.w.org\/{rel}","templated":true}]}}