{"id":52972,"date":"2025-11-18T19:04:08","date_gmt":"2025-11-18T19:04:08","guid":{"rendered":"https:\/\/www.europesays.com\/lv\/52972\/"},"modified":"2025-11-18T19:04:08","modified_gmt":"2025-11-18T19:04:08","slug":"mes-nedrikstam-zaudet-musu-latviju-dzenoties-pec-spilgtam-maldugunim","status":"publish","type":"post","link":"https:\/\/www.europesays.com\/lv\/52972\/","title":{"rendered":"M\u0113s nedr\u012bkstam zaud\u0113t m\u016bsu Latviju, dzenoties p\u0113c spilgt\u0101m maldugun\u012bm"},"content":{"rendered":"<p>&#8220;Ja kaut kas nedarbojas, tas j\u0101labo, nevis j\u0101grauj. Ja neklaus\u0101mies pret\u0113j\u0101 viedokl\u012b, ar\u012b m\u016bsu viedoklis zaud\u0113 noz\u012bmi. Esot pa\u0161taisni, m\u0113s pazaud\u0113sim viens otru. Bet m\u0113s cits citam esam vajadz\u012bgi vair\u0101k nek\u0101 jebkad,&#8221; pauda prezidents.<\/p>\n<p>Rink\u0113vi\u010ds sprieda, ka sp\u0113ja vienoties labajam mums jau ir un, t\u0101pat k\u0101 Latvijas dibin\u0101t\u0101jiem, mums visiem ir kop\u012bgs m\u0113r\u0137is &#8211; br\u012bva un stipra Latvija.<\/p>\n<p>&#8220;M\u0113s nedr\u012bkstam zaud\u0113t m\u016bsu Latviju, dzenoties p\u0113c spilgt\u0101m maldugun\u012bm. M\u016bsu br\u012bv\u012bbas gaisma n\u0101k no rietumiem, nevis austrumiem, un c\u012b\u0146a par gai\u0161u Latviju turpin\u0101s ik dienas,&#8221; uzsv\u0113ra prezidents.<\/p>\n<p>Rink\u0113vi\u010ds aicin\u0101ja d\u0101v\u0101t labo Latvijai un viens otram, piebilsto, ka mums ir daudz lab\u0101 un ar\u012b daudz sp\u0113ka. &#8220;M\u0113s esam sp\u0113c\u012bga tauta. Sp\u0113ks ir sp\u0113j\u0101 redz\u0113t t\u0101l\u0101k un sp\u0113j\u0101 ieklaus\u012bties, sp\u0113ks ir kop\u012bg\u0101 ce\u013c\u0101 un sp\u0113ks ir \u0161\u0137ietam\u0101 strupce\u013c\u0101 atrast kop\u012bgu taci\u0146u ce\u013c\u0101 uz lielo m\u0113r\u0137i,&#8221; vi\u0146\u0161 sac\u012bja.<\/p>\n<p>Prezidents uzsv\u0113ra, ka mums ir kop\u012bgs sp\u0113ka avots &#8211; t\u0101 ir m\u016bsu Latvija.<\/p>\n<p>Prezidenta uzrunu klaus\u012bj\u0101s vair\u0101ki simti cilv\u0113ku, kas san\u0101ku\u0161i sv\u0113tku koncert\u0101 pie Br\u012bv\u012bbas pieminek\u013ca.<\/p>\n<p>\u0160odien tiek svin\u0113ta Latvijas Republikas proklam\u0113\u0161anas 107. gadadiena. Latvijas Republika tika proklam\u0113ta 1918. gada 18. novembr\u012b plkst. 16 Otraj\u0101 pils\u0113tas te\u0101tr\u012b, tagad\u0113j\u0101 Latvijas Nacion\u0101laj\u0101 te\u0101tr\u012b.<\/p>\n<p>Par godu \u0161ai dienai daudzviet jau notiku\u0161i vai v\u0113l gaid\u0101mi sv\u0113tku pas\u0101kumi.<\/p>\n","protected":false},"excerpt":{"rendered":"&#8220;Ja kaut kas nedarbojas, tas j\u0101labo, nevis j\u0101grauj. Ja neklaus\u0101mies pret\u0113j\u0101 viedokl\u012b, ar\u012b m\u016bsu viedoklis zaud\u0113 noz\u012bmi. Esot&hellip;\n","protected":false},"author":2,"featured_media":52973,"comment_status":"","ping_status":"","sticky":false,"template":"","format":"standard","meta":{"footnotes":""},"categories":[5],"tags":[23,28,29,816,32,33,22,30,31,35,39,38,36,37,34,40,20,26,27,24,25,9191,21],"class_list":{"0":"post-52972","1":"post","2":"type-post","3":"status-publish","4":"format-standard","5":"has-post-thumbnail","7":"category-aktualitates","8":"tag-aktualitates","9":"tag-breaking-news","10":"tag-breakingnews","11":"tag-edgars-rinkevics","12":"tag-featured-news","13":"tag-featurednews","14":"tag-headlines","15":"tag-latest-news","16":"tag-latestnews","17":"tag-latvia","18":"tag-latvian","19":"tag-latviesu","20":"tag-latviesu-valoda","21":"tag-latviesuvaloda","22":"tag-latvija","23":"tag-lv","24":"tag-news","25":"tag-popularakas-zinas","26":"tag-popularakaszinas","27":"tag-top-stories","28":"tag-topstories","29":"tag-valsts-prezidents","30":"tag-zinas"},"share_on_mastodon":{"url":"https:\/\/pubeurope.com\/@lv\/115572261730114011","error":""},"_links":{"self":[{"href":"https:\/\/www.europesays.com\/lv\/wp-json\/wp\/v2\/posts\/52972","targetHints":{"allow":["GET"]}}],"collection":[{"href":"https:\/\/www.europesays.com\/lv\/wp-json\/wp\/v2\/posts"}],"about":[{"href":"https:\/\/www.europesays.com\/lv\/wp-json\/wp\/v2\/types\/post"}],"author":[{"embeddable":true,"href":"https:\/\/www.europesays.com\/lv\/wp-json\/wp\/v2\/users\/2"}],"replies":[{"embeddable":true,"href":"https:\/\/www.europesays.com\/lv\/wp-json\/wp\/v2\/comments?post=52972"}],"version-history":[{"count":0,"href":"https:\/\/www.europesays.com\/lv\/wp-json\/wp\/v2\/posts\/52972\/revisions"}],"wp:featuredmedia":[{"embeddable":true,"href":"https:\/\/www.europesays.com\/lv\/wp-json\/wp\/v2\/media\/52973"}],"wp:attachment":[{"href":"https:\/\/www.europesays.com\/lv\/wp-json\/wp\/v2\/media?parent=52972"}],"wp:term":[{"taxonomy":"category","embeddable":true,"href":"https:\/\/www.europesays.com\/lv\/wp-json\/wp\/v2\/categories?post=52972"},{"taxonomy":"post_tag","embeddable":true,"href":"https:\/\/www.europesays.com\/lv\/wp-json\/wp\/v2\/tags?post=52972"}],"curies":[{"name":"wp","href":"https:\/\/api.w.org\/{rel}","templated":true}]}}