{"id":52982,"date":"2025-11-18T19:18:07","date_gmt":"2025-11-18T19:18:07","guid":{"rendered":"https:\/\/www.europesays.com\/lv\/52982\/"},"modified":"2025-11-18T19:18:07","modified_gmt":"2025-11-18T19:18:07","slug":"lapi-varetu-atgriezties-wrc-motoru-sports-sportacentrs-com","status":"publish","type":"post","link":"https:\/\/www.europesays.com\/lv\/52982\/","title":{"rendered":"Lapi var\u0113tu atgriezties WRC \u2013 Motoru sports \u2013 Sportacentrs.com"},"content":{"rendered":"<p>Hyundai sporta direktors Endrj\u016b V\u012btlijs jau iepriek\u0161 nor\u0101d\u012bja, ka komanda tre\u0161\u0101 brauc\u0113ja lomai izskat\u012bs divus variantus \u2013 mekl\u0113s pieredz\u0113ju\u0161u pilotu vai jaun\u0101ku talantu. T\u0101pat tiek apsv\u0113rta tre\u0161\u0101s ma\u0161\u012bnas dal\u012b\u0161ana diviem pilotiem, k\u0101 Hyundai dar\u012bja jau 2024. gad\u0101.<\/p>\n<p>K\u0101 port\u0101lam RallyJournal.com apstiprin\u0101ja Esapeka Lapi, tad vi\u0146\u0161 esot sa\u0146\u0113mis zvanu no Hyundai komandas. &#8221;Nu, j\u0101\u2026 sa\u0146\u0113mu telefona zvanu no Hyundai pirms pusotras ned\u0113\u013cas. Tas viss ir \u013coti agr\u012bn\u0101 stadij\u0101. Bet m\u0113s esam run\u0101ju\u0161i,&#8221; saka 2025.gada Somijas rallija \u010dempions. &#8221;Dom\u0101ju, ka vienm\u0113r ir v\u0113rts uzklaus\u012bt, ko vi\u0146i pied\u0101v\u0101.&#8221;<\/p>\n<p>Lapi jau iepriek\u0161 teicis, ka negrib pilnas sezonas darbu WRC, un to vi\u0146\u0161 atk\u0101rtoti uzsv\u0113ra, atkl\u0101jot, ka vi\u0146\u0161 pieejams tikai nepilnai programmai, k\u0101 ar\u012b vi\u0146am ir ar\u012b l\u012bgums par dal\u012bbu Somijas rallija \u010dempion\u0101t\u0101, ko b\u016btu j\u0101piem\u0113ro WRC grafikam.<\/p>\n<p>&#8221;Kaut ar\u012b pirms p\u0101ris ned\u0113\u013c\u0101m teicu, ka man nepietr\u016bkst WRC un es nem\u0113\u0123inu atgriezties, ta\u010du \u0161oreiz ir cits st\u0101sts. Nesaku, ka vi\u0146i cen\u0161as mani piespiest atgriezties, un ar\u012b pats neesmu m\u0113\u0123in\u0101jis atgriezties WRC. \u0160aj\u0101 zi\u0146\u0101 noteikti ir v\u0113rts uzklaus\u012bt, kas tiek pied\u0101v\u0101ts, pirms pie\u0146emt l\u0113mumu vai to noraid\u012bt.&#8221;<\/p>\n<p>\u0160obr\u012bd kulu\u0101ros izskan baumas, ka Hyundai pl\u0101no n\u0101kamgad sav\u0101 tre\u0161aj\u0101 automa\u0161\u012bn\u0101 start\u0113t ar diviem pieredz\u0113ju\u0161iem brauc\u0113jiem \u2013 \u0161\u012b gada Portug\u0101les rallija \u010dempionu Dani Sordo un divu WRC posmu uzvar\u0113t\u0101js Lapi.<\/p>\n<p>Izmantotie resursi:<br \/><a target=\"_blank\" href=\"http:\/\/www.rallyJournal.com\" rel=\"nofollow noopener\">All rally news in one place &#8211; RallyJournal.com<\/a><\/p>\n","protected":false},"excerpt":{"rendered":"Hyundai sporta direktors Endrj\u016b V\u012btlijs jau iepriek\u0161 nor\u0101d\u012bja, ka komanda tre\u0161\u0101 brauc\u0113ja lomai izskat\u012bs divus variantus \u2013 mekl\u0113s&hellip;\n","protected":false},"author":2,"featured_media":52983,"comment_status":"","ping_status":"","sticky":false,"template":"","format":"standard","meta":{"footnotes":""},"categories":[17],"tags":[35,39,38,36,37,34,40,165,67],"class_list":{"0":"post-52982","1":"post","2":"type-post","3":"status-publish","4":"format-standard","5":"has-post-thumbnail","7":"category-sports","8":"tag-latvia","9":"tag-latvian","10":"tag-latviesu","11":"tag-latviesu-valoda","12":"tag-latviesuvaloda","13":"tag-latvija","14":"tag-lv","15":"tag-motoru-sports","16":"tag-sports"},"share_on_mastodon":{"url":"https:\/\/pubeurope.com\/@lv\/115572316809386963","error":""},"_links":{"self":[{"href":"https:\/\/www.europesays.com\/lv\/wp-json\/wp\/v2\/posts\/52982","targetHints":{"allow":["GET"]}}],"collection":[{"href":"https:\/\/www.europesays.com\/lv\/wp-json\/wp\/v2\/posts"}],"about":[{"href":"https:\/\/www.europesays.com\/lv\/wp-json\/wp\/v2\/types\/post"}],"author":[{"embeddable":true,"href":"https:\/\/www.europesays.com\/lv\/wp-json\/wp\/v2\/users\/2"}],"replies":[{"embeddable":true,"href":"https:\/\/www.europesays.com\/lv\/wp-json\/wp\/v2\/comments?post=52982"}],"version-history":[{"count":0,"href":"https:\/\/www.europesays.com\/lv\/wp-json\/wp\/v2\/posts\/52982\/revisions"}],"wp:featuredmedia":[{"embeddable":true,"href":"https:\/\/www.europesays.com\/lv\/wp-json\/wp\/v2\/media\/52983"}],"wp:attachment":[{"href":"https:\/\/www.europesays.com\/lv\/wp-json\/wp\/v2\/media?parent=52982"}],"wp:term":[{"taxonomy":"category","embeddable":true,"href":"https:\/\/www.europesays.com\/lv\/wp-json\/wp\/v2\/categories?post=52982"},{"taxonomy":"post_tag","embeddable":true,"href":"https:\/\/www.europesays.com\/lv\/wp-json\/wp\/v2\/tags?post=52982"}],"curies":[{"name":"wp","href":"https:\/\/api.w.org\/{rel}","templated":true}]}}