{"id":52988,"date":"2025-11-18T19:25:03","date_gmt":"2025-11-18T19:25:03","guid":{"rendered":"https:\/\/www.europesays.com\/lv\/52988\/"},"modified":"2025-11-18T19:25:03","modified_gmt":"2025-11-18T19:25:03","slug":"apple-gatavo-iphone-vacinus-ar-sensora-pogam-un-iebuvetu-touch-id-lente-lv","status":"publish","type":"post","link":"https:\/\/www.europesays.com\/lv\/52988\/","title":{"rendered":"\u00abApple\u00bb gatavo iPhone v\u0101ci\u0146us ar sensora pog\u0101m un ieb\u016bv\u0113tu Touch ID\u00a0\u2014\u00a0Lente.lv"},"content":{"rendered":"<p>Jaunumi no \u00abApple\u00bb: Sensora pogas un Touch ID uz iPhone v\u0101ci\u0146iem<\/p>\n<p>K\u0101 v\u0113sta inform\u0113ts avots ar iesauku Instant Digital, tehnolo\u0123iju gigants \u00abApple\u00bb akt\u012bvi str\u0101d\u0101 pie inovat\u012bviem iPhone v\u0101ci\u0146iem, kas var\u0113tu aizst\u0101t ierast\u0101s fizisk\u0101s pogas. \u0160\u012bs jaun\u0101s funkcion\u0101l\u0101s virsmas ar ieb\u016bv\u0113tu Touch ID tehnolo\u0123iju, p\u0113c visa sprie\u017eot, tiks ieviestas tie\u0161i \u00abPro\u00bb s\u0113rijas mode\u013cos, radot jaunu interakcijas dimensiju ar viedt\u0101lruni.<\/p>\n<p>Patents un n\u0101kotnes v\u012bzija<\/p>\n<p>\u0160\u012b inform\u0101cija lieliski saskan ar \u00abApple\u00bb 2024. gad\u0101 iesniegto patentu, kas apraksta v\u0101ci\u0146u ar jut\u012bg\u0101m zon\u0101m ier\u012bces vad\u012bbai. \u0160\u012bs zonas sp\u0113tu rea\u0123\u0113t uz piesk\u0101rienu vai spiedienu, un, kad v\u0101ci\u0146\u0161 tiek pievienots, iPhone autom\u0101tiski deaktiv\u0113tu da\u013cu fizisko pogu, nododot vad\u012bbu \u0161iem jaunajiem sensoriem. Interesanti, ka patent\u0101 min\u0113ta ar\u012b Touch ID funkcionalit\u0101tes integr\u0101cija tie\u0161i v\u0101ci\u0146\u0101, padarot piek\u013cuvi v\u0113l \u0113rt\u0101ku un dro\u0161\u0101ku. Lai gan \u0161\u012b tehnolo\u0123ija v\u0113l ir savos agr\u012bnajos att\u012bst\u012bbas posmos, \u00abApple\u00bb skaidri signaliz\u0113 par t\u0101s pla\u0161\u0101ku potenci\u0101lo pielietojumu \u2013 no viedpulkste\u0146iem un kl\u0113pjdatoriem l\u012bdz pat t\u0101lvad\u012bbas pult\u012bm un sadz\u012bves tehnikai. Tas liecina par visaptvero\u0161u strat\u0113\u0123iju, k\u0101 padar\u012bt ier\u012b\u010du lieto\u0161anu intuit\u012bv\u0101ku.<\/p>\n<p>Ce\u013c\u0161 uz 20. gadadienu un iepriek\u0161\u0113jie eksperimenti<\/p>\n<p>\u0160ie baumu vilnis par\u0101d\u0101s laik\u0101, kad \u00abApple\u00bb gatavojas iPhone 20. gadadienai, kas paredz\u0113ta 2027. gad\u0101. Tad tiek prognoz\u0113ts v\u0113rien\u012bgs dizaina atjaunin\u0101jums, kas, iesp\u0113jams, atg\u0101din\u0101s pirm\u0101 iPhone mode\u013ca est\u0113tiku. J\u0101atz\u012bm\u0113, ka \u00abApple\u00bb jau vair\u0101kus gadus iev\u0113ro ciklu, kur\u0101 noz\u012bm\u012bgas dizaina vai funkciju izmai\u0146as tiek ieviestas ik p\u0113c trim paaudz\u0113m. K\u0101 piem\u0113ru var min\u0113t iepriek\u0161\u0113jo apsv\u0113rumu aizst\u0101t fizisk\u0101s pogas ar kapacitat\u012bv\u0101m iPhone 15 Pro mode\u013cos. \u0160\u012bs pogas neb\u016btu paredz\u0113tas tradicion\u0101lai nospie\u0161anai, bet gan rea\u0123\u0113tu uz piesk\u0101rienu vai spiedienu, radot klik\u0161\u0137a saj\u016btu, izmantojot vibr\u0101cijas atgriezenisko saiti. Diem\u017e\u0113l \u0161\u012b iecere tika pamesta tehnisku gr\u016bt\u012bbu d\u0113\u013c. Nav skaidrs, vai jaunais sensora v\u0101ci\u0146u projekts ir tie\u0161i saist\u012bts ar \u0161o agr\u012bno ideju, ta\u010du sakrit\u012bba ir ac\u012bmredzama.<\/p>\n<p>Aksesu\u0101ru papla\u0161in\u0101\u0161ana un n\u0101kotnes perspekt\u012bvas<\/p>\n<p>\u0160ogad \u00abApple\u00bb iev\u0113rojami papla\u0161in\u0101jis savu aksesu\u0101ru kl\u0101stu, pied\u0101v\u0101jot jaunus TechWoven v\u0101ci\u0146us (izgatavotus no sint\u0113tisk\u0101s \u0101das un alum\u012bnija), silikona un caursp\u012bd\u012bgus variantus, plecu siksni\u0146as, ekskluz\u012bvu \u00abze\u0137\u012bti\u00bb par 300 dol\u0101riem, MagSafe akumulatoru iPhone Air un Beats aizsargapvalkus. 9to5Mac izdevums uzskata, ka, \u0146emot v\u0113r\u0101 \u0161o pla\u0161o jauno produktu kl\u0101stu, ir piln\u012bgi lo\u0123iski pie\u0146emt, ka uz\u0146\u0113mums gatavojas ar\u012b daudz sare\u017e\u0123\u012bt\u0101kiem tehnolo\u0123iskiem risin\u0101jumiem. Lai gan pagaid\u0101m tr\u016bkst tie\u0161u pier\u0101d\u012bjumu par saist\u012bbu ar 2027. gada jubilejas iPhone, nopl\u016bdes un patents skaidri nor\u0101da uz \u00abApple\u00bb eksperimentiem, k\u0101 da\u013cu no viedt\u0101lru\u0146a vad\u012bbas funkcij\u0101m p\u0101rnest uz \u0101r\u0113jiem aksesu\u0101riem, atverot aizraujo\u0161as jaunas iesp\u0113jas ier\u012b\u010du lietot\u0101jiem.<\/p>\n","protected":false},"excerpt":{"rendered":"Jaunumi no \u00abApple\u00bb: Sensora pogas un Touch ID uz iPhone v\u0101ci\u0146iem K\u0101 v\u0113sta inform\u0113ts avots ar iesauku Instant&hellip;\n","protected":false},"author":2,"featured_media":52989,"comment_status":"","ping_status":"","sticky":false,"template":"","format":"standard","meta":{"footnotes":""},"categories":[16],"tags":[14514,77,76,14517,35,39,38,36,37,34,40,14515,6523,14516],"class_list":{"0":"post-52988","1":"post","2":"type-post","3":"status-publish","4":"format-standard","5":"has-post-thumbnail","7":"category-bizness","8":"tag-apple-iphone","9":"tag-bizness","10":"tag-business","11":"tag-iphone-vacini","12":"tag-latvia","13":"tag-latvian","14":"tag-latviesu","15":"tag-latviesu-valoda","16":"tag-latviesuvaloda","17":"tag-latvija","18":"tag-lv","19":"tag-sensora-pogas","20":"tag-tehnologiju-jaunumi","21":"tag-touch-id"},"share_on_mastodon":{"url":"https:\/\/pubeurope.com\/@lv\/115572344271320557","error":""},"_links":{"self":[{"href":"https:\/\/www.europesays.com\/lv\/wp-json\/wp\/v2\/posts\/52988","targetHints":{"allow":["GET"]}}],"collection":[{"href":"https:\/\/www.europesays.com\/lv\/wp-json\/wp\/v2\/posts"}],"about":[{"href":"https:\/\/www.europesays.com\/lv\/wp-json\/wp\/v2\/types\/post"}],"author":[{"embeddable":true,"href":"https:\/\/www.europesays.com\/lv\/wp-json\/wp\/v2\/users\/2"}],"replies":[{"embeddable":true,"href":"https:\/\/www.europesays.com\/lv\/wp-json\/wp\/v2\/comments?post=52988"}],"version-history":[{"count":0,"href":"https:\/\/www.europesays.com\/lv\/wp-json\/wp\/v2\/posts\/52988\/revisions"}],"wp:featuredmedia":[{"embeddable":true,"href":"https:\/\/www.europesays.com\/lv\/wp-json\/wp\/v2\/media\/52989"}],"wp:attachment":[{"href":"https:\/\/www.europesays.com\/lv\/wp-json\/wp\/v2\/media?parent=52988"}],"wp:term":[{"taxonomy":"category","embeddable":true,"href":"https:\/\/www.europesays.com\/lv\/wp-json\/wp\/v2\/categories?post=52988"},{"taxonomy":"post_tag","embeddable":true,"href":"https:\/\/www.europesays.com\/lv\/wp-json\/wp\/v2\/tags?post=52988"}],"curies":[{"name":"wp","href":"https:\/\/api.w.org\/{rel}","templated":true}]}}