{"id":53037,"date":"2025-11-18T20:46:14","date_gmt":"2025-11-18T20:46:14","guid":{"rendered":"https:\/\/www.europesays.com\/lv\/53037\/"},"modified":"2025-11-18T20:46:14","modified_gmt":"2025-11-18T20:46:14","slug":"musu-brivibas-gaisma-nak-no-rietumiem-nevis-austrumiem","status":"publish","type":"post","link":"https:\/\/www.europesays.com\/lv\/53037\/","title":{"rendered":"m\u016bsu br\u012bv\u012bbas gaisma n\u0101k no rietumiem, nevis austrumiem"},"content":{"rendered":"<p>M\u016bsu br\u012bv\u012bbas gaisma n\u0101k no rietumiem, nevis austrumiem, otrdien, 18. novembr\u012b, Latvijas proklam\u0113\u0161anas 107. gadadien\u0101 pie Br\u012bv\u012bbas pieminek\u013ca pauda <a rel=\"noopener nofollow\" target=\"_blank\" href=\"https:\/\/www.delfi.lv\/temas\/40942801\/valsts-prezidents\" tag-id=\"40942801\">Valsts prezidents<\/a> <a rel=\"noopener nofollow\" target=\"_blank\" href=\"https:\/\/www.delfi.lv\/temas\/41374559\/edgars-rinkevics\" tag-id=\"41374559\">Edgars Rink\u0113vi\u010ds<\/a>.<\/p>\n<p class=\"western\">&#8220;M\u016bsu t\u0113vzeme un br\u012bv\u012bba j\u0101sarg\u0101, nevis ar to j\u0101sp\u0113l\u0113jas. Ja kaut kas nedarbojas, tas j\u0101labo, nevis j\u0101grauj. Ja neklaus\u0101mies pret\u0113j\u0101 viedokl\u012b, ar\u012b m\u016bsu viedoklis zaud\u0113 noz\u012bmi. Esot pa\u0161taisni, m\u0113s pazaud\u0113sim viens otru. Bet m\u0113s cits citam esam vajadz\u012bgi vair\u0101k nek\u0101 jebkad,&#8221; sac\u012bja Valsts prezidents.<\/p>\n<p class=\"western\">Vi\u0146\u0161 pauda p\u0101rliec\u012bbu, ka sp\u0113ja apvienoties labajam mums ir. &#8220;Mums, t\u0101pat k\u0101 Latvijas dibin\u0101t\u0101jiem, ir visiem kop\u012bgs m\u0113r\u0137is \u2013 br\u012bva un stipra Latvija. M\u0113s nedr\u012bkstam zaud\u0113t m\u016bsu Latviju, dzenoties p\u0113c spilgt\u0101m maldugun\u012bm. M\u016bsu br\u012bv\u012bbas gaisma n\u0101k no rietumiem, nevis austrumiem. Un par gai\u0161u Latviju c\u012b\u0146a turpin\u0101s ik dienas,&#8221; uzsv\u0113ra Rink\u0113vi\u010ds.<\/p>\n<p class=\"m-0\">Seko &#8220;Delfi&#8221; ar\u012b  <a target=\"_blank\" href=\"https:\/\/www.instagram.com\/delfi.lv\/\" rel=\"nofollow noopener\">Instagram<\/a>  un <a target=\"_blank\" href=\"https:\/\/www.youtube.com\/channel\/UCw5foWtcJvAbUm64rv7jwUQ\" rel=\"nofollow noopener\">YouTube<\/a>  profil\u0101 \u2013 pievienojies, lai uzzin\u0101tu svar\u012bg\u0101ko un interesant\u0101ko pirmais!<\/p>\n<p>Publik\u0101cijas saturs vai t\u0101s jebk\u0101da apjoma da\u013ca ir aizsarg\u0101ts autorties\u012bbu objekts Autorties\u012bbu likuma izpratn\u0113, un t\u0101 izmanto\u0161ana bez izdev\u0113ja at\u013caujas ir aizliegta. Vair\u0101k lasi  <a target=\"_blank\" href=\"https:\/\/www.delfi.lv\/noteikumi#autortiesibas\" rel=\"nofollow noopener\">\u0161eit<\/a><script async src=\"\/\/www.instagram.com\/embed.js\"><\/script><\/p>\n","protected":false},"excerpt":{"rendered":"M\u016bsu br\u012bv\u012bbas gaisma n\u0101k no rietumiem, nevis austrumiem, otrdien, 18. novembr\u012b, Latvijas proklam\u0113\u0161anas 107. gadadien\u0101 pie Br\u012bv\u012bbas pieminek\u013ca&hellip;\n","protected":false},"author":2,"featured_media":53038,"comment_status":"","ping_status":"","sticky":false,"template":"","format":"standard","meta":{"footnotes":""},"categories":[5],"tags":[12296,23,28,29,816,32,33,22,30,31,35,39,38,36,37,34,40,20,26,27,24,25,9191,21],"class_list":{"0":"post-53037","1":"post","2":"type-post","3":"status-publish","4":"format-standard","5":"has-post-thumbnail","7":"category-aktualitates","8":"tag-18-novembris","9":"tag-aktualitates","10":"tag-breaking-news","11":"tag-breakingnews","12":"tag-edgars-rinkevics","13":"tag-featured-news","14":"tag-featurednews","15":"tag-headlines","16":"tag-latest-news","17":"tag-latestnews","18":"tag-latvia","19":"tag-latvian","20":"tag-latviesu","21":"tag-latviesu-valoda","22":"tag-latviesuvaloda","23":"tag-latvija","24":"tag-lv","25":"tag-news","26":"tag-popularakas-zinas","27":"tag-popularakaszinas","28":"tag-top-stories","29":"tag-topstories","30":"tag-valsts-prezidents","31":"tag-zinas"},"share_on_mastodon":{"url":"https:\/\/pubeurope.com\/@lv\/115572662801263829","error":""},"_links":{"self":[{"href":"https:\/\/www.europesays.com\/lv\/wp-json\/wp\/v2\/posts\/53037","targetHints":{"allow":["GET"]}}],"collection":[{"href":"https:\/\/www.europesays.com\/lv\/wp-json\/wp\/v2\/posts"}],"about":[{"href":"https:\/\/www.europesays.com\/lv\/wp-json\/wp\/v2\/types\/post"}],"author":[{"embeddable":true,"href":"https:\/\/www.europesays.com\/lv\/wp-json\/wp\/v2\/users\/2"}],"replies":[{"embeddable":true,"href":"https:\/\/www.europesays.com\/lv\/wp-json\/wp\/v2\/comments?post=53037"}],"version-history":[{"count":0,"href":"https:\/\/www.europesays.com\/lv\/wp-json\/wp\/v2\/posts\/53037\/revisions"}],"wp:featuredmedia":[{"embeddable":true,"href":"https:\/\/www.europesays.com\/lv\/wp-json\/wp\/v2\/media\/53038"}],"wp:attachment":[{"href":"https:\/\/www.europesays.com\/lv\/wp-json\/wp\/v2\/media?parent=53037"}],"wp:term":[{"taxonomy":"category","embeddable":true,"href":"https:\/\/www.europesays.com\/lv\/wp-json\/wp\/v2\/categories?post=53037"},{"taxonomy":"post_tag","embeddable":true,"href":"https:\/\/www.europesays.com\/lv\/wp-json\/wp\/v2\/tags?post=53037"}],"curies":[{"name":"wp","href":"https:\/\/api.w.org\/{rel}","templated":true}]}}