{"id":53041,"date":"2025-11-18T20:52:20","date_gmt":"2025-11-18T20:52:20","guid":{"rendered":"https:\/\/www.europesays.com\/lv\/53041\/"},"modified":"2025-11-18T20:52:20","modified_gmt":"2025-11-18T20:52:20","slug":"tresdien-vietam-veidosies-cetrus-centimetrus-bieza-sniega-sega","status":"publish","type":"post","link":"https:\/\/www.europesays.com\/lv\/53041\/","title":{"rendered":"Tre\u0161dien viet\u0101m veidosies \u010detrus centimetrus bieza sniega sega"},"content":{"rendered":"<p>Teritorijas liel\u0101kaj\u0101 da\u013c\u0101 gaid\u0101mi nokri\u0161\u0146i &#8211; slapj\u0161 <a href=\"https:\/\/ciklons.tvnet.lv\/term\/555510\/sniegs\" class=\"topicLink\" target=\"_blank\" rel=\"nofollow noopener\">sniegs<\/a> un sniegs.<\/p>\n<p>Gaiss iesils l\u012bdz 0&#8230;+5 gr\u0101diem. P\u016btis l\u0113ns l\u012bdz m\u0113rens dienvidu puses v\u0113j\u0161.<\/p>\n<p>Ar\u012b galvaspils\u0113t\u0101 diena b\u016bs apm\u0101kusies, gaid\u0101ms sniegs un slapj\u0161 sniegs. Gaiss iesils vien l\u012bdz +2 gr\u0101diem.<\/p>\n<p>Gaid\u0101maj\u0101 nakt\u012b debesis b\u016bs m\u0101ko\u0146ainas, un viet\u0101m skaidrosies vien nakts pirmaj\u0101 pus\u0113. Daudzviet gaid\u0101mi nokri\u0161\u0146i &#8211; slapj\u0161 sniegs un sniegs, piekrastes rajonos ar\u012b lietus. Atsevi\u0161\u0137os posmos uz ce\u013ciem veidosies apledojums. P\u016bt\u012bs l\u0113ns l\u012bdz m\u0113rens dienvidu puses v\u0113j\u0161. Gaiss atdzis\u012bs l\u012bdz +2\u2026-3 gr\u0101diem.<\/p>\n<p>\u0160onakt R\u012bg\u0101 b\u016bs da\u013c\u0113ji m\u0101ko\u0146ains laiks. Nakts otraj\u0101 pus\u0113 palaikam snigs. P\u016bt\u012bs l\u0113ns l\u012bdz m\u0113rens dienvidu puses v\u0113j\u0161, un minim\u0101l\u0101 gaisa temperat\u016bra b\u016bs 0\u2026-2 gr\u0101di.<\/p>\n","protected":false},"excerpt":{"rendered":"Teritorijas liel\u0101kaj\u0101 da\u013c\u0101 gaid\u0101mi nokri\u0161\u0146i &#8211; slapj\u0161 sniegs un sniegs. Gaiss iesils l\u012bdz 0&#8230;+5 gr\u0101diem. P\u016btis l\u0113ns l\u012bdz&hellip;\n","protected":false},"author":2,"featured_media":53042,"comment_status":"","ping_status":"","sticky":false,"template":"","format":"standard","meta":{"footnotes":""},"categories":[5],"tags":[23,28,29,32,33,22,396,397,30,31,35,39,38,36,37,34,40,20,26,27,4807,14087,24,25,21],"class_list":{"0":"post-53041","1":"post","2":"type-post","3":"status-publish","4":"format-standard","5":"has-post-thumbnail","7":"category-aktualitates","8":"tag-aktualitates","9":"tag-breaking-news","10":"tag-breakingnews","11":"tag-featured-news","12":"tag-featurednews","13":"tag-headlines","14":"tag-laika-zinas","15":"tag-laikapstakli","16":"tag-latest-news","17":"tag-latestnews","18":"tag-latvia","19":"tag-latvian","20":"tag-latviesu","21":"tag-latviesu-valoda","22":"tag-latviesuvaloda","23":"tag-latvija","24":"tag-lv","25":"tag-news","26":"tag-popularakas-zinas","27":"tag-popularakaszinas","28":"tag-sniegs","29":"tag-sniegs-uz-ielam","30":"tag-top-stories","31":"tag-topstories","32":"tag-zinas"},"share_on_mastodon":{"url":"https:\/\/pubeurope.com\/@lv\/115572686418554382","error":""},"_links":{"self":[{"href":"https:\/\/www.europesays.com\/lv\/wp-json\/wp\/v2\/posts\/53041","targetHints":{"allow":["GET"]}}],"collection":[{"href":"https:\/\/www.europesays.com\/lv\/wp-json\/wp\/v2\/posts"}],"about":[{"href":"https:\/\/www.europesays.com\/lv\/wp-json\/wp\/v2\/types\/post"}],"author":[{"embeddable":true,"href":"https:\/\/www.europesays.com\/lv\/wp-json\/wp\/v2\/users\/2"}],"replies":[{"embeddable":true,"href":"https:\/\/www.europesays.com\/lv\/wp-json\/wp\/v2\/comments?post=53041"}],"version-history":[{"count":0,"href":"https:\/\/www.europesays.com\/lv\/wp-json\/wp\/v2\/posts\/53041\/revisions"}],"wp:featuredmedia":[{"embeddable":true,"href":"https:\/\/www.europesays.com\/lv\/wp-json\/wp\/v2\/media\/53042"}],"wp:attachment":[{"href":"https:\/\/www.europesays.com\/lv\/wp-json\/wp\/v2\/media?parent=53041"}],"wp:term":[{"taxonomy":"category","embeddable":true,"href":"https:\/\/www.europesays.com\/lv\/wp-json\/wp\/v2\/categories?post=53041"},{"taxonomy":"post_tag","embeddable":true,"href":"https:\/\/www.europesays.com\/lv\/wp-json\/wp\/v2\/tags?post=53041"}],"curies":[{"name":"wp","href":"https:\/\/api.w.org\/{rel}","templated":true}]}}