{"id":53054,"date":"2025-11-18T21:28:15","date_gmt":"2025-11-18T21:28:15","guid":{"rendered":"https:\/\/www.europesays.com\/lv\/53054\/"},"modified":"2025-11-18T21:28:15","modified_gmt":"2025-11-18T21:28:15","slug":"brivibas-piemineklis-zaigo-svetku-gaismas-ta-pakaje-izskan-18-novembra-koncerts","status":"publish","type":"post","link":"https:\/\/www.europesays.com\/lv\/53054\/","title":{"rendered":"Br\u012bv\u012bbas piemineklis zaigo sv\u0113tku gaism\u0101s, t\u0101 pak\u0101j\u0113 izskan 18. novembra koncerts"},"content":{"rendered":"<p>Br\u012bv\u012bbas pieminek\u013ca pak\u0101j\u0113 izskan\u0113jis ikgad\u0113jais 18. novembra koncerts, k\u0101 ar\u012b prezidenta Edgara Rink\u0113vi\u010da uzruna, bet pats piemineklis, kas \u0161ogad svin apa\u013cu jubileju kop\u0161 atkl\u0101\u0161anas, zaigoja \u012bpa\u0161\u0101s sv\u0113tku gaism\u0101s un l\u0101zeru starme\u0161os.<\/p>\n<p>\u0160ogad sv\u0113tku koncertam bija dots nosaukums &#8220;Mantojums&#8221;, mudinot ikvienu nov\u0113rt\u0113t to, kas mums dots un t\u0101 nodo\u0161anu n\u0101kamaj\u0101m paaudz\u0113m. \u0160ogad muzik\u0101laj\u0101 programm\u0101 uzst\u0101j\u0101s rado\u0161as \u0123imenes. Savas m\u012b\u013c\u0101k\u0101s dziesmas izdzied\u0101ja <a rel=\"noopener nofollow\" target=\"_blank\" href=\"https:\/\/www.delfi.lv\/temas\/42736968\/ance-krauze\" tag-id=\"42736968\">Ance Krauze<\/a> ar meit\u0101m Billi, Elzu un Kati, <a rel=\"noopener nofollow\" target=\"_blank\" href=\"https:\/\/www.delfi.lv\/temas\/41004257\/maris-grigalis\" tag-id=\"41004257\">M\u0101ris Grigalis<\/a> ar d\u0113liem M\u0101rci, Kristeru un Ralfu, <a rel=\"noopener nofollow\" target=\"_blank\" href=\"https:\/\/www.delfi.lv\/temas\/40362721\/juris-kaukulis\" tag-id=\"40362721\">Juris Kaukulis<\/a> ar meitu R\u016btu, Gints Gr\u0101velis ar d\u0113lu Kri\u0161u, Kaspars un Anda Zem\u012b\u0161i ar d\u0113liem K\u0101rli, M\u0101rti\u0146u un J\u0113kabu. Uzst\u0101\u0161anos kuplin\u0101ja pavado\u0161ais sast\u0101vs pianista un komponista J\u0101\u0146a Strazda vad\u012bb\u0101.<\/p>\n<p class=\"m-0\">Seko &#8220;Delfi&#8221; ar\u012b  <a target=\"_blank\" href=\"https:\/\/www.instagram.com\/delfi.lv\/\" rel=\"nofollow noopener\">Instagram<\/a>  un <a target=\"_blank\" href=\"https:\/\/www.youtube.com\/channel\/UCw5foWtcJvAbUm64rv7jwUQ\" rel=\"nofollow noopener\">YouTube<\/a>  profil\u0101 \u2013 pievienojies, lai uzzin\u0101tu svar\u012bg\u0101ko un interesant\u0101ko pirmais!<\/p>\n<p>Publik\u0101cijas saturs vai t\u0101s jebk\u0101da apjoma da\u013ca ir aizsarg\u0101ts autorties\u012bbu objekts Autorties\u012bbu likuma izpratn\u0113, un t\u0101 izmanto\u0161ana bez izdev\u0113ja at\u013caujas ir aizliegta. Vair\u0101k lasi  <a target=\"_blank\" href=\"https:\/\/www.delfi.lv\/noteikumi#autortiesibas\" rel=\"nofollow noopener\">\u0161eit<\/a><script async src=\"\/\/www.instagram.com\/embed.js\"><\/script><\/p>\n","protected":false},"excerpt":{"rendered":"Br\u012bv\u012bbas pieminek\u013ca pak\u0101j\u0113 izskan\u0113jis ikgad\u0113jais 18. novembra koncerts, k\u0101 ar\u012b prezidenta Edgara Rink\u0113vi\u010da uzruna, bet pats piemineklis, kas&hellip;\n","protected":false},"author":2,"featured_media":53055,"comment_status":"","ping_status":"","sticky":false,"template":"","format":"standard","meta":{"footnotes":""},"categories":[5],"tags":[12296,23,14537,28,29,816,32,33,22,14535,30,31,35,39,38,36,37,34,40,14536,20,26,27,24,25,21],"class_list":{"0":"post-53054","1":"post","2":"type-post","3":"status-publish","4":"format-standard","5":"has-post-thumbnail","7":"category-aktualitates","8":"tag-18-novembris","9":"tag-aktualitates","10":"tag-ance-krauze","11":"tag-breaking-news","12":"tag-breakingnews","13":"tag-edgars-rinkevics","14":"tag-featured-news","15":"tag-featurednews","16":"tag-headlines","17":"tag-juris-kaukulis","18":"tag-latest-news","19":"tag-latestnews","20":"tag-latvia","21":"tag-latvian","22":"tag-latviesu","23":"tag-latviesu-valoda","24":"tag-latviesuvaloda","25":"tag-latvija","26":"tag-lv","27":"tag-maris-grigalis","28":"tag-news","29":"tag-popularakas-zinas","30":"tag-popularakaszinas","31":"tag-top-stories","32":"tag-topstories","33":"tag-zinas"},"share_on_mastodon":{"url":"https:\/\/pubeurope.com\/@lv\/115572827910552385","error":""},"_links":{"self":[{"href":"https:\/\/www.europesays.com\/lv\/wp-json\/wp\/v2\/posts\/53054","targetHints":{"allow":["GET"]}}],"collection":[{"href":"https:\/\/www.europesays.com\/lv\/wp-json\/wp\/v2\/posts"}],"about":[{"href":"https:\/\/www.europesays.com\/lv\/wp-json\/wp\/v2\/types\/post"}],"author":[{"embeddable":true,"href":"https:\/\/www.europesays.com\/lv\/wp-json\/wp\/v2\/users\/2"}],"replies":[{"embeddable":true,"href":"https:\/\/www.europesays.com\/lv\/wp-json\/wp\/v2\/comments?post=53054"}],"version-history":[{"count":0,"href":"https:\/\/www.europesays.com\/lv\/wp-json\/wp\/v2\/posts\/53054\/revisions"}],"wp:featuredmedia":[{"embeddable":true,"href":"https:\/\/www.europesays.com\/lv\/wp-json\/wp\/v2\/media\/53055"}],"wp:attachment":[{"href":"https:\/\/www.europesays.com\/lv\/wp-json\/wp\/v2\/media?parent=53054"}],"wp:term":[{"taxonomy":"category","embeddable":true,"href":"https:\/\/www.europesays.com\/lv\/wp-json\/wp\/v2\/categories?post=53054"},{"taxonomy":"post_tag","embeddable":true,"href":"https:\/\/www.europesays.com\/lv\/wp-json\/wp\/v2\/tags?post=53054"}],"curies":[{"name":"wp","href":"https:\/\/api.w.org\/{rel}","templated":true}]}}