{"id":53090,"date":"2025-11-18T22:24:07","date_gmt":"2025-11-18T22:24:07","guid":{"rendered":"https:\/\/www.europesays.com\/lv\/53090\/"},"modified":"2025-11-18T22:24:07","modified_gmt":"2025-11-18T22:24:07","slug":"lancia-oficiali-prezente-jauno-lancia-ypsilon-rally2-automasinu-motoru-sports-sportacentrs-com","status":"publish","type":"post","link":"https:\/\/www.europesays.com\/lv\/53090\/","title":{"rendered":"&#8221;Lancia&#8221; ofici\u0101li prezent\u0113 jauno &#8221;Lancia Ypsilon Rally2&#8221; automa\u0161\u012bnu \u2013 Motoru sports \u2013 Sportacentrs.com"},"content":{"rendered":"<p>N\u0101kamgad Lancia start\u0113s WRC2 klas\u0113. Komanda jau iepriek\u0161 bija public\u0113jusi foto un video materi\u0101lus ar savu &#8221;Lancia Ypsilon Rally2&#8221; automa\u0161\u012bnu, ta\u010du \u0161\u012b bija pirm\u0101 reize, kad auto ofici\u0101li demonstr\u0113ts medijiem.<\/p>\n<p>Liel\u0101k\u0101 intriga bija par to, kuri brauc\u0113ji p\u0101rst\u0101v\u0113s Lancia z\u012bmolu WRC2 kategorij\u0101 n\u0101kamaj\u0101 sezon\u0101. Tom\u0113r uz \u0161o jaut\u0101jumu atbildes v\u0113l nav. Komanda inform\u0113ja, ka brauc\u0113ju l\u012bgumi v\u0113l tiek pabeigti, t\u0101d\u0113\u013c v\u0101rdus pagaid\u0101m nevar publiskot. Pazi\u0146ojums par brauc\u0113jiem gaid\u0101ms ap decembra vidu.<\/p>\n<p>Sp\u0113c\u012bg\u0101kais kandid\u0101ts l\u012bdz \u0161im ir bijis franc\u016bzis Joans Rosels, kur\u0161 p\u0113d\u0113jos gados veiksm\u012bgi start\u0113jis ar &#8221;Citro\u00ebn Rally2&#8221; auto WRC2 klas\u0113. Citroen n\u0101kamgad dos vietu Lancia k\u0101 ofici\u0101lajai Stellantis komandai \u010dempion\u0101t\u0101.<\/p>\n<p>Tehniski &#8221;Lancia Ypsilon Rally2 HF Integrale&#8221; ir balst\u012bts uz &#8221;Citro\u00ebn C3 Rally2&#8221; platformas. Ar\u012b \u0161aj\u0101 zi\u0146\u0101 Rosels b\u016btu \u013coti lo\u0123iska izv\u0113le komandas sast\u0101vam n\u0101kamajai sezonai. Otra vieta pie Lancia st\u016bres tiek baumota Nikolajam Grjazinam, kur\u0161 2024. gad\u0101 start\u0113ja ar Citroen un izc\u012bn\u012bja tr\u012bs uzvaras WRC2 posmos, sezonu nosl\u0113dzot tre\u0161aj\u0101 viet\u0101. \u0160aj\u0101 gad\u0101 vi\u0146\u0161 atgriez\u0101s pie &#8221;\u0160koda Rally2&#8221; auto. Atg\u0101din\u0101sim, ka Nikolaja v\u0101rds p\u0113d\u0113j\u0101s dien\u0101s tiek loc\u012bts ar\u012b Hyundai Motorsport komandas sast\u0101v\u0101, kur\u0161 var\u0113tu aizvietot Otu Tanaku.<\/p>\n<p>Lancia n\u0101kamaj\u0101 sezon\u0101 pl\u0101no start\u0113t vismaz asto\u0146os WRC posmos. Komandas Rally2 auto pirmo reizi sac\u012bkst\u0113s b\u016bs redzams sezonas atkl\u0101\u0161an\u0101 \u2013 Montekarlo rallij\u0101.<\/p>\n","protected":false},"excerpt":{"rendered":"N\u0101kamgad Lancia start\u0113s WRC2 klas\u0113. Komanda jau iepriek\u0161 bija public\u0113jusi foto un video materi\u0101lus ar savu &#8221;Lancia Ypsilon&hellip;\n","protected":false},"author":2,"featured_media":53091,"comment_status":"","ping_status":"","sticky":false,"template":"","format":"standard","meta":{"footnotes":""},"categories":[17],"tags":[35,39,38,36,37,34,40,165,67],"class_list":{"0":"post-53090","1":"post","2":"type-post","3":"status-publish","4":"format-standard","5":"has-post-thumbnail","7":"category-sports","8":"tag-latvia","9":"tag-latvian","10":"tag-latviesu","11":"tag-latviesu-valoda","12":"tag-latviesuvaloda","13":"tag-latvija","14":"tag-lv","15":"tag-motoru-sports","16":"tag-sports"},"share_on_mastodon":{"url":"https:\/\/pubeurope.com\/@lv\/115573048154440000","error":""},"_links":{"self":[{"href":"https:\/\/www.europesays.com\/lv\/wp-json\/wp\/v2\/posts\/53090","targetHints":{"allow":["GET"]}}],"collection":[{"href":"https:\/\/www.europesays.com\/lv\/wp-json\/wp\/v2\/posts"}],"about":[{"href":"https:\/\/www.europesays.com\/lv\/wp-json\/wp\/v2\/types\/post"}],"author":[{"embeddable":true,"href":"https:\/\/www.europesays.com\/lv\/wp-json\/wp\/v2\/users\/2"}],"replies":[{"embeddable":true,"href":"https:\/\/www.europesays.com\/lv\/wp-json\/wp\/v2\/comments?post=53090"}],"version-history":[{"count":0,"href":"https:\/\/www.europesays.com\/lv\/wp-json\/wp\/v2\/posts\/53090\/revisions"}],"wp:featuredmedia":[{"embeddable":true,"href":"https:\/\/www.europesays.com\/lv\/wp-json\/wp\/v2\/media\/53091"}],"wp:attachment":[{"href":"https:\/\/www.europesays.com\/lv\/wp-json\/wp\/v2\/media?parent=53090"}],"wp:term":[{"taxonomy":"category","embeddable":true,"href":"https:\/\/www.europesays.com\/lv\/wp-json\/wp\/v2\/categories?post=53090"},{"taxonomy":"post_tag","embeddable":true,"href":"https:\/\/www.europesays.com\/lv\/wp-json\/wp\/v2\/tags?post=53090"}],"curies":[{"name":"wp","href":"https:\/\/api.w.org\/{rel}","templated":true}]}}