{"id":53092,"date":"2025-11-18T22:29:09","date_gmt":"2025-11-18T22:29:09","guid":{"rendered":"https:\/\/www.europesays.com\/lv\/53092\/"},"modified":"2025-11-18T22:29:09","modified_gmt":"2025-11-18T22:29:09","slug":"vairak-neka-varetu-sagaidit-no-talruna","status":"publish","type":"post","link":"https:\/\/www.europesays.com\/lv\/53092\/","title":{"rendered":"vair\u0101k, nek\u0101 var\u0113tu sagaid\u012bt no t\u0101lru\u0146a"},"content":{"rendered":"<p>Fusion kameras darbojas vienot\u0101 sist\u0113m\u0101 \u2013 t\u0101s analiz\u0113 ainu un autom\u0101tiski l\u012bdzsvaro gaismu, kr\u0101sas un kontrastu. Rezult\u0101ts ir dabisks, harmonisks att\u0113ls, kur\u0101 gan cilv\u0113ka seja, gan fons izskat\u0101s tie\u0161i t\u0101, k\u0101 redzams ar neapbru\u0146otu aci. Ikviens var uz\u0146emt profesion\u0101la l\u012bme\u0146a kadrus ar vienu pogas piesk\u0101rienu.<\/p>\n<p>Tagad kadr\u0101 ietilps ikviens<\/p>\n<p>Vis\u0101m jaun\u0101kaj\u0101m Apple ier\u012bc\u0113m ir jaun\u0101 18 MP Center Stage priek\u0161\u0113j\u0101 kamera, kas piel\u0101gojas lietot\u0101jam un autom\u0101tiski notur vi\u0146u kadr\u0101 centr\u0101.<\/p>\n<p>Pas\u0101kumu, ce\u013cojumu film\u0113\u0161ana vai videoblogu veido\u0161ana k\u013c\u016bst v\u0113l vienk\u0101r\u0161\u0101ka, jo kamera pati seko j\u016bsu kust\u012bb\u0101m. Turkl\u0101t, ja pa\u0161bildes laik\u0101 jums pievienojas v\u0113l cilv\u0113ki, kamera autom\u0101tiski papla\u0161ina redzeslauku un, ja nepiecie\u0161ams, p\u0101rsl\u0113dzas uz horizont\u0101lu kadru. \u0160\u012b funkcija \u012bpa\u0161i patiks tiem, kas m\u012bl uz\u0146emt grupu pa\u0161bildes vai film\u0113t videozvanus, kad gribas, lai visi ietilptu kadr\u0101.<\/p>\n<p>Pl\u0101ns, bet tikpat jaud\u012bgs \u2013 iPhone Air<\/p>\n<p><img decoding=\"async\" class=\"figure__image\" onclick=\"triggerEvent('articleImageClick', { id: 17277514, focus: 'single-image', focusIndex: '17277514' })\" onkeydown=\"if (event.key === 'Enter') {&#10;        triggerEvent('articleImageClick', { id: 17277514, focus: 'single-image', focusIndex: '17277514' })&#10;        }\" role=\"button\" tabindex=\"0\" data-focus-from=\"single-image\" data-focus-index=\"17277514\" src=\"https:\/\/www.europesays.com\/lv\/wp-content\/uploads\/2025\/11\/17277514t1ha34b.jpg\" onload=\"this.parentElement.classList.remove('figure__image-loading')\" alt=\"\"\/> Foto: Publicit\u0101tes foto<\/p>\n<p>Ar izcil\u0101m kameras iesp\u0113j\u0101m izce\u013cas ar\u012b jaunais iPhone Air. \u0160is l\u012bdz \u0161im pl\u0101n\u0101kais Apple t\u0101lrunis ir rad\u012bts tiem, kas nov\u0113rt\u0113 kompaktumu, bet nev\u0113las upur\u0113t tehnisk\u0101s iesp\u0113jas. Pat iPhone Air \u012bpa\u0161i pl\u0101nais korpuss iPhone Air ir apr\u012bkots ar jauno 48 MP Fusion kameru, kurai ir 2\u00d7 optisko t\u0101lummai\u0146a un uzlabota att\u0113la stabiliz\u0101cija. Tas viss \u013cauj uz\u0146emt augstas kvalit\u0101tes fotogr\u0101fijas un video, izmantojot ier\u012bci, kas pied\u0101v\u0101 ide\u0101lu dizaina un funkcionalit\u0101tes l\u012bdzsvaru.<\/p>\n<p>Iespaid\u012bgs iz\u0161\u0137irtsp\u0113jas l\u0113ciens<\/p>\n<p>Standarta iPhone 17 mode\u013ca aizmugur\u0113jo kameru sist\u0113mu veido 48 megapikse\u013cu Fusion galven\u0101 kamera un 48 megapikse\u013cu Fusion ultra platle\u0146\u0137a kamera, kuras iz\u0161\u0137irtsp\u0113ja ir pat \u010detras reizes liel\u0101ka nek\u0101 iepriek\u0161\u0113jam modelim.<\/p>\n","protected":false},"excerpt":{"rendered":"Fusion kameras darbojas vienot\u0101 sist\u0113m\u0101 \u2013 t\u0101s analiz\u0113 ainu un autom\u0101tiski l\u012bdzsvaro gaismu, kr\u0101sas un kontrastu. Rezult\u0101ts ir&hellip;\n","protected":false},"author":2,"featured_media":53093,"comment_status":"","ping_status":"","sticky":false,"template":"","format":"standard","meta":{"footnotes":""},"categories":[19],"tags":[63,65,60,89,59,90,70,64,35,39,38,36,37,34,40,68,69,66,67,62,21,61],"class_list":{"0":"post-53092","1":"post","2":"type-post","3":"status-publish","4":"format-standard","5":"has-post-thumbnail","7":"category-izklaide","8":"tag-arvalstis","9":"tag-auto","10":"tag-egoiste","11":"tag-entertainment","12":"tag-financenet","13":"tag-izklaide","14":"tag-klik","15":"tag-kultura","16":"tag-latvia","17":"tag-latvian","18":"tag-latviesu","19":"tag-latviesu-valoda","20":"tag-latviesuvaloda","21":"tag-latvija","22":"tag-lv","23":"tag-maja","24":"tag-receptes","25":"tag-sejas","26":"tag-sports","27":"tag-viedokli","28":"tag-zinas","29":"tag-zinatne"},"share_on_mastodon":{"url":"https:\/\/pubeurope.com\/@lv\/115573067957580821","error":""},"_links":{"self":[{"href":"https:\/\/www.europesays.com\/lv\/wp-json\/wp\/v2\/posts\/53092","targetHints":{"allow":["GET"]}}],"collection":[{"href":"https:\/\/www.europesays.com\/lv\/wp-json\/wp\/v2\/posts"}],"about":[{"href":"https:\/\/www.europesays.com\/lv\/wp-json\/wp\/v2\/types\/post"}],"author":[{"embeddable":true,"href":"https:\/\/www.europesays.com\/lv\/wp-json\/wp\/v2\/users\/2"}],"replies":[{"embeddable":true,"href":"https:\/\/www.europesays.com\/lv\/wp-json\/wp\/v2\/comments?post=53092"}],"version-history":[{"count":0,"href":"https:\/\/www.europesays.com\/lv\/wp-json\/wp\/v2\/posts\/53092\/revisions"}],"wp:featuredmedia":[{"embeddable":true,"href":"https:\/\/www.europesays.com\/lv\/wp-json\/wp\/v2\/media\/53093"}],"wp:attachment":[{"href":"https:\/\/www.europesays.com\/lv\/wp-json\/wp\/v2\/media?parent=53092"}],"wp:term":[{"taxonomy":"category","embeddable":true,"href":"https:\/\/www.europesays.com\/lv\/wp-json\/wp\/v2\/categories?post=53092"},{"taxonomy":"post_tag","embeddable":true,"href":"https:\/\/www.europesays.com\/lv\/wp-json\/wp\/v2\/tags?post=53092"}],"curies":[{"name":"wp","href":"https:\/\/api.w.org\/{rel}","templated":true}]}}