{"id":53110,"date":"2025-11-18T23:47:18","date_gmt":"2025-11-18T23:47:18","guid":{"rendered":"https:\/\/www.europesays.com\/lv\/53110\/"},"modified":"2025-11-18T23:47:18","modified_gmt":"2025-11-18T23:47:18","slug":"atro-palidzibu-izsauca-del-peksnas-saslimsanas-lente-lv","status":"publish","type":"post","link":"https:\/\/www.europesays.com\/lv\/53110\/","title":{"rendered":"\u0100tro Pal\u012bdz\u012bbu Izsauca D\u0113\u013c P\u0113k\u0161\u0146as Saslim\u0161anas\u00a0\u2014\u00a0Lente.lv"},"content":{"rendered":"<p>Dramatisks Koncerts R\u012bg\u0101: Moneto\u010dkai K\u013c\u016bst Slikti Uz Skatuves<\/p>\n<p>Pla\u0161i paz\u012bstam\u0101s Krievijas dzied\u0101t\u0101jas Moneto\u010dkas (Elizavetas Girdimovas) koncerts R\u012bg\u0101, kas norisin\u0101j\u0101s nesen, piedz\u012bvojis negaid\u012btu un satrauco\u0161u pav\u0113rsienu. Uzst\u0101\u0161an\u0101s laik\u0101 m\u0101ksliniecei p\u0113k\u0161\u0146i s\u0101cis pasliktin\u0101ties pa\u0161saj\u016bta, radot nopietnas ba\u017eas par vi\u0146as vesel\u012bbu. Lai gan prec\u012bzs notikumu datums nav min\u0113ts, zi\u0146as par \u0161o incidentu par\u0101d\u012bju\u0161\u0101s 2025. gada novembr\u012b, liecinot par svaigiem notikumiem.<\/p>\n<p>\u0100tr\u0101 Pal\u012bdz\u012bba Steidzas Pal\u012bg\u0101<\/p>\n<p>P\u0113c s\u0101kotn\u0113j\u0101s inform\u0101cijas, Moneto\u010dkai k\u013cuvis slikti tie\u0161i uz skatuves, radot nepiecie\u0161am\u012bbu nekav\u0113joties izsaukt medic\u012bnisko pal\u012bdz\u012bbu. Notikuma liecinieki un mediju zi\u0146ojumi apstiprina, ka uz sp\u0113les norises vietu \u2013 Sp\u0113l\u0113t koncertz\u0101li \u2013 ierad\u0101s neatliekam\u0101s pal\u012bdz\u012bbas medi\u0137i. Vi\u0146u \u0101tr\u0101 un profesion\u0101l\u0101 r\u012bc\u012bba bija vit\u0101li svar\u012bga, lai sniegtu nepiecie\u0161amo pal\u012bdz\u012bbu m\u0101ksliniecei, kura nesp\u0113ja turpin\u0101t savu priek\u0161nesumu. Koncerts tika p\u0101rtraukts un atcelts, atst\u0101jot kl\u0101teso\u0161os skat\u012bt\u0101jus p\u0101rsteigtus un noraiz\u0113ju\u0161os.<\/p>\n<p>Angioed\u0113mas L\u0113kme \u2013 Draudi Dz\u012bv\u012bbai<\/p>\n<p>V\u0113l\u0101k soci\u0101lajos t\u012bklos, \u012bpa\u0161i sav\u0101 Instagram kont\u0101, Moneto\u010dka pati atkl\u0101ja, ka vi\u0146ai s\u0101kusies angioed\u0113mas l\u0113kme. \u0160\u012b ir nopietna medic\u012bniska \u0137ibele, kas paz\u012bstama ar\u012b k\u0101 Kvinkes t\u016bska, un t\u0101 raksturojas ar strauju audu piet\u016bkumu. \u0160\u0101d\u0101 gad\u012bjum\u0101 tas var skart elpce\u013cus, radot nosmak\u0161anas saj\u016btu un apdraudot dz\u012bv\u012bbu, ja netiek sniegta savlaic\u012bga pal\u012bdz\u012bba. M\u0101ksliniece atzina, ka \u0161\u0101da veida l\u0113kmes vi\u0146ai nav sve\u0161as, ta\u010du \u0161\u012b bija pirm\u0101 reize, kad t\u0101s notika publiskas uzst\u0101\u0161an\u0101s laik\u0101. Tas rad\u012bja \u012bpa\u0161i saspringtu un b\u012bstamu situ\u0101ciju vi\u0146as priek\u0161nesuma vid\u016b.<\/p>\n<p>Medic\u012bnisk\u0101 Pal\u012bdz\u012bba un Atvese\u013co\u0161an\u0101s<\/p>\n<p>P\u0113c nog\u0101d\u0101\u0161anas slimn\u012bc\u0101 Moneto\u010dkai tika sniegta nepiecie\u0161am\u0101 medic\u012bnisk\u0101 pal\u012bdz\u012bba, tostarp tika veiktas injekcijas. \u0160\u012b \u0101tr\u0101 medic\u012bnisk\u0101 iejauk\u0161an\u0101s pal\u012bdz\u0113ja mazin\u0101t simptomus un atjaunot norm\u0101lu elpo\u0161anu. Dzied\u0101t\u0101ja v\u0113l\u0101k dal\u012bj\u0101s ar saviem faniem, pazi\u0146ojot, ka j\u016btas lab\u0101k un sp\u0113j atkal norm\u0101li elpot, lai gan s\u0101kotn\u0113ji vi\u0146a atzina, ka joproj\u0101m j\u016btama neliela dezorient\u0101cija un st\u0101voklis ir nov\u0101jin\u0101ts. \u0160is notikums uzsver, cik svar\u012bga ir t\u016bl\u012bt\u0113ja medic\u012bnisk\u0101s pal\u012bdz\u012bbas pieejam\u012bba publiskos pas\u0101kumos, \u012bpa\u0161i, ja runa ir par m\u0101ksliniekiem, kuru vesel\u012bba var tikt pak\u013cauta papildu stresam.<\/p>\n<p>Angioed\u0113mas Izpratne un Iemesli<\/p>\n<p>Angioed\u0113ma, k\u0101 skaidro medic\u012bnas avoti, ir lokaliz\u0113ts audu piet\u016bkums, kas rodas periodiski asinsvadu inerv\u0101cijas trauc\u0113jumu d\u0113\u013c. \u0160\u012b slim\u012bba, ko pirmo reizi aprakst\u012bjis v\u0101cu \u0101rsts H. Kvinke 1882. gad\u0101, pamat\u0101 ir aler\u0123iska reakcija. T\u0101 rodas asinsvadu reakcij\u0101 uz k\u0101du kairin\u0101t\u0101ju \u2013 tie var b\u016bt iek\u0161\u0113ji iekaisuma procesi organism\u0101, noteikti p\u0101rtikas produkti (piem\u0113ram, olas, \u0161okol\u0101de, zemenes, rieksti), ziedputek\u0161\u0146i, alkohols, nikot\u012bns, k\u0101 ar\u012b apk\u0101rt\u0113j\u0101s vides faktori k\u0101 hipotermija (p\u0101r\u0101k zema temperat\u016bra) vai sp\u0113c\u012bgs stress. T\u0101pat angioed\u0113mu var izrais\u012bt gremo\u0161anas org\u0101nu slim\u012bbas. Visbie\u017e\u0101k ar \u0161o st\u0101vokli saskaras jaunie\u0161i. Angioed\u0113mas uzbrukuma laik\u0101 asinsvadi papla\u0161in\u0101s un k\u013c\u016bst caurlaid\u012bg\u0101ki, izraisot piet\u016bkumu, kas visbie\u017e\u0101k par\u0101d\u0101s uz sejas, kakla, rok\u0101m, k\u0101 ar\u012b mut\u0113, kakl\u0101 un elpce\u013cos. Simptomi parasti par\u0101d\u0101s strauji un izz\u016bd da\u017eu stundu vai dienu laik\u0101, ta\u010du dz\u012bv\u012bbai b\u012bstami komplik\u0101cijas ir iesp\u0113jamas.<\/p>\n<p>Moneto\u010dkas Karjera un Soci\u0101l\u0101 Aktiviz\u0113\u0161an\u0101s<\/p>\n<p>Elizaveta Girdimova, pla\u0161\u0101k paz\u012bstama k\u0101 Moneto\u010dka, ir ieguvusi atzin\u012bbu ne tikai par savu unik\u0101lo muzik\u0101lo stilu, bet ar\u012b par savu drosm\u012bgo poz\u012bciju soci\u0101los un politiskos jaut\u0101jumos. Jau 2022. gad\u0101 vi\u0146a nosod\u012bja Krievijas iebrukumu Ukrain\u0101, un kop\u0101 ar savu v\u012bru, producentu Viktoru Isajevu, p\u0101rc\u0113l\u0101s uz dz\u012bvi \u0101rpus Krievijas, s\u0101kotn\u0113ji apmetoties Lietuvas galvaspils\u0113t\u0101 Vi\u013c\u0146\u0101. P\u0101ris kop\u0161 t\u0101 laika dz\u012bvo \u0101rpus Krievijas un abi vi\u0146u b\u0113rni dzimu\u0161i trimd\u0101. Moneto\u010dka akt\u012bvi iesaist\u0101s labdar\u012bbas pas\u0101kumos. Pavasar\u012b 2022. gad\u0101 kop\u0101 ar paz\u012bstamo reperi Noize MC vi\u0146a organiz\u0113ja labdar\u012bbas koncertu s\u0113riju \u201cVoices of Peace\u201d desmit Eiropas pils\u0113t\u0101s. Ien\u0101kumi no \u0161iem koncertiem tika ziedoti Polijas fondam \u201cSiepomaga\u201d, lai sniegtu medic\u012bnisko, p\u0101rtikas un citu veida hum\u0101no pal\u012bdz\u012bbu ukrai\u0146u b\u0113g\u013ciem. Muzikanti zi\u0146oja, ka \u0161\u0101d\u0101 veid\u0101 tika sav\u0101kti 340 000 eiro. \u0160is incidents R\u012bg\u0101, lai gan satrauco\u0161s, nenoliedzami piev\u0113rs\u012bs papildu uzman\u012bbu m\u0101kslinieces vesel\u012bbas st\u0101voklim un vi\u0146as turpm\u0101kajiem koncertu pl\u0101niem.<\/p>\n","protected":false},"excerpt":{"rendered":"Dramatisks Koncerts R\u012bg\u0101: Moneto\u010dkai K\u013c\u016bst Slikti Uz Skatuves Pla\u0161i paz\u012bstam\u0101s Krievijas dzied\u0101t\u0101jas Moneto\u010dkas (Elizavetas Girdimovas) koncerts R\u012bg\u0101, kas&hellip;\n","protected":false},"author":2,"featured_media":53111,"comment_status":"","ping_status":"","sticky":false,"template":"","format":"standard","meta":{"footnotes":""},"categories":[19],"tags":[14540,89,90,656,12857,35,39,38,36,37,34,40,14539,3089],"class_list":{"0":"post-53110","1":"post","2":"type-post","3":"status-publish","4":"format-standard","5":"has-post-thumbnail","7":"category-izklaide","8":"tag-angioedema","9":"tag-entertainment","10":"tag-izklaide","11":"tag-koncerts-riga","12":"tag-kvinkes-tuska","13":"tag-latvia","14":"tag-latvian","15":"tag-latviesu","16":"tag-latviesu-valoda","17":"tag-latviesuvaloda","18":"tag-latvija","19":"tag-lv","20":"tag-monetocka","21":"tag-veselibas-problemas"},"share_on_mastodon":{"url":"https:\/\/pubeurope.com\/@lv\/115573374561746020","error":""},"_links":{"self":[{"href":"https:\/\/www.europesays.com\/lv\/wp-json\/wp\/v2\/posts\/53110","targetHints":{"allow":["GET"]}}],"collection":[{"href":"https:\/\/www.europesays.com\/lv\/wp-json\/wp\/v2\/posts"}],"about":[{"href":"https:\/\/www.europesays.com\/lv\/wp-json\/wp\/v2\/types\/post"}],"author":[{"embeddable":true,"href":"https:\/\/www.europesays.com\/lv\/wp-json\/wp\/v2\/users\/2"}],"replies":[{"embeddable":true,"href":"https:\/\/www.europesays.com\/lv\/wp-json\/wp\/v2\/comments?post=53110"}],"version-history":[{"count":0,"href":"https:\/\/www.europesays.com\/lv\/wp-json\/wp\/v2\/posts\/53110\/revisions"}],"wp:featuredmedia":[{"embeddable":true,"href":"https:\/\/www.europesays.com\/lv\/wp-json\/wp\/v2\/media\/53111"}],"wp:attachment":[{"href":"https:\/\/www.europesays.com\/lv\/wp-json\/wp\/v2\/media?parent=53110"}],"wp:term":[{"taxonomy":"category","embeddable":true,"href":"https:\/\/www.europesays.com\/lv\/wp-json\/wp\/v2\/categories?post=53110"},{"taxonomy":"post_tag","embeddable":true,"href":"https:\/\/www.europesays.com\/lv\/wp-json\/wp\/v2\/tags?post=53110"}],"curies":[{"name":"wp","href":"https:\/\/api.w.org\/{rel}","templated":true}]}}