{"id":53174,"date":"2025-11-19T04:29:09","date_gmt":"2025-11-19T04:29:09","guid":{"rendered":"https:\/\/www.europesays.com\/lv\/53174\/"},"modified":"2025-11-19T04:29:09","modified_gmt":"2025-11-19T04:29:09","slug":"legendaro-spanu-dziedataju-enkarnitu-polo-atrod-mirusu-pansionata-policija-izmekle-tragisko-navi-lente-lv-2","status":"publish","type":"post","link":"https:\/\/www.europesays.com\/lv\/53174\/","title":{"rendered":"Le\u0123end\u0101ro sp\u0101\u0146u dzied\u0101t\u0101ju Enkarnitu Polo atrod miru\u0161u pansion\u0101t\u0101; policija izmekl\u0113 tra\u0123isko n\u0101vi\u00a0\u2014\u00a0Lente.lv"},"content":{"rendered":"<p>Le\u0123end\u0101r\u0101s sp\u0101\u0146u dzied\u0101t\u0101jas Enkarnitas Polo tra\u0123isk\u0101 n\u0101ve<\/p>\n<p>Sp\u0101nijas kult\u016bras pasauli satriekusi le\u0123end\u0101r\u0101s dzied\u0101t\u0101jas un aktrises Enkarnitas Polo tra\u0123isk\u0101 n\u0101ve. Vi\u0146a tika atrasta mirusi k\u0101d\u0101 pansion\u0101t\u0101 Avil\u0101, un s\u0101kotn\u0113j\u0101s zi\u0146as liecin\u0101ja par iesp\u0113jamu slepkav\u012bbu. \u0160is notikums ir rad\u012bjis pla\u0161u rezonansi un izsaucis daudz jaut\u0101jumu par apst\u0101k\u013ciem, kas novedu\u0161i pie m\u0101kslinieces zaud\u0113juma.<\/p>\n<p>Aktrises dz\u012bves p\u0113d\u0113j\u0101s dienas un tra\u0123iskais atgad\u012bjums<\/p>\n<p>Enkarnita Polo, dzimusi 1939. gad\u0101 Sevi\u013c\u0101, bija viena no spo\u017e\u0101kaj\u0101m sp\u0101\u0146u popm\u016bzikas zvaigzn\u0113m 1960. un 1970. gados, kura ieguva milz\u012bgu popularit\u0101ti ar dziesm\u0101m k\u0101 \u201cPepa Bandera\u201d un \u012bpa\u0161i ar hitu \u201cPaco, Paco, Paco\u201d. Vi\u0146as karjera bija bag\u0101ta ar pan\u0101kumiem gan m\u016bzik\u0101, gan kino, padarot vi\u0146u par ikonu daudz\u0101m paaudz\u0113m.. Tom\u0113r vi\u0146as v\u0113l\u012bnos dz\u012bves gadus aiz\u0113noja finansi\u0101las gr\u016bt\u012bbas un vesel\u012bbas probl\u0113mas, tostarp c\u012b\u0146a ar v\u0113zi.. \u0160\u012b iemesla d\u0113\u013c vi\u0146a apmet\u0101s uz dz\u012bvi pansion\u0101t\u0101 Avil\u0101, lai b\u016btu tuv\u0101k savai meitai un samazin\u0101tu izdevumus..<\/p>\n<p>14. novembr\u012b pansion\u0101ta darbinieki atrada 86 gadus veco m\u0101kslinieci miru\u0161u, konstat\u0113jot nosmak\u0161anas paz\u012bmes.. S\u0101kotn\u0113j\u0101 inform\u0101cija, ko izplat\u012bja mediji, nor\u0101d\u012bja, ka vi\u0146u no\u017e\u0146audzis cits pansion\u0101ta iem\u012btnieks \u2013 80 gadus vecs v\u012brietis, kuram tiek pied\u0113v\u0113ti demences simptomi.. \u0160is notikums izrais\u012bja policijas izmekl\u0113\u0161anu, lai noskaidrotu visas tra\u0123\u0113dijas deta\u013cas.. Lai gan aizdom\u0101s tur\u0113tais v\u012brietis iepriek\u0161 nav bijis agres\u012bvs, vi\u0146\u0161 p\u0113c notiku\u0161\u0101 tika nog\u0101d\u0101ts psihiatriskaj\u0101 noda\u013c\u0101..<\/p>\n<p>Izmekl\u0113\u0161anas gaita un pretrun\u012bgi zi\u0146ojumi<\/p>\n<p>Lai gan s\u0101kotn\u0113jie zi\u0146ojumi un vair\u0101ki mediju avoti nor\u0101d\u012bja uz iesp\u0113jamu vardarb\u012bbu, v\u0113l\u0101k par\u0101d\u012bj\u0101s inform\u0101cija, kas liecin\u0101ja par pret\u0113jo. Da\u017ei avoti zi\u0146oja, ka policijas izmekl\u0113\u0161ana ir nosl\u0113gusies, apstiprinot, ka Enkarnitas Polo n\u0101ve bijusi dabiska, bez vardarb\u012bbas vai agresijas paz\u012bm\u0113m.. \u0160\u012bs pretrun\u012bg\u0101s zi\u0146as rad\u012bju\u0161as neskaidr\u012bbu un liek uzdot jaut\u0101jumus par notiku\u0161\u0101 patiesajiem apst\u0101k\u013ciem..<\/p>\n<p>Enkarnitas Polo karjera un mantojums<\/p>\n<p>Enkarnita Polo dziesmu karjera s\u0101k\u0101s jau agr\u0101 jaun\u012bb\u0101, un vi\u0146a k\u013cuva par vienu no pirmaj\u0101m flamenko popa \u017eanra pionier\u0113m Sp\u0101nij\u0101.. Vi\u0146as muzik\u0101l\u0101 jaunrade un ener\u0123isk\u0101 uzst\u0101\u0161an\u0101s ieguva pla\u0161u publikas atzin\u012bbu, un vi\u0146a tika uzskat\u012bta par ikonisku person\u012bbu sp\u0101\u0146u \u0161ovbiznes\u0101.. Neskatoties uz person\u012bgaj\u0101m gr\u016bt\u012bb\u0101m, piem\u0113ram, kr\u0101p\u0161anos ar Bankia bankas preferenci\u0101laj\u0101m akcij\u0101m, kas vi\u0146ai rad\u012bja iev\u0113rojamus finansi\u0101lus zaud\u0113jumus, Polo vienm\u0113r cent\u0101s saglab\u0101t cie\u0146u un turpin\u0101t savu m\u0101ksliniecisko darb\u012bbu.. Vi\u0146as meita Rakela Veicmane Polo sav\u0101 pazi\u0146ojum\u0101 uzsv\u0113ra, ka m\u0101te bija stipra un dz\u012bvespriec\u012bga sieviete, kuras mantojums turpin\u0101s iedvesmot..<\/p>\n<p>Daudzi kol\u0113\u0123i un draugi, tostarp publisk\u0101s personas k\u0101 Hose Manuels Parada, paudu\u0161i dzi\u013cas skumjas par m\u0101kslinieces zaud\u0113jumu, uzsverot vi\u0146as noz\u012bm\u012bgo ieguld\u012bjumu kult\u016br\u0101 un aicinot veikt r\u016bp\u012bgu izmekl\u0113\u0161anu.. Enkarnitas Polo piemi\u0146a tiek godin\u0101ta k\u0101 spilgtas person\u012bbas, kuras talants un dz\u012bves spara piem\u0113rs iedvesmoja daudzus.<\/p>\n","protected":false},"excerpt":{"rendered":"Le\u0123end\u0101r\u0101s sp\u0101\u0146u dzied\u0101t\u0101jas Enkarnitas Polo tra\u0123isk\u0101 n\u0101ve Sp\u0101nijas kult\u016bras pasauli satriekusi le\u0123end\u0101r\u0101s dzied\u0101t\u0101jas un aktrises Enkarnitas Polo tra\u0123isk\u0101&hellip;\n","protected":false},"author":2,"featured_media":53175,"comment_status":"","ping_status":"","sticky":false,"template":"","format":"standard","meta":{"footnotes":""},"categories":[19],"tags":[14541,89,90,35,39,38,36,37,34,40,296,14542,595,1670],"class_list":{"0":"post-53174","1":"post","2":"type-post","3":"status-publish","4":"format-standard","5":"has-post-thumbnail","7":"category-izklaide","8":"tag-enkarnita-polo","9":"tag-entertainment","10":"tag-izklaide","11":"tag-latvia","12":"tag-latvian","13":"tag-latviesu","14":"tag-latviesu-valoda","15":"tag-latviesuvaloda","16":"tag-latvija","17":"tag-lv","18":"tag-nave","19":"tag-pansionats","20":"tag-slepkaviba","21":"tag-spanija"},"share_on_mastodon":{"url":"https:\/\/pubeurope.com\/@lv\/115574483437489979","error":""},"_links":{"self":[{"href":"https:\/\/www.europesays.com\/lv\/wp-json\/wp\/v2\/posts\/53174","targetHints":{"allow":["GET"]}}],"collection":[{"href":"https:\/\/www.europesays.com\/lv\/wp-json\/wp\/v2\/posts"}],"about":[{"href":"https:\/\/www.europesays.com\/lv\/wp-json\/wp\/v2\/types\/post"}],"author":[{"embeddable":true,"href":"https:\/\/www.europesays.com\/lv\/wp-json\/wp\/v2\/users\/2"}],"replies":[{"embeddable":true,"href":"https:\/\/www.europesays.com\/lv\/wp-json\/wp\/v2\/comments?post=53174"}],"version-history":[{"count":0,"href":"https:\/\/www.europesays.com\/lv\/wp-json\/wp\/v2\/posts\/53174\/revisions"}],"wp:featuredmedia":[{"embeddable":true,"href":"https:\/\/www.europesays.com\/lv\/wp-json\/wp\/v2\/media\/53175"}],"wp:attachment":[{"href":"https:\/\/www.europesays.com\/lv\/wp-json\/wp\/v2\/media?parent=53174"}],"wp:term":[{"taxonomy":"category","embeddable":true,"href":"https:\/\/www.europesays.com\/lv\/wp-json\/wp\/v2\/categories?post=53174"},{"taxonomy":"post_tag","embeddable":true,"href":"https:\/\/www.europesays.com\/lv\/wp-json\/wp\/v2\/tags?post=53174"}],"curies":[{"name":"wp","href":"https:\/\/api.w.org\/{rel}","templated":true}]}}