{"id":53180,"date":"2025-11-19T04:36:13","date_gmt":"2025-11-19T04:36:13","guid":{"rendered":"https:\/\/www.europesays.com\/lv\/53180\/"},"modified":"2025-11-19T04:36:13","modified_gmt":"2025-11-19T04:36:13","slug":"vef-riga-parspej-lu-basketbola-komandu","status":"publish","type":"post","link":"https:\/\/www.europesays.com\/lv\/53180\/","title":{"rendered":"&#8220;VEF R\u012bga&#8221; p\u0101rsp\u0113j LU basketbola komandu"},"content":{"rendered":"<p>&#8220;<a rel=\"noopener nofollow\" target=\"_blank\" href=\"https:\/\/www.delfi.lv\/temas\/35200111\/vef-riga\" tag-id=\"35200111\">VEF R\u012bga<\/a>&#8221; otrdien, 18. novembr\u012b, sav\u0101 laukum\u0101 &#8220;Optibet&#8221; Latvijas-Igaunijas Basketbola l\u012bgas (LIBL) ma\u010d\u0101 p\u0101rsp\u0113ja &#8220;Latvijas Universit\u0101ti&#8221; (LU).<\/p>\n<p class=\"western\">LIBL Latviju \u0161osezon p\u0101rst\u0101v &#8220;<a rel=\"noopener nofollow\" target=\"_blank\" href=\"https:\/\/www.delfi.lv\/temas\/35685129\/latvijas-universitate\" tag-id=\"35685129\">Latvijas Universit\u0101te<\/a>&#8220;, &#8220;<a rel=\"noopener nofollow\" target=\"_blank\" href=\"https:\/\/www.delfi.lv\/temas\/35466439\/liepaja\" tag-id=\"35466439\">Liep\u0101ja<\/a>&#8220;, &#8220;Ogre&#8221;, &#8220;R\u012bgas ze\u013c\u013ci&#8221;, &#8220;Valmiera Glass&#8221;https:\/\/www.delfi.lv\/&#8221;Vidzemes Augstskola&#8221;, &#8220;Ventspils&#8221; un &#8220;VEF R\u012bga&#8221;, bet Igauniju &#8211; Keilas &#8220;Coolbet&#8221;, Tallinas &#8220;Kalev&#8221;https:\/\/www.delfi.lv\/&#8221;Cramo&#8221;, &#8220;Keila&#8221;, Tallinas &#8220;TalTech&#8221;https:\/\/www.delfi.lv\/&#8221;Alexela&#8221;, &#8220;<a rel=\"noopener nofollow\" target=\"_blank\" href=\"https:\/\/www.delfi.lv\/temas\/40366489\/tartu-universitate\" tag-id=\"40366489\">Tartu Universit\u0101te<\/a>&#8220;https:\/\/www.delfi.lv\/&#8221;Maks &amp; Moorits&#8221;, P\u0113rnavas &#8220;Transcom&#8221; un &#8220;Viimsi&#8221;.<\/p>\n<p class=\"m-0\">Seko &#8220;Delfi&#8221; ar\u012b  <a target=\"_blank\" href=\"https:\/\/www.instagram.com\/delfi.lv\/\" rel=\"nofollow noopener\">Instagram<\/a>  un <a target=\"_blank\" href=\"https:\/\/www.youtube.com\/channel\/UCw5foWtcJvAbUm64rv7jwUQ\" rel=\"nofollow noopener\">YouTube<\/a>  profil\u0101 \u2013 pievienojies, lai uzzin\u0101tu svar\u012bg\u0101ko un interesant\u0101ko pirmais!<\/p>\n<p>Publik\u0101cijas saturs vai t\u0101s jebk\u0101da apjoma da\u013ca ir aizsarg\u0101ts autorties\u012bbu objekts Autorties\u012bbu likuma izpratn\u0113, un t\u0101 izmanto\u0161ana bez izdev\u0113ja at\u013caujas ir aizliegta. Vair\u0101k lasi  <a target=\"_blank\" href=\"https:\/\/www.delfi.lv\/noteikumi#autortiesibas\" rel=\"nofollow noopener\">\u0161eit<\/a><script async src=\"\/\/www.instagram.com\/embed.js\"><\/script><\/p>\n","protected":false},"excerpt":{"rendered":"&#8220;VEF R\u012bga&#8221; otrdien, 18. novembr\u012b, sav\u0101 laukum\u0101 &#8220;Optibet&#8221; Latvijas-Igaunijas Basketbola l\u012bgas (LIBL) ma\u010d\u0101 p\u0101rsp\u0113ja &#8220;Latvijas Universit\u0101ti&#8221; (LU). LIBL&hellip;\n","protected":false},"author":2,"featured_media":53181,"comment_status":"","ping_status":"","sticky":false,"template":"","format":"standard","meta":{"footnotes":""},"categories":[17],"tags":[14558,2648,35,39,38,36,37,34,2167,444,40,67,10901,1618],"class_list":{"0":"post-53180","1":"post","2":"type-post","3":"status-publish","4":"format-standard","5":"has-post-thumbnail","7":"category-sports","8":"tag-adrians-andzevs","9":"tag-kristaps-kilps","10":"tag-latvia","11":"tag-latvian","12":"tag-latviesu","13":"tag-latviesu-valoda","14":"tag-latviesuvaloda","15":"tag-latvija","16":"tag-latvijas-universitate","17":"tag-liepaja","18":"tag-lv","19":"tag-sports","20":"tag-tartu-universitate","21":"tag-vef-riga"},"share_on_mastodon":{"url":"https:\/\/pubeurope.com\/@lv\/115574510935037334","error":""},"_links":{"self":[{"href":"https:\/\/www.europesays.com\/lv\/wp-json\/wp\/v2\/posts\/53180","targetHints":{"allow":["GET"]}}],"collection":[{"href":"https:\/\/www.europesays.com\/lv\/wp-json\/wp\/v2\/posts"}],"about":[{"href":"https:\/\/www.europesays.com\/lv\/wp-json\/wp\/v2\/types\/post"}],"author":[{"embeddable":true,"href":"https:\/\/www.europesays.com\/lv\/wp-json\/wp\/v2\/users\/2"}],"replies":[{"embeddable":true,"href":"https:\/\/www.europesays.com\/lv\/wp-json\/wp\/v2\/comments?post=53180"}],"version-history":[{"count":0,"href":"https:\/\/www.europesays.com\/lv\/wp-json\/wp\/v2\/posts\/53180\/revisions"}],"wp:featuredmedia":[{"embeddable":true,"href":"https:\/\/www.europesays.com\/lv\/wp-json\/wp\/v2\/media\/53181"}],"wp:attachment":[{"href":"https:\/\/www.europesays.com\/lv\/wp-json\/wp\/v2\/media?parent=53180"}],"wp:term":[{"taxonomy":"category","embeddable":true,"href":"https:\/\/www.europesays.com\/lv\/wp-json\/wp\/v2\/categories?post=53180"},{"taxonomy":"post_tag","embeddable":true,"href":"https:\/\/www.europesays.com\/lv\/wp-json\/wp\/v2\/tags?post=53180"}],"curies":[{"name":"wp","href":"https:\/\/api.w.org\/{rel}","templated":true}]}}