{"id":53193,"date":"2025-11-19T04:49:24","date_gmt":"2025-11-19T04:49:24","guid":{"rendered":"https:\/\/www.europesays.com\/lv\/53193\/"},"modified":"2025-11-19T04:49:24","modified_gmt":"2025-11-19T04:49:24","slug":"betona-dazadas-iespejas-dienas-bizness","status":"publish","type":"post","link":"https:\/\/www.europesays.com\/lv\/53193\/","title":{"rendered":"Betona da\u017e\u0101d\u0101s iesp\u0113jas :: Dienas Bizness"},"content":{"rendered":"<p class=\"text-font font-size--text-xlarge margin-3--bottom font-weight--bold padding-1--top\">Ilgm\u016b\u017e\u012bba, arhitektu iesp\u0113jas un materi\u0101la atk\u0101rtota izmanto\u0161ana \u2013 betona lab\u0101k\u0101s \u012bpa\u0161\u012bbas Dienas Biznesa speci\u0101lizdevumam <a href=\"https:\/\/www.db.lv\/zinas\/iznacis-dienas-biznesa-specializdevums-nekustamais-ipasums-523762\" title=\"\" target=\"_blank\" rel=\"nofollow noopener\">Nekustamais \u012bpa\u0161ums<\/a> nosauc UPB grupas uz\u0146\u0113muma Dzelzsbetons MB valdes loceklis Art\u016brs Luka\u0161enoks. Uz\u0146\u0113mums ir uzaudz\u0113jis gan pieredzi, gan papla\u0161in\u0101jis tehnolo\u0123isk\u0101s sp\u0113jas, lai \u012bstenotu v\u0113l sare\u017e\u0123\u012bt\u0101kus projektus.<\/p>\n<p class=\"text-font font-size--text-xlarge margin-3--bottom\">Fragments no intervijas<\/p>\n<p class=\"text-font font-size--text-xlarge margin-3--bottom\">Uz\u0146\u0113mumam ir jau 25 gadu pieredze, apgroz\u012bjums 63 miljoni eiro un vair\u0101k nek\u0101 580 darbinieki. Uz\u0146\u0113mumam ir divas dzelzsbetona ra\u017eotnes \u2013 viena Liep\u0101j\u0101, otra Daugavpil\u012b. MB grup\u0101 ietilpst Dzelzsbetons MB, Daugavpils Dzelzsbetons, Transportbetons MB, Betona p\u0113t\u012bjumu centrs un Inerto materi\u0101lu serviss. Liep\u0101j\u0101, top elementi ra\u017eotn\u0113, kas tiek vesti uz objektiem. T\u0101pat gatavojam ar\u012b lielu da\u013cu no inertiem materi\u0101liem, p\u0101rvald\u0101m karjerus, ra\u017eojam \u0161\u0137embas, smiltis un l\u012bdz pat pa\u0161am betonam. V\u0113l viena svar\u012bga sast\u0101vda\u013ca ir betona p\u0113t\u012bjumu centrs, kas nodro\u0161ina betona un miner\u0101lmateri\u0101lu test\u0113\u0161anu, rezult\u0101tu anal\u012bzi, k\u0101 ar\u012b jaunu produktu recept\u016bru izstr\u0101di. Ra\u017eojam \u013coti pla\u0161a spektra betonu no tradicion\u0101li zin\u0101ma, sala iztur\u012bga l\u012bdz ar\u012b dekorat\u012bvam, kam nepiecie\u0161amas pildvielu kombin\u0101cijas, piem\u0113ram, terrazzo. Spektrs, ko m\u0113s nosedzam, ir konstrukciju elementi, piem\u0113ram, sienas, p\u0101rsegumi, k\u0101pnes, balkoni. Otra sada\u013ca ir produkti, kuriem ir augst\u0101ka pievienot\u0101 v\u0113rt\u012bba, galvenok\u0101rt t\u0101s ir fas\u0101des. M\u016bsu re\u0123ion\u0101 \u013coti izplat\u012bts ir tr\u012bssl\u0101\u0146u sienu produkts \u2013 vien\u0101 sienas element\u0101 ir divas k\u0101rtas betona un pa vidu siltumizol\u0101cija. Tas ir \u013coti efekt\u012bvs produkts, jo tas vienlaikus kalpo k\u0101 neso\u0161\u0101 konstrukcija. \u0112ku b\u016bv\u0113jot, tas ir neso\u0161s, taj\u0101 ir siltumizol\u0101cija, un tad ir kl\u0101t ar\u012b dekorat\u012bvs \u0101rsl\u0101nis. Klienti to nov\u0113rt\u0113, jo \u013coti daudz darba tiek p\u0101rnests uz r\u016bpn\u012bcu, nav j\u0101veic apdare, j\u0101liek logi, k\u0101 ar\u012b nav nepiecie\u0161ama \u0101r\u0113j\u0101 piek\u013cuve, un tas ir svar\u012bgi augstceltn\u0113s vai \u0113k\u0101m ar apgr\u016btin\u0101tu piek\u013c\u016b\u0161anu. Rezult\u0101t\u0101 att\u012bst\u012bt\u0101jam \u0113ka top jau no gataviem elementiem. V\u0113l no produktiem pied\u0101v\u0101jam sienas ar dekorat\u012bviem risin\u0101jumiem. T\u0101pat produkts, pie kura str\u0101d\u0101jam, ir GRC \u2013 stikla\u0161\u0137iedras cementa kompoz\u012bts. Tas ir atsevi\u0161\u0137s elements, pl\u0101na \u010daula, bet ar to var izveidot gan formas, gan reljefus uz fas\u0101d\u0113m. Ja run\u0101 par pa\u0161u virsmu, tad betonu var iepigment\u0113t, piem\u0113ram, no pel\u0113ka rad\u012bt to sarkanu. T\u0101pat ir grafisk\u0101 betona tehnolo\u0123ija. Mums ir svar\u012bgs ilgtsp\u0113jas virziens, t\u0101p\u0113c visiem galvenajiem produktiem izdota vides produktu deklar\u0101cija. Tas par\u0101da, cik ir CO2 izme\u0161u daudzums uz katru sara\u017eoto produktu apjomu. M\u0113s m\u0101c\u0101mies no skandin\u0101vu klientiem, vi\u0146u pras\u012bb\u0101m, t\u0101p\u0113c es teiktu, ka Zviedrija ir visai Eiropai priek\u0161\u0101. Vi\u0146i uzst\u0101da augstas un skaidras pras\u012bbas katram \u0113kas kvadr\u0101tmetram, cik vi\u0146i v\u0113las redz\u0113t izme\u0161us.<\/p>\n<p class=\"text-font font-size--text-xlarge margin-3--bottom\">Gada s\u0101kum\u0101 uz\u0146\u0113mums invest\u0113ja miljonu eiro jaun\u0101, piln\u012bb\u0101 automatiz\u0113t\u0101 betonu produktu l\u012bnij\u0101. K\u0101p\u0113c bija svar\u012bgi \u012bstenot \u0161o projektu? <\/p>\n<p class=\"text-font font-size--text-xlarge margin-3--bottom\">Cilv\u0113ki joproj\u0101m gatavo elementus, bet tas, ko izdara iek\u0101rta \u2013 no &#8211; vieto elementu uz sl\u012bp\u0113\u0161anas galda un ieprogramm\u0113jot izdara visu sl\u012bp\u0113\u0161anas darbu. Tur cilv\u0113kam nav j\u0101piep\u016blas, un ar\u012b kvalit\u0101te ir daudz augst\u0101ka. Lai atbild\u0113tu, k\u0101p\u0113c m\u0113s \u012bstenoj\u0101m \u0161o, tad ir j\u0101pak\u0101pjas nedaudz atpaka\u013c. Tas iek\u013caujas jaun\u0101s ra\u017eotnes b\u016bvniec\u012bbas ainav\u0101, un t\u0101 bija viena no sada\u013c\u0101m, kuru m\u0113s b\u016bvniec\u012bbas laik\u0101 ne &#8211; daudz iepauz\u0113j\u0101m, lai saprastu tirgu, atrastu vietu, stiprin\u0101tu citas savas kompetences gan ilgtsp\u0113jas, gan betona izstr\u0101des jaut\u0101ju &#8211; mos. Nav t\u0101, ka m\u0113s ar terrazzo nebij\u0101m str\u0101d\u0101ju\u0161i l\u012bdz \u0161im. Piem\u0113ram, \u012bstenoj\u0101m projektu Zviedrij\u0101, pirms v\u0113l uzst\u0101d\u012bj\u0101m jauno iek\u0101rtu. To dar\u012bj\u0101m manu\u0101li, praktiski apguv\u0101m, k\u0101 ir veidot betona receptes, k\u0101 beton\u0113t, k\u0101 apstr\u0101d\u0101t un sl\u012bp\u0113t. Tas bija lo\u0123isks solis, lai palielin\u0101tu ne tikai ra\u017e\u012bbu, bet ar\u012b elementu gabar\u012btus. \u0160obr\u012bd ar \u0161o iek\u0101rtu m\u0113s varam sl\u012bp\u0113t 4,5 l\u012bdz 12 metru lielus elementus.<\/p>\n<p class=\"text-font font-size--text-xlarge margin-3--bottom\">Cik darba rokas aizst\u0101j \u0161\u0101da iek\u0101rta?<\/p>\n<p class=\"text-font font-size--text-xlarge margin-3--bottom\">Viens cilv\u0113ks st\u0101v\u0113tu un sl\u012bp\u0113tu, bet to dar\u012btu \u010detras vai piecas reizes l\u0113n\u0101k, k\u0101 ar\u012b nevar\u0113tu nosl\u012bp\u0113t to, ko tagad iek\u0101rta var, un, iesp\u0113jams, to izdar\u012btu ne tik kvalitat\u012bvi. Vienm\u0113r ir tas cilv\u0113ka faktors, piem\u0113ram, cik stipri piespie\u017e, vai kaut ko palai\u017e gar\u0101m. Tur ir daudz aspektu \u2013 kvalit\u0101te, darba stundas, produkta iesp\u0113jas. Piem\u0113ram, tagad \u012bstenojam slimn\u012bcas projektu G\u0113teborg\u0101, Zviedrij\u0101, un t\u0101dus elementus ar rok\u0101m nesp\u0113tu nosl\u012bp\u0113t.<\/p>\n<p class=\"text-font font-size--text-xlarge margin-3--bottom\">Visu rakstu lasiet Dienas Biznesa speci\u0101lizdevum\u0101 <a href=\"https:\/\/www.db.lv\/zinas\/iznacis-dienas-biznesa-specializdevums-nekustamais-ipasums-523762\" title=\"\" target=\"_blank\" rel=\"nofollow noopener\">Nekustamais \u012bpa\u0161ums<\/a>!<\/p>\n<p class=\"text-font font-size--text-xlarge margin-3--bottom\">\u017durn\u0101ls nop\u0113rkams ar\u012b liel\u0101kaj\u0101s tirdzniec\u012bbas viet\u0101s Latvij\u0101, k\u0101 ar\u012b elektroniski!<\/p>\n<p class=\"text-font font-size--text-xlarge margin-3--bottom\">Abon\u0113t ir \u0113rt\u0101k: e-kiosks.lv.<\/p>\n<p><a href=\"https:\/\/www.europesays.com\/lv\/wp-content\/uploads\/2025\/11\/523925__690c933578e0e.jpg\" target=\"_blank\" onclick=\"ga(&#039;send&#039;,&#039;event&#039;,&#039;image-fullscreen&#039;,&#039;523925&#039;);\"><img decoding=\"async\" class=\"lazy image-contain modernize-objectfit\" src=\"https:\/\/www.europesays.com\/lv\/wp-content\/uploads\/2025\/11\/523925__690c933578e0e.jpg\" style=\"font-family: 'object-fit: contain;'; object-fit: contain\"\/><\/a><\/p>\n<p>#1\/20<\/p>\n<p>Foto: Kristaps Kalns\/Dienas mediji<a href=\"https:\/\/www.europesays.com\/lv\/wp-content\/uploads\/2025\/11\/523925__690c95af09000.jpg\" target=\"_blank\" onclick=\"ga(&#039;send&#039;,&#039;event&#039;,&#039;image-fullscreen&#039;,&#039;523925&#039;);\"><img decoding=\"async\" class=\"lazy image-contain modernize-objectfit\" src=\"https:\/\/www.europesays.com\/lv\/wp-content\/uploads\/2025\/11\/523925__690c95af09000.jpg\" style=\"font-family: 'object-fit: contain;'; object-fit: contain\"\/><\/a><\/p>\n<p>#2\/20<\/p>\n<p>Foto: Kristaps Kalns\/Dienas mediji<a href=\"https:\/\/www.europesays.com\/lv\/wp-content\/uploads\/2025\/11\/523925__690c95b1603a2.jpg\" target=\"_blank\" onclick=\"ga(&#039;send&#039;,&#039;event&#039;,&#039;image-fullscreen&#039;,&#039;523925&#039;);\"><img decoding=\"async\" class=\"lazy image-contain modernize-objectfit\" src=\"https:\/\/www.europesays.com\/lv\/wp-content\/uploads\/2025\/11\/523925__690c95b1603a2.jpg\" style=\"font-family: 'object-fit: contain;'; object-fit: contain\"\/><\/a><\/p>\n<p>#3\/20<\/p>\n<p>Foto: Kristaps Kalns\/Dienas mediji<a href=\"https:\/\/www.europesays.com\/lv\/wp-content\/uploads\/2025\/11\/523925__690c95b358528.jpg\" target=\"_blank\" onclick=\"ga(&#039;send&#039;,&#039;event&#039;,&#039;image-fullscreen&#039;,&#039;523925&#039;);\"><img decoding=\"async\" class=\"lazy image-contain modernize-objectfit\" src=\"https:\/\/www.europesays.com\/lv\/wp-content\/uploads\/2025\/11\/523925__690c95b358528.jpg\" style=\"font-family: 'object-fit: contain;'; object-fit: contain\"\/><\/a><\/p>\n<p>#4\/20<\/p>\n<p>Foto: Kristaps Kalns\/Dienas mediji<a href=\"https:\/\/www.europesays.com\/lv\/wp-content\/uploads\/2025\/11\/523925__690c95b564618.jpg\" target=\"_blank\" onclick=\"ga(&#039;send&#039;,&#039;event&#039;,&#039;image-fullscreen&#039;,&#039;523925&#039;);\"><img decoding=\"async\" class=\"lazy image-contain modernize-objectfit\" src=\"https:\/\/www.europesays.com\/lv\/wp-content\/uploads\/2025\/11\/523925__690c95b564618.jpg\" style=\"font-family: 'object-fit: contain;'; object-fit: contain\"\/><\/a><\/p>\n<p>#5\/20<\/p>\n<p>Foto: Kristaps Kalns\/Dienas mediji<a href=\"https:\/\/www.europesays.com\/lv\/wp-content\/uploads\/2025\/11\/523925__690c95b746c9b.jpg\" target=\"_blank\" onclick=\"ga(&#039;send&#039;,&#039;event&#039;,&#039;image-fullscreen&#039;,&#039;523925&#039;);\"><img decoding=\"async\" class=\"lazy image-contain modernize-objectfit\" src=\"https:\/\/www.europesays.com\/lv\/wp-content\/uploads\/2025\/11\/523925__690c95b746c9b.jpg\" style=\"font-family: 'object-fit: contain;'; object-fit: contain\"\/><\/a><\/p>\n<p>#6\/20<\/p>\n<p>Foto: Kristaps Kalns\/Dienas mediji<a href=\"https:\/\/www.europesays.com\/lv\/wp-content\/uploads\/2025\/11\/523925__690c95b928732.jpg\" target=\"_blank\" onclick=\"ga(&#039;send&#039;,&#039;event&#039;,&#039;image-fullscreen&#039;,&#039;523925&#039;);\"><img decoding=\"async\" class=\"lazy image-contain modernize-objectfit\" src=\"https:\/\/www.europesays.com\/lv\/wp-content\/uploads\/2025\/11\/523925__690c95b928732.jpg\" style=\"font-family: 'object-fit: contain;'; object-fit: contain\"\/><\/a><\/p>\n<p>#7\/20<\/p>\n<p>Foto: Kristaps Kalns\/Dienas mediji<a href=\"https:\/\/www.europesays.com\/lv\/wp-content\/uploads\/2025\/11\/523925__690c95bbc7a73.jpg\" target=\"_blank\" onclick=\"ga(&#039;send&#039;,&#039;event&#039;,&#039;image-fullscreen&#039;,&#039;523925&#039;);\"><img decoding=\"async\" class=\"lazy image-contain modernize-objectfit\" src=\"https:\/\/www.europesays.com\/lv\/wp-content\/uploads\/2025\/11\/523925__690c95bbc7a73.jpg\" style=\"font-family: 'object-fit: contain;'; object-fit: contain\"\/><\/a><\/p>\n<p>#8\/20<\/p>\n<p>Foto: Kristaps Kalns\/Dienas mediji<a href=\"https:\/\/www.europesays.com\/lv\/wp-content\/uploads\/2025\/11\/523925__690c95be3711f.jpg\" target=\"_blank\" onclick=\"ga(&#039;send&#039;,&#039;event&#039;,&#039;image-fullscreen&#039;,&#039;523925&#039;);\"><img decoding=\"async\" class=\"lazy image-contain modernize-objectfit\" src=\"https:\/\/www.europesays.com\/lv\/wp-content\/uploads\/2025\/11\/523925__690c95be3711f.jpg\" style=\"font-family: 'object-fit: contain;'; object-fit: contain\"\/><\/a><\/p>\n<p>#9\/20<\/p>\n<p>Foto: Kristaps Kalns\/Dienas mediji<a href=\"https:\/\/www.europesays.com\/lv\/wp-content\/uploads\/2025\/11\/523925__690c95c04615e.jpg\" target=\"_blank\" onclick=\"ga(&#039;send&#039;,&#039;event&#039;,&#039;image-fullscreen&#039;,&#039;523925&#039;);\"><img decoding=\"async\" class=\"lazy image-contain modernize-objectfit\" src=\"https:\/\/www.europesays.com\/lv\/wp-content\/uploads\/2025\/11\/523925__690c95c04615e.jpg\" style=\"font-family: 'object-fit: contain;'; object-fit: contain\"\/><\/a><\/p>\n<p>#10\/20<\/p>\n<p>Foto: Kristaps Kalns\/Dienas mediji<a href=\"https:\/\/www.europesays.com\/lv\/wp-content\/uploads\/2025\/11\/523925__690c95c2240e3.jpg\" target=\"_blank\" onclick=\"ga(&#039;send&#039;,&#039;event&#039;,&#039;image-fullscreen&#039;,&#039;523925&#039;);\"><img decoding=\"async\" class=\"lazy image-contain modernize-objectfit\" src=\"https:\/\/www.europesays.com\/lv\/wp-content\/uploads\/2025\/11\/523925__690c95c2240e3.jpg\" style=\"font-family: 'object-fit: contain;'; object-fit: contain\"\/><\/a><\/p>\n<p>#11\/20<\/p>\n<p>Foto: Kristaps Kalns\/Dienas mediji<a href=\"https:\/\/www.europesays.com\/lv\/wp-content\/uploads\/2025\/11\/523925__690c95c3ef041.jpg\" target=\"_blank\" onclick=\"ga(&#039;send&#039;,&#039;event&#039;,&#039;image-fullscreen&#039;,&#039;523925&#039;);\"><img decoding=\"async\" class=\"lazy image-contain modernize-objectfit\" src=\"https:\/\/www.europesays.com\/lv\/wp-content\/uploads\/2025\/11\/523925__690c95c3ef041.jpg\" style=\"font-family: 'object-fit: contain;'; object-fit: contain\"\/><\/a><\/p>\n<p>#12\/20<\/p>\n<p>Foto: Kristaps Kalns\/Dienas mediji<a href=\"https:\/\/www.europesays.com\/lv\/wp-content\/uploads\/2025\/11\/523925__690c95c60c5a9.jpg\" target=\"_blank\" onclick=\"ga(&#039;send&#039;,&#039;event&#039;,&#039;image-fullscreen&#039;,&#039;523925&#039;);\"><img decoding=\"async\" class=\"lazy image-contain modernize-objectfit\" src=\"https:\/\/www.europesays.com\/lv\/wp-content\/uploads\/2025\/11\/523925__690c95c60c5a9.jpg\" style=\"font-family: 'object-fit: contain;'; object-fit: contain\"\/><\/a><\/p>\n<p>#13\/20<\/p>\n<p>Foto: Kristaps Kalns\/Dienas mediji<a href=\"https:\/\/www.europesays.com\/lv\/wp-content\/uploads\/2025\/11\/523925__690c95c830530.jpg\" target=\"_blank\" onclick=\"ga(&#039;send&#039;,&#039;event&#039;,&#039;image-fullscreen&#039;,&#039;523925&#039;);\"><img decoding=\"async\" class=\"lazy image-contain modernize-objectfit\" src=\"https:\/\/www.europesays.com\/lv\/wp-content\/uploads\/2025\/11\/523925__690c95c830530.jpg\" style=\"font-family: 'object-fit: contain;'; object-fit: contain\"\/><\/a><\/p>\n<p>#14\/20<\/p>\n<p>Foto: Kristaps Kalns\/Dienas mediji<a href=\"https:\/\/www.europesays.com\/lv\/wp-content\/uploads\/2025\/11\/523925__690c95ca396bd.jpg\" target=\"_blank\" onclick=\"ga(&#039;send&#039;,&#039;event&#039;,&#039;image-fullscreen&#039;,&#039;523925&#039;);\"><img decoding=\"async\" class=\"lazy image-contain modernize-objectfit\" src=\"https:\/\/www.europesays.com\/lv\/wp-content\/uploads\/2025\/11\/523925__690c95ca396bd.jpg\" style=\"font-family: 'object-fit: contain;'; object-fit: contain\"\/><\/a><\/p>\n<p>#15\/20<\/p>\n<p>Foto: Kristaps Kalns\/Dienas mediji<a href=\"https:\/\/www.europesays.com\/lv\/wp-content\/uploads\/2025\/11\/523925__690c95cc1e4a9.jpg\" target=\"_blank\" onclick=\"ga(&#039;send&#039;,&#039;event&#039;,&#039;image-fullscreen&#039;,&#039;523925&#039;);\"><img decoding=\"async\" class=\"lazy image-contain modernize-objectfit\" src=\"https:\/\/www.europesays.com\/lv\/wp-content\/uploads\/2025\/11\/523925__690c95cc1e4a9.jpg\" style=\"font-family: 'object-fit: contain;'; object-fit: contain\"\/><\/a><\/p>\n<p>#16\/20<\/p>\n<p>Foto: Kristaps Kalns\/Dienas mediji<a href=\"https:\/\/www.europesays.com\/lv\/wp-content\/uploads\/2025\/11\/523925__690c95ce075a8.jpg\" target=\"_blank\" onclick=\"ga(&#039;send&#039;,&#039;event&#039;,&#039;image-fullscreen&#039;,&#039;523925&#039;);\"><img decoding=\"async\" class=\"lazy image-contain modernize-objectfit\" src=\"https:\/\/www.europesays.com\/lv\/wp-content\/uploads\/2025\/11\/523925__690c95ce075a8.jpg\" style=\"font-family: 'object-fit: contain;'; object-fit: contain\"\/><\/a><\/p>\n<p>#17\/20<\/p>\n<p>Foto: Kristaps Kalns\/Dienas mediji<a href=\"https:\/\/www.europesays.com\/lv\/wp-content\/uploads\/2025\/11\/523925__690c95d013e70.jpg\" target=\"_blank\" onclick=\"ga(&#039;send&#039;,&#039;event&#039;,&#039;image-fullscreen&#039;,&#039;523925&#039;);\"><img decoding=\"async\" class=\"lazy image-contain modernize-objectfit\" src=\"https:\/\/www.europesays.com\/lv\/wp-content\/uploads\/2025\/11\/523925__690c95d013e70.jpg\" style=\"font-family: 'object-fit: contain;'; object-fit: contain\"\/><\/a><\/p>\n<p>#18\/20<\/p>\n<p>Foto: Kristaps Kalns\/Dienas mediji<a href=\"https:\/\/www.europesays.com\/lv\/wp-content\/uploads\/2025\/11\/523925__690c95d1c188b.jpg\" target=\"_blank\" onclick=\"ga(&#039;send&#039;,&#039;event&#039;,&#039;image-fullscreen&#039;,&#039;523925&#039;);\"><img decoding=\"async\" class=\"lazy image-contain modernize-objectfit\" src=\"https:\/\/www.europesays.com\/lv\/wp-content\/uploads\/2025\/11\/523925__690c95d1c188b.jpg\" style=\"font-family: 'object-fit: contain;'; object-fit: contain\"\/><\/a><\/p>\n<p>#19\/20<\/p>\n<p>Foto: Kristaps Kalns\/Dienas mediji<a href=\"https:\/\/www.europesays.com\/lv\/wp-content\/uploads\/2025\/11\/523925__690c95d3869bc.jpg\" target=\"_blank\" onclick=\"ga(&#039;send&#039;,&#039;event&#039;,&#039;image-fullscreen&#039;,&#039;523925&#039;);\"><img decoding=\"async\" class=\"lazy image-contain modernize-objectfit\" src=\"https:\/\/www.europesays.com\/lv\/wp-content\/uploads\/2025\/11\/523925__690c95d3869bc.jpg\" style=\"font-family: 'object-fit: contain;'; object-fit: contain\"\/><\/a><\/p>\n<p>#20\/20<\/p>\n<p>Foto: Kristaps Kalns\/Dienas mediji<\/p>\n<p>Skat\u012bties p\u0101r\u0113jos att\u0113lus<\/p>\n","protected":false},"excerpt":{"rendered":"Ilgm\u016b\u017e\u012bba, arhitektu iesp\u0113jas un materi\u0101la atk\u0101rtota izmanto\u0161ana \u2013 betona lab\u0101k\u0101s \u012bpa\u0161\u012bbas Dienas Biznesa speci\u0101lizdevumam Nekustamais \u012bpa\u0161ums nosauc UPB&hellip;\n","protected":false},"author":2,"featured_media":53194,"comment_status":"","ping_status":"","sticky":false,"template":"","format":"standard","meta":{"footnotes":""},"categories":[16],"tags":[869,77,870,76,867,35,39,38,36,37,34,871,868,40,21],"class_list":{"0":"post-53193","1":"post","2":"type-post","3":"status-publish","4":"format-standard","5":"has-post-thumbnail","7":"category-bizness","8":"tag-biznesa-zinas","9":"tag-bizness","10":"tag-bizness-latvija","11":"tag-business","12":"tag-dienas-zinas","13":"tag-latvia","14":"tag-latvian","15":"tag-latviesu","16":"tag-latviesu-valoda","17":"tag-latviesuvaloda","18":"tag-latvija","19":"tag-latvijas-biznesa-zinas","20":"tag-latvijas-zinas","21":"tag-lv","22":"tag-zinas"},"share_on_mastodon":{"url":"https:\/\/pubeurope.com\/@lv\/115574562308512979","error":""},"_links":{"self":[{"href":"https:\/\/www.europesays.com\/lv\/wp-json\/wp\/v2\/posts\/53193","targetHints":{"allow":["GET"]}}],"collection":[{"href":"https:\/\/www.europesays.com\/lv\/wp-json\/wp\/v2\/posts"}],"about":[{"href":"https:\/\/www.europesays.com\/lv\/wp-json\/wp\/v2\/types\/post"}],"author":[{"embeddable":true,"href":"https:\/\/www.europesays.com\/lv\/wp-json\/wp\/v2\/users\/2"}],"replies":[{"embeddable":true,"href":"https:\/\/www.europesays.com\/lv\/wp-json\/wp\/v2\/comments?post=53193"}],"version-history":[{"count":0,"href":"https:\/\/www.europesays.com\/lv\/wp-json\/wp\/v2\/posts\/53193\/revisions"}],"wp:featuredmedia":[{"embeddable":true,"href":"https:\/\/www.europesays.com\/lv\/wp-json\/wp\/v2\/media\/53194"}],"wp:attachment":[{"href":"https:\/\/www.europesays.com\/lv\/wp-json\/wp\/v2\/media?parent=53193"}],"wp:term":[{"taxonomy":"category","embeddable":true,"href":"https:\/\/www.europesays.com\/lv\/wp-json\/wp\/v2\/categories?post=53193"},{"taxonomy":"post_tag","embeddable":true,"href":"https:\/\/www.europesays.com\/lv\/wp-json\/wp\/v2\/tags?post=53193"}],"curies":[{"name":"wp","href":"https:\/\/api.w.org\/{rel}","templated":true}]}}