{"id":5321,"date":"2025-09-26T06:22:16","date_gmt":"2025-09-26T06:22:16","guid":{"rendered":"https:\/\/www.europesays.com\/lv\/5321\/"},"modified":"2025-09-26T06:22:16","modified_gmt":"2025-09-26T06:22:16","slug":"bijusais-francijas-prezidents-sarkozi-piecus-gadus-sedes-cietuma","status":"publish","type":"post","link":"https:\/\/www.europesays.com\/lv\/5321\/","title":{"rendered":"Biju\u0161ais Francijas prezidents Sarkoz\u012b piecus gadus s\u0113d\u0113s cietum\u0101"},"content":{"rendered":"<p>Par\u012bzes tiesa ceturtdien piesprieda biju\u0161ajam Francijas prezidentam Nikol\u0101 Sarkoz\u012b piecu gadu cietumsodu, atz\u012bstot vi\u0146u par vain\u012bgu noziedz\u012bg\u0101 sazv\u0113rest\u012bb\u0101 pr\u0101v\u0101, kur\u0101 Sarkoz\u012b bija aps\u016bdz\u0113ts, ka L\u012bbijas diktators Muamars Kadafi pal\u012bdz\u0113jis finans\u0113t vi\u0146a kampa\u0146u 2007.gada prezidenta v\u0113l\u0113\u0161an\u0101s.<\/p>\n<p>Tiesa noteica, ka Sarkoz\u012b apcietin\u0101jum\u0101 j\u0101ievieto v\u0113l\u0101k, un prokuroriem tiek dots viens m\u0113nesis laika, lai inform\u0113tu biju\u0161o valsts vad\u012bt\u0101ju, kad vi\u0146am j\u0101dodas uz cietumu.<\/p>\n<p>Sarkoz\u012b nosod\u012bja spriedumu un sol\u012bja to p\u0101rs\u016bdz\u0113t.<\/p>\n<p>&#8220;Ja vi\u0146i noteikti v\u0113las, lai es gul\u0113tu cietum\u0101, es gul\u0113\u0161u cietum\u0101. Bet ar augsti paceltu galvu. Es neesmu vain\u012bgs. \u0160\u012b netaisn\u012bba ir skand\u0101ls,&#8221; \u017eurn\u0101listiem sac\u012bja Sarkoz\u012b.<\/p>\n<p>&#8220;Es l\u016bdzu Francijas iedz\u012bvot\u0101jus &#8211; neatkar\u012bgi no t\u0101, vai vi\u0146i balsoja par mani vai n\u0113, vai vi\u0146i mani atbalsta vai neatbalsta &#8211; saprast, kas tikko ir noticis. Naidam patie\u0161\u0101m nav robe\u017eu,&#8221; sac\u012bja eksprezidents.<\/p>\n<p>Sarkoz\u012b \u0161aj\u0101 pr\u0101v\u0101 tika attaisnots cit\u0101s aps\u016bdz\u012bb\u0101s par korupciju, bet tiesnese Nat\u0101lija Gavar\u012bno nor\u0101d\u012bja, ka vi\u0146\u0161 &#8220;\u013c\u0101vis saviem tuvajiem pal\u012bgiem r\u012bkoties, lai ieg\u016btu finansi\u0101lu atbalstu&#8221; kampa\u0146ai.<\/p>\n<p>Prokurori piepras\u012bja Sarkoz\u012b, kas prezidenta amat\u0101 atrad\u0101s no 2007. l\u012bdz 2012.gadam, septi\u0146us gadus cietum\u0101.<\/p>\n<p>2011.gada mart\u0101, kad Francijas un Lielbrit\u0101nijas vad\u012bb\u0101 bija s\u0101kta L\u012bbijas bombard\u0113\u0161ana, Muamara Kadafi d\u0113ls Seifs al Isl\u0101ms telekan\u0101lam &#8220;Euronews&#8221; pazi\u0146oja, ka L\u012bbija finans\u0113jusi Sarkoz\u012b 2007.gada kampa\u0146u.<\/p>\n<p>Prezidenta birojs \u0161\u012bs zi\u0146as noraid\u012bja.<\/p>\n<p>N\u0101kamaj\u0101 gad\u0101 fran\u010du t\u012bmek\u013ca medijs &#8220;Mediapart&#8221; public\u0113ja L\u012bbijas slepen\u0101 dienesta dokumentu, kas liecin\u0101ja, ka L\u012bbijas re\u017e\u012bms pie\u0161\u0137\u012bris Sarkoz\u012b kampa\u0146ai 50 miljonus eiro.<\/p>\n<p>Sarkoz\u012b noraid\u012bja \u0161\u012bs aps\u016bdz\u012bbas un apgalvoja, ka dokuments ir viltots.<\/p>\n<p>Tom\u0113r Francijas izmekl\u0113\u0161anas tiesne\u0161i 2016.gad\u0101 pazi\u0146oja, ka dokumentam ir visas autentiskam dokumentam rakstur\u012bg\u0101s paz\u012bmes, lai gan nav gal\u012bgu pier\u0101d\u012bjumu, ka \u0161\u0101ds dar\u012bjums ir noticis.<\/p>\n<p>Sarkoz\u012b 2007.gada kampa\u0146as ofici\u0101l\u0101s izmaksas bija 20 miljoni eiro.<\/p>\n","protected":false},"excerpt":{"rendered":"Par\u012bzes tiesa ceturtdien piesprieda biju\u0161ajam Francijas prezidentam Nikol\u0101 Sarkoz\u012b piecu gadu cietumsodu, atz\u012bstot vi\u0146u par vain\u012bgu noziedz\u012bg\u0101 sazv\u0113rest\u012bb\u0101&hellip;\n","protected":false},"author":2,"featured_media":5322,"comment_status":"","ping_status":"","sticky":false,"template":"","format":"standard","meta":{"footnotes":""},"categories":[14],"tags":[129,363,2392,23,57,28,29,32,33,22,30,31,35,39,38,36,37,34,40,20,26,27,2393,364,2394,365,24,25,54,55,56,21,58],"class_list":{"0":"post-5321","1":"post","2":"type-post","3":"status-publish","4":"format-standard","5":"has-post-thumbnail","7":"category-zinas-no-arvalstim","8":"tag-__typenameadvicekeyword","9":"tag-id1351","10":"tag-id738","11":"tag-aktualitates","12":"tag-arvalstim","13":"tag-breaking-news","14":"tag-breakingnews","15":"tag-featured-news","16":"tag-featurednews","17":"tag-headlines","18":"tag-latest-news","19":"tag-latestnews","20":"tag-latvia","21":"tag-latvian","22":"tag-latviesu","23":"tag-latviesu-valoda","24":"tag-latviesuvaloda","25":"tag-latvija","26":"tag-lv","27":"tag-news","28":"tag-popularakas-zinas","29":"tag-popularakaszinas","30":"tag-slugfrancija","31":"tag-slugtiesa","32":"tag-titlefrancija","33":"tag-titletiesa","34":"tag-top-stories","35":"tag-topstories","36":"tag-world","37":"tag-world-news","38":"tag-worldnews","39":"tag-zinas","40":"tag-zinas-no-arvalstim"},"share_on_mastodon":{"url":"","error":""},"_links":{"self":[{"href":"https:\/\/www.europesays.com\/lv\/wp-json\/wp\/v2\/posts\/5321","targetHints":{"allow":["GET"]}}],"collection":[{"href":"https:\/\/www.europesays.com\/lv\/wp-json\/wp\/v2\/posts"}],"about":[{"href":"https:\/\/www.europesays.com\/lv\/wp-json\/wp\/v2\/types\/post"}],"author":[{"embeddable":true,"href":"https:\/\/www.europesays.com\/lv\/wp-json\/wp\/v2\/users\/2"}],"replies":[{"embeddable":true,"href":"https:\/\/www.europesays.com\/lv\/wp-json\/wp\/v2\/comments?post=5321"}],"version-history":[{"count":0,"href":"https:\/\/www.europesays.com\/lv\/wp-json\/wp\/v2\/posts\/5321\/revisions"}],"wp:featuredmedia":[{"embeddable":true,"href":"https:\/\/www.europesays.com\/lv\/wp-json\/wp\/v2\/media\/5322"}],"wp:attachment":[{"href":"https:\/\/www.europesays.com\/lv\/wp-json\/wp\/v2\/media?parent=5321"}],"wp:term":[{"taxonomy":"category","embeddable":true,"href":"https:\/\/www.europesays.com\/lv\/wp-json\/wp\/v2\/categories?post=5321"},{"taxonomy":"post_tag","embeddable":true,"href":"https:\/\/www.europesays.com\/lv\/wp-json\/wp\/v2\/tags?post=5321"}],"curies":[{"name":"wp","href":"https:\/\/api.w.org\/{rel}","templated":true}]}}