{"id":53210,"date":"2025-11-19T05:10:08","date_gmt":"2025-11-19T05:10:08","guid":{"rendered":"https:\/\/www.europesays.com\/lv\/53210\/"},"modified":"2025-11-19T05:10:08","modified_gmt":"2025-11-19T05:10:08","slug":"mums-vel-jaizspiez-vislabakais-sniegums-lente-lv","status":"publish","type":"post","link":"https:\/\/www.europesays.com\/lv\/53210\/","title":{"rendered":"&#8220;Mums v\u0113l j\u0101izspie\u017e vislab\u0101kais sniegums&#8221;\u00a0\u2014\u00a0Lente.lv"},"content":{"rendered":"<p>P\u0113d\u0113j\u0101s kvalifik\u0101cijas sp\u0113les un komandas noska\u0146ojums<\/p>\n<p>Latvijas futbola izlase sestdien, 16. novembr\u012b, aizvad\u012bja savu nosl\u0113dzo\u0161o sp\u0113li 2026. gada Pasaules kausa kvalifik\u0101cijas cikl\u0101, viesojoties pie Serbijas. Lai gan turn\u012bra tabulas izpratn\u0113 sp\u0113lei nebija rezultativit\u0101tes noz\u012bmes, Latvijas izlases uzbruc\u0113js Vladislavs Gutkovskis pirms ma\u010da uzsv\u0113ra, ka katra sp\u0113le ir svar\u012bga un komandai ir j\u0101atdod viss iesp\u0113jamais. &#8220;Mums v\u0113l j\u0101izspie\u017e no sevis vislab\u0101kais sniegums,&#8221; preses konferenc\u0113 atkl\u0101ja Gutkovskis, piebilstot, ka komanda sp\u0113l\u0113s tikai par uzvaru un cent\u012bsies pabeigt gadu lab\u0101 noska\u0146ojum\u0101. Vi\u0146\u0161 ar\u012b uzsv\u0113ra sp\u0113l\u0113t par treneri un izpild\u012bt visas vi\u0146a pras\u012bbas, demonstr\u0113jot maksim\u0101lu pa\u0161atdevi un savu sp\u0113li.<\/p>\n<p>Sp\u0113les gaita un rezult\u0101ts pret Serbiju<\/p>\n<p>Sp\u0113le pret Serbiju, kas norisin\u0101j\u0101s Dubo\u010dic\u0101, nosl\u0113dz\u0101s ar Latvijas izlases zaud\u0113jumu 1:2. Lai gan Latvijas komanda pirmaj\u0101 puslaik\u0101 izvirz\u012bj\u0101s vad\u012bb\u0101 p\u0113c Vladislava Gutkovska prec\u012bz\u0101 sitiena 12. min\u016bt\u0113, otraj\u0101 puslaik\u0101 serbiem izdev\u0101s atsp\u0113l\u0113ties un g\u016bt divus v\u0101rtus. Ma\u010da 49. min\u016bt\u0113 rezult\u0101tu izl\u012bdzin\u0101ja Aleksandars Katajs, bet 60. min\u016bt\u0113 uzvaras v\u0101rtus guva Aleksandars Stankovi\u010ds. Lai gan Latvijas izlasei bija iesp\u0113jas pan\u0101kt neiz\u0161\u0137irtu un pat uzvar\u0113t, sp\u0113les izska\u0146\u0101 veiksme nebija t\u0101s pus\u0113.<\/p>\n<p>Kvalifik\u0101cijas cikla kopskats un n\u0101kotnes perspekt\u012bvas<\/p>\n<p>Nosl\u0113dzoties 2026. gada Pasaules kausa kvalifik\u0101cijas ciklam, Latvijas izlase ie\u0146em priek\u0161p\u0113d\u0113jo vietu sav\u0101 apak\u0161grup\u0101 aiz Serbijas, g\u016bstot piecus punktus. Lai gan rezult\u0101ti nav biju\u0161i spo\u017e\u0101kie, galvenais treneris Paolo Nikolato uzskata, ka komanda ir uzlabojusi savu sniegumu sal\u012bdzin\u0101jum\u0101 ar iepriek\u0161\u0113jo kvalifik\u0101cijas ciklu, kur\u0101 tika piedz\u012bvoti devi\u0146i zaud\u0113jumi un tikai viena uzvara. \u0160aj\u0101 cikl\u0101 Latvijas izlase zaud\u0113ja \u010detras sp\u0113les, divas no t\u0101m pret sp\u0113c\u012bgo Anglijas komandu, kas kvalific\u0113j\u0101s fin\u0101lturn\u012bram. Lai gan n\u0101kamais Pasaules kauss notiks 2026. gad\u0101, Latvijas izlasei ir skaidrs, ka nepiecie\u0161ams turpin\u0101t darbu pie komandas att\u012bst\u012bbas un snieguma uzlabo\u0161anas, lai n\u0101kotn\u0113 var\u0113tu sasniegt augst\u0101kus m\u0113r\u0137us.<\/p>\n<p>Izlases sast\u0101va izaicin\u0101jumi un n\u0101kamie so\u013ci<\/p>\n<p>\u0160aj\u0101 kvalifik\u0101cijas cikl\u0101 Latvijas izlase sask\u0101r\u0101s ar iev\u0113rojamiem sast\u0101va izaicin\u0101jumiem, jo vair\u0101ki svar\u012bgi sp\u0113l\u0113t\u0101ji, tostarp Toberis, Uldri\u0137is, \u0160its, Varslav\u0101ns, Jaunzems, Ciga\u0146iks, \u010cernomordijs un Balo\u017es, bija nepieejami traumu vai citu iemeslu d\u0113\u013c. \u0160ie zaud\u0113jumi noteikti atst\u0101ja iespaidu uz komandas kop\u0113jo sniegumu. Tom\u0113r, neskatoties uz gr\u016bt\u012bb\u0101m, sp\u0113l\u0113t\u0101ji cent\u0101s demonstr\u0113t lab\u0101ko sniegumu, un Gutkovskis aicin\u0101ja uz c\u012b\u0146assparu un savstarp\u0113ju atbalstu. N\u0101kotn\u0113 Latvijas Futbola feder\u0101cija un treneru korpuss noteikti analiz\u0113s paveikto un mekl\u0113s veidus, k\u0101 stiprin\u0101t izlasi, lai t\u0101 b\u016btu konkur\u0113tsp\u0113j\u012bg\u0101ka gan Eiropas, gan Pasaules m\u0113rog\u0101.<\/p>\n","protected":false},"excerpt":{"rendered":"P\u0113d\u0113j\u0101s kvalifik\u0101cijas sp\u0113les un komandas noska\u0146ojums Latvijas futbola izlase sestdien, 16. novembr\u012b, aizvad\u012bja savu nosl\u0113dzo\u0161o sp\u0113li 2026. gada&hellip;\n","protected":false},"author":2,"featured_media":53211,"comment_status":"","ping_status":"","sticky":false,"template":"","format":"standard","meta":{"footnotes":""},"categories":[5],"tags":[23,28,29,32,33,22,30,31,35,39,38,36,37,34,4016,14567,40,20,4017,7397,26,27,24,25,14566,21],"class_list":{"0":"post-53210","1":"post","2":"type-post","3":"status-publish","4":"format-standard","5":"has-post-thumbnail","7":"category-aktualitates","8":"tag-aktualitates","9":"tag-breaking-news","10":"tag-breakingnews","11":"tag-featured-news","12":"tag-featurednews","13":"tag-headlines","14":"tag-latest-news","15":"tag-latestnews","16":"tag-latvia","17":"tag-latvian","18":"tag-latviesu","19":"tag-latviesu-valoda","20":"tag-latviesuvaloda","21":"tag-latvija","22":"tag-latvijas-futbola-izlase","23":"tag-latvijas-futbola-izlase-pret-serbiju","24":"tag-lv","25":"tag-news","26":"tag-paolo-nikolato","27":"tag-pasaules-kausa-kvalifikacija-2026","28":"tag-popularakas-zinas","29":"tag-popularakaszinas","30":"tag-top-stories","31":"tag-topstories","32":"tag-vladislavs-gutkovskis","33":"tag-zinas"},"share_on_mastodon":{"url":"https:\/\/pubeurope.com\/@lv\/115574644632636429","error":""},"_links":{"self":[{"href":"https:\/\/www.europesays.com\/lv\/wp-json\/wp\/v2\/posts\/53210","targetHints":{"allow":["GET"]}}],"collection":[{"href":"https:\/\/www.europesays.com\/lv\/wp-json\/wp\/v2\/posts"}],"about":[{"href":"https:\/\/www.europesays.com\/lv\/wp-json\/wp\/v2\/types\/post"}],"author":[{"embeddable":true,"href":"https:\/\/www.europesays.com\/lv\/wp-json\/wp\/v2\/users\/2"}],"replies":[{"embeddable":true,"href":"https:\/\/www.europesays.com\/lv\/wp-json\/wp\/v2\/comments?post=53210"}],"version-history":[{"count":0,"href":"https:\/\/www.europesays.com\/lv\/wp-json\/wp\/v2\/posts\/53210\/revisions"}],"wp:featuredmedia":[{"embeddable":true,"href":"https:\/\/www.europesays.com\/lv\/wp-json\/wp\/v2\/media\/53211"}],"wp:attachment":[{"href":"https:\/\/www.europesays.com\/lv\/wp-json\/wp\/v2\/media?parent=53210"}],"wp:term":[{"taxonomy":"category","embeddable":true,"href":"https:\/\/www.europesays.com\/lv\/wp-json\/wp\/v2\/categories?post=53210"},{"taxonomy":"post_tag","embeddable":true,"href":"https:\/\/www.europesays.com\/lv\/wp-json\/wp\/v2\/tags?post=53210"}],"curies":[{"name":"wp","href":"https:\/\/api.w.org\/{rel}","templated":true}]}}