{"id":53225,"date":"2025-11-19T05:34:07","date_gmt":"2025-11-19T05:34:07","guid":{"rendered":"https:\/\/www.europesays.com\/lv\/53225\/"},"modified":"2025-11-19T05:34:07","modified_gmt":"2025-11-19T05:34:07","slug":"tresdien-latvija-gaidams-lietus-un-sniegs","status":"publish","type":"post","link":"https:\/\/www.europesays.com\/lv\/53225\/","title":{"rendered":"Tre\u0161dien Latvij\u0101 gaid\u0101ms lietus un sniegs"},"content":{"rendered":"<p>Valsts teritorijas liel\u0101kaj\u0101 da\u013c\u0101 l\u012bs un snigs. Latvijas Vides, \u0123eolo\u0123ijas un meteorolo\u0123ijas centrs da\u013c\u0101 Vidzemes un Zemgales izsludin\u0101jis dzelten\u0101s pak\u0101pes br\u012bdin\u0101jumu par snig\u0161anu &#8211; viet\u0101m veidosies 3-5 centimetrus bieza sniega sega. Autoce\u013ci viet\u0101m b\u016bs slideni.<\/p>\n<p>V\u0113j\u0161 galvenok\u0101rt m\u0113reni p\u016bt\u012bs no dienvidiem. Maksim\u0101l\u0101 gaisa temperat\u016bra b\u016bs +1..+5 gr\u0101di.<\/p>\n<p>R\u012bg\u0101 debesis segs m\u0101ko\u0146i, gaid\u0101ms slapj\u0161 sniegs un lietus. P\u016b\u0161ot m\u0113renam dienvidu v\u0113jam, gaiss iesils l\u012bdz +3 gr\u0101diem.<\/p>\n<p>Laikapst\u0101k\u013cus ietekm\u0113 zema spiediena apgabals. Atmosf\u0113ras spiediens j\u016bras l\u012bmen\u012b no 1004 hektopask\u0101liem Kurzemes rietumos l\u012bdz 1012 hektopask\u0101liem Baltkrievijas pierobe\u017e\u0101.<\/p>\n","protected":false},"excerpt":{"rendered":"Valsts teritorijas liel\u0101kaj\u0101 da\u013c\u0101 l\u012bs un snigs. Latvijas Vides, \u0123eolo\u0123ijas un meteorolo\u0123ijas centrs da\u013c\u0101 Vidzemes un Zemgales izsludin\u0101jis&hellip;\n","protected":false},"author":2,"featured_media":53226,"comment_status":"","ping_status":"","sticky":false,"template":"","format":"standard","meta":{"footnotes":""},"categories":[5],"tags":[23,28,29,32,33,22,396,397,30,31,35,39,38,36,37,34,40,20,26,27,24,25,21],"class_list":{"0":"post-53225","1":"post","2":"type-post","3":"status-publish","4":"format-standard","5":"has-post-thumbnail","7":"category-aktualitates","8":"tag-aktualitates","9":"tag-breaking-news","10":"tag-breakingnews","11":"tag-featured-news","12":"tag-featurednews","13":"tag-headlines","14":"tag-laika-zinas","15":"tag-laikapstakli","16":"tag-latest-news","17":"tag-latestnews","18":"tag-latvia","19":"tag-latvian","20":"tag-latviesu","21":"tag-latviesu-valoda","22":"tag-latviesuvaloda","23":"tag-latvija","24":"tag-lv","25":"tag-news","26":"tag-popularakas-zinas","27":"tag-popularakaszinas","28":"tag-top-stories","29":"tag-topstories","30":"tag-zinas"},"share_on_mastodon":{"url":"https:\/\/pubeurope.com\/@lv\/115574738996964055","error":""},"_links":{"self":[{"href":"https:\/\/www.europesays.com\/lv\/wp-json\/wp\/v2\/posts\/53225","targetHints":{"allow":["GET"]}}],"collection":[{"href":"https:\/\/www.europesays.com\/lv\/wp-json\/wp\/v2\/posts"}],"about":[{"href":"https:\/\/www.europesays.com\/lv\/wp-json\/wp\/v2\/types\/post"}],"author":[{"embeddable":true,"href":"https:\/\/www.europesays.com\/lv\/wp-json\/wp\/v2\/users\/2"}],"replies":[{"embeddable":true,"href":"https:\/\/www.europesays.com\/lv\/wp-json\/wp\/v2\/comments?post=53225"}],"version-history":[{"count":0,"href":"https:\/\/www.europesays.com\/lv\/wp-json\/wp\/v2\/posts\/53225\/revisions"}],"wp:featuredmedia":[{"embeddable":true,"href":"https:\/\/www.europesays.com\/lv\/wp-json\/wp\/v2\/media\/53226"}],"wp:attachment":[{"href":"https:\/\/www.europesays.com\/lv\/wp-json\/wp\/v2\/media?parent=53225"}],"wp:term":[{"taxonomy":"category","embeddable":true,"href":"https:\/\/www.europesays.com\/lv\/wp-json\/wp\/v2\/categories?post=53225"},{"taxonomy":"post_tag","embeddable":true,"href":"https:\/\/www.europesays.com\/lv\/wp-json\/wp\/v2\/tags?post=53225"}],"curies":[{"name":"wp","href":"https:\/\/api.w.org\/{rel}","templated":true}]}}