{"id":5323,"date":"2025-09-26T06:26:07","date_gmt":"2025-09-26T06:26:07","guid":{"rendered":"https:\/\/www.europesays.com\/lv\/5323\/"},"modified":"2025-09-26T06:26:07","modified_gmt":"2025-09-26T06:26:07","slug":"ttt-riga-pretinieces-fiba-eirokausa-bus-emlak-konut-royals-un-crvena-zvezda","status":"publish","type":"post","link":"https:\/\/www.europesays.com\/lv\/5323\/","title":{"rendered":"TTT R\u012bga&#8221; pretinieces FIBA Eirokaus\u0101 b\u016bs &#8220;Emlak Konut&#8221;, &#8220;Royals&#8221; un &#8220;Crvena Zvezda"},"content":{"rendered":"<p>R\u012bdzinieces E grup\u0101 bija ieloz\u0113tas ar &#8220;Emlak Konut&#8221; un &#8220;Royals&#8221;, bet no Eirol\u012bgas kvalifik\u0101cijas par pretiniec\u0113m k\u013cuva &#8220;Crvena Zvezda&#8221;, kas divu ma\u010du summ\u0101 ar 134:149 zaud\u0113ja It\u0101lijas klubam Ven\u0113cijas &#8220;Umana Reyer&#8221;.<\/p>\n<p>Turn\u012br\u0101 start\u0113s 48 vien\u012bbas, kuras b\u016bs sadal\u012btas 12 grup\u0101s pa \u010detr\u0101m. Pamatturn\u012brs s\u0101ksies 8. oktobr\u012b.<\/p>\n<p>Krist\u012bnes V\u012btolas p\u0101rst\u0101v\u0113t\u0101 grie\u0137u komanda At\u0113nu &#8220;Panathinaikos&#8221; ir ieloz\u0113ta G grup\u0101 kop\u0101 ar Salamankas &#8220;Perfumerias Avenida&#8221; no Sp\u0101nijas, Kates Vilkas p\u0101rst\u0101v\u0113to Baltijas l\u012bgas vice\u010dempioni Klaip\u0113das &#8220;Nept\u016bnas&#8221; no Lietuvas un \u0160veices \u010dempioni &#8220;Nyon&#8221;.<\/p>\n<p>Digna Strautmane, Ketija Vihmane un Vroclavas &#8220;Sleza&#8221; no Polijas sp\u0113l\u0113s L grup\u0101 ar Eirokausa \u012bpa\u0161nieci Viln\u0113vas d&#8217;Askas ESBVA no Francijas, \u0160veices vice\u010dempioni &#8220;Elfic Fribourg&#8221; un bulg\u0101ru Starozagoras &#8220;Beroe&#8221;.<\/p>\n<p>Izsl\u0113g\u0161anas sp\u0113l\u0113m kvalific\u0113sies katras grupas divas lab\u0101k\u0101s komandas un \u010detras lab\u0101k\u0101s tre\u0161o vietu ieguv\u0113jas. \u0160\u012bm 28 komand\u0101m pievienosies \u010detras vien\u012bbas, kas b\u016bs izkritu\u0161as no Eirol\u012bgas.<\/p>\n<p>Iepriek\u0161\u0113j\u0101 sezon\u0101 &#8220;TTT R\u012bga&#8221; grup\u0101 zaud\u0113ja piec\u0101s no se\u0161\u0101m sp\u0113l\u0113m un &#8220;play off&#8221; neiek\u013cuva.<\/p>\n<p>Par uzvar\u0113t\u0101j\u0101m k\u013cuva Viln\u0113vas d&#8217;Askas ESBVA, kas divu ma\u010du summ\u0101 ar 162:145 p\u0101rsp\u0113ja Ferrolas &#8220;Baxi&#8221; no Sp\u0101nijas.<\/p>\n","protected":false},"excerpt":{"rendered":"R\u012bdzinieces E grup\u0101 bija ieloz\u0113tas ar &#8220;Emlak Konut&#8221; un &#8220;Royals&#8221;, bet no Eirol\u012bgas kvalifik\u0101cijas par pretiniec\u0113m k\u013cuva &#8220;Crvena&hellip;\n","protected":false},"author":2,"featured_media":5324,"comment_status":"","ping_status":"","sticky":false,"template":"","format":"standard","meta":{"footnotes":""},"categories":[17],"tags":[2395,35,39,38,36,37,34,40,67,2150],"class_list":{"0":"post-5323","1":"post","2":"type-post","3":"status-publish","4":"format-standard","5":"has-post-thumbnail","7":"category-sports","8":"tag-fiba-eiropas-kauss","9":"tag-latvia","10":"tag-latvian","11":"tag-latviesu","12":"tag-latviesu-valoda","13":"tag-latviesuvaloda","14":"tag-latvija","15":"tag-lv","16":"tag-sports","17":"tag-ttt-riga"},"share_on_mastodon":{"url":"","error":""},"_links":{"self":[{"href":"https:\/\/www.europesays.com\/lv\/wp-json\/wp\/v2\/posts\/5323","targetHints":{"allow":["GET"]}}],"collection":[{"href":"https:\/\/www.europesays.com\/lv\/wp-json\/wp\/v2\/posts"}],"about":[{"href":"https:\/\/www.europesays.com\/lv\/wp-json\/wp\/v2\/types\/post"}],"author":[{"embeddable":true,"href":"https:\/\/www.europesays.com\/lv\/wp-json\/wp\/v2\/users\/2"}],"replies":[{"embeddable":true,"href":"https:\/\/www.europesays.com\/lv\/wp-json\/wp\/v2\/comments?post=5323"}],"version-history":[{"count":0,"href":"https:\/\/www.europesays.com\/lv\/wp-json\/wp\/v2\/posts\/5323\/revisions"}],"wp:featuredmedia":[{"embeddable":true,"href":"https:\/\/www.europesays.com\/lv\/wp-json\/wp\/v2\/media\/5324"}],"wp:attachment":[{"href":"https:\/\/www.europesays.com\/lv\/wp-json\/wp\/v2\/media?parent=5323"}],"wp:term":[{"taxonomy":"category","embeddable":true,"href":"https:\/\/www.europesays.com\/lv\/wp-json\/wp\/v2\/categories?post=5323"},{"taxonomy":"post_tag","embeddable":true,"href":"https:\/\/www.europesays.com\/lv\/wp-json\/wp\/v2\/tags?post=5323"}],"curies":[{"name":"wp","href":"https:\/\/api.w.org\/{rel}","templated":true}]}}