{"id":53247,"date":"2025-11-19T05:50:08","date_gmt":"2025-11-19T05:50:08","guid":{"rendered":"https:\/\/www.europesays.com\/lv\/53247\/"},"modified":"2025-11-19T05:50:08","modified_gmt":"2025-11-19T05:50:08","slug":"asv-konsultejas-ar-krieviju-un-izstrada-planu-kara-izbeigsanai-ukraina-zino-axios","status":"publish","type":"post","link":"https:\/\/www.europesays.com\/lv\/53247\/","title":{"rendered":"ASV konsult\u0113jas ar Krieviju un izstr\u0101d\u0101 pl\u0101nu kara izbeig\u0161anai Ukrain\u0101, zi\u0146o &#8220;Axios&#8221;"},"content":{"rendered":"<p>Avoti, kurus &#8216;Axios&#8221; neatkl\u0101j, izdevumam sac\u012bju\u0161i, ka 28 punkti iedal\u0101s \u010detr\u0101s galvenaj\u0101s kategorij\u0101s &#8211; miers Ukrain\u0101, dro\u0161\u012bbas garantijas, dro\u0161\u012bba Eirop\u0101 un ASV n\u0101kotnes attiec\u012bbas ar Ukrainu un Krieviju. V\u0113l neesot zin\u0101ms, k\u0101 risin\u0101t str\u012bd\u012bgos jaut\u0101jumus, piem\u0113ram, kontroli p\u0101r Krievijas okup\u0113taj\u0101m Ukrainas teritorij\u0101m.<\/p>\n<p>&#8220;Axios&#8221; pirmdien run\u0101jis ar Krievijas diktatora Vladimira Putina \u012bpa\u0161o s\u016btni un Krievijas Tie\u0161o invest\u012bciju fonda vad\u012bt\u0101ju Kirilu Dmitrijevu, kur\u0161 bijis optimistiski noska\u0146ots par pl\u0101na izdo\u0161an\u0101s iesp\u0113j\u0101m, sakot, ka &#8220;m\u0113s j\u016btam, ka Krievijas nost\u0101ja patie\u0161\u0101m tiek uzklaus\u012bta&#8221;. Vi\u0146\u0161 atg\u0101din\u0101ja, ka 24.-26. oktobr\u012b kop\u0101 ar Trampa \u012bpa\u0161o s\u016btni St\u012bvu Vitkofu pavad\u012bjis tr\u012bs dienas Maiami. Avots no ASV puses apstiprin\u0101jis, ka pl\u0101na izstr\u0101di vada Vitkofs, kur\u0161 akt\u012bvi sazinoties ar Dmitrijevu.<\/p>\n<p>Joproj\u0101m nav skaidrs, k\u0101 Ukraina un t\u0101s sabiedrotie Eirop\u0101 uztvers \u0161o pl\u0101nu, nor\u0101da &#8220;Axios&#8221;. Vitkofs \u0161oned\u0113\u013c Maiami tik\u0101s ar Ukrainas Nacion\u0101l\u0101s dro\u0161\u012bbas un aizsardz\u012bbas padomes sekret\u0101ru Rustemu Umerovu un apspriedis ar vi\u0146u savu pl\u0101nu. &#8220;Axios&#8221; avots Ukrain\u0101 sac\u012bjis, ka Kijiva zina, ka &#8220;amerik\u0101\u0146i kaut ko gatavo&#8221;. Savuk\u0101rt avots ASV teicis, ka Va\u0161ingtona ir s\u0101kusi iepaz\u012bstin\u0101t ar saviem pl\u0101niem sabiedrotos Eirop\u0101.<\/p>\n","protected":false},"excerpt":{"rendered":"Avoti, kurus &#8216;Axios&#8221; neatkl\u0101j, izdevumam sac\u012bju\u0161i, ka 28 punkti iedal\u0101s \u010detr\u0101s galvenaj\u0101s kategorij\u0101s &#8211; miers Ukrain\u0101, dro\u0161\u012bbas garantijas,&hellip;\n","protected":false},"author":2,"featured_media":49710,"comment_status":"","ping_status":"","sticky":false,"template":"","format":"standard","meta":{"footnotes":""},"categories":[14],"tags":[23,57,28,29,542,32,33,22,74,30,31,35,39,38,36,37,34,40,20,26,27,24,25,54,55,56,21,58],"class_list":{"0":"post-53247","1":"post","2":"type-post","3":"status-publish","4":"format-standard","5":"has-post-thumbnail","7":"category-zinas-no-arvalstim","8":"tag-aktualitates","9":"tag-arvalstim","10":"tag-breaking-news","11":"tag-breakingnews","12":"tag-donalds-tramps","13":"tag-featured-news","14":"tag-featurednews","15":"tag-headlines","16":"tag-krievijas-iebrukums-ukraina","17":"tag-latest-news","18":"tag-latestnews","19":"tag-latvia","20":"tag-latvian","21":"tag-latviesu","22":"tag-latviesu-valoda","23":"tag-latviesuvaloda","24":"tag-latvija","25":"tag-lv","26":"tag-news","27":"tag-popularakas-zinas","28":"tag-popularakaszinas","29":"tag-top-stories","30":"tag-topstories","31":"tag-world","32":"tag-world-news","33":"tag-worldnews","34":"tag-zinas","35":"tag-zinas-no-arvalstim"},"share_on_mastodon":{"url":"https:\/\/pubeurope.com\/@lv\/115574801916110732","error":""},"_links":{"self":[{"href":"https:\/\/www.europesays.com\/lv\/wp-json\/wp\/v2\/posts\/53247","targetHints":{"allow":["GET"]}}],"collection":[{"href":"https:\/\/www.europesays.com\/lv\/wp-json\/wp\/v2\/posts"}],"about":[{"href":"https:\/\/www.europesays.com\/lv\/wp-json\/wp\/v2\/types\/post"}],"author":[{"embeddable":true,"href":"https:\/\/www.europesays.com\/lv\/wp-json\/wp\/v2\/users\/2"}],"replies":[{"embeddable":true,"href":"https:\/\/www.europesays.com\/lv\/wp-json\/wp\/v2\/comments?post=53247"}],"version-history":[{"count":0,"href":"https:\/\/www.europesays.com\/lv\/wp-json\/wp\/v2\/posts\/53247\/revisions"}],"wp:featuredmedia":[{"embeddable":true,"href":"https:\/\/www.europesays.com\/lv\/wp-json\/wp\/v2\/media\/49710"}],"wp:attachment":[{"href":"https:\/\/www.europesays.com\/lv\/wp-json\/wp\/v2\/media?parent=53247"}],"wp:term":[{"taxonomy":"category","embeddable":true,"href":"https:\/\/www.europesays.com\/lv\/wp-json\/wp\/v2\/categories?post=53247"},{"taxonomy":"post_tag","embeddable":true,"href":"https:\/\/www.europesays.com\/lv\/wp-json\/wp\/v2\/tags?post=53247"}],"curies":[{"name":"wp","href":"https:\/\/api.w.org\/{rel}","templated":true}]}}