{"id":53254,"date":"2025-11-19T05:58:08","date_gmt":"2025-11-19T05:58:08","guid":{"rendered":"https:\/\/www.europesays.com\/lv\/53254\/"},"modified":"2025-11-19T05:58:08","modified_gmt":"2025-11-19T05:58:08","slug":"daudzviet-latvija-autoceli-ir-sniegoti-un-apledo-apollo-lv","status":"publish","type":"post","link":"https:\/\/www.europesays.com\/lv\/53254\/","title":{"rendered":"Daudzviet Latvij\u0101 autoce\u013ci ir sniegoti un apledo &#8211; Apollo.lv"},"content":{"rendered":"<ol>\n<li><a href=\"https:\/\/news.google.com\/rss\/articles\/CBMihAFBVV95cUxOaHpRMFNwdE9jM0tCbFA5TFBqb0o1M0FyWFZJQm5CQXd6Y08xbURBT0hPYjJCNEZrNnljOXphSUZMOURWTVhucHRqN29VNFFZa1RaaWJOTjdtRkpYTnZ3dURqWF9iVm1MWm1qTFNheDNfNWRDN3c4dVZvUXBCR0MwclI1b0g?oc=5\" target=\"_blank\" rel=\"nofollow noopener\">Daudzviet Latvij\u0101 autoce\u013ci ir sniegoti un apledo<\/a>&nbsp;&nbsp;Apollo.lv<\/li>\n<li><a href=\"https:\/\/news.google.com\/rss\/articles\/CBMiygFBVV95cUxNS21neXN5SmtyWUFtVTZVd1JxX0syZVg5aVJwNHN0VzFWMU8zZ3gzYXk4dFZNdkFacGx0eHcyaGtMekhIR203MGZWVzc3WUZNdC1YVGhFWHRtUFIzc1BFbnpmVnE1TlpvYVkzdzFKbDhWT1JGS3QwWVVhM1UzaGVXa2ZQMTdWOGxWSkxBSHVtX1NwUW90NmxoY0xKWExhX1l6QlUtdm5wVEEwYkZHS0FrSjJqN3pHOUNCalZGYWpWQXNoQ192ZDcycGlR?oc=5\" target=\"_blank\" rel=\"nofollow noopener\">Autovad\u012bt\u0101ju iev\u0113r\u012bbai: \u0161or\u012bt viet\u0101m autoce\u013ci sniegoti un apledo, str\u0101d\u0101 56 ziemas tehnikas vien\u012bbas<\/a>&nbsp;&nbsp;Latvijas Valsts ce\u013ci<\/li>\n<li><a href=\"https:\/\/news.google.com\/rss\/articles\/CBMi2gFBVV95cUxPMDVXRlQ5a2dFZVljaWZ4TEJEMm9TM0RjOXdNWlJPczk2WklEV05FWXNqUFRTOWNiZkpJeVhrM2hCMExzcURRd0RTdFBoeW1VQjloOUdOWUpjbTctcGg1RF93eHZJLS1rVkRROWNHVEdQRkJtX1ZUYWdwR2hIX1YtLUYwb3FSRnVOTjRtX3dvZzJOS3FpbHFTcjFMRmJYVjFxRnYxNzQyQVp5ZjBTdFQ4ZFJ0ZzhieVdGVmlGVEZ1Rm50S3dQbmRidTJaMlRhTmM4b1VvV2VNU0xvdw?oc=5\" target=\"_blank\" rel=\"nofollow noopener\">Latgal\u0113 izveidojusies neliela sniega k\u0101rta; ar\u012b pirmdien gaid\u0101mi nokri\u0161\u0146i \/ Raksts<\/a>&nbsp;&nbsp;LSM<\/li>\n<li><a href=\"https:\/\/news.google.com\/rss\/articles\/CBMihgFBVV95cUxONUF1QmUtS2RfSXRwNzgxd0E2VWs5VkY4TDMwd0pLUThmSjZIci10QXBiWmFDZU9UcUdmWHVCWkstVldCdU9nd05zZjJYaHV5SHB4RU0wN3VJb29LbkVEWnE0UExVa0tudXAtS0IwLUZRVDFhdXhtM0VwU2lGb2dkeGg4Umoxdw?oc=5\" target=\"_blank\" rel=\"nofollow noopener\">Liep\u0101jas apk\u0101rtn\u0113 apgr\u016btin\u0101ti brauk\u0161anas apst\u0101k\u013ci<\/a>&nbsp;&nbsp;Apollo.lv<\/li>\n<li><a href=\"https:\/\/news.google.com\/rss\/articles\/CBMiiAFBVV95cUxNT2hGUFJRcVFOeUo2UmFoNG5kVUxURlpQcGtoNmstTDVONEdsZlJXdVM2X1I2RW9YbEV1bXpYbWx4RU80eEVIQzVLTjFrWXpQQzllX1cxdzBCOXRBcGtZZjRSaW9xVlFpazNlT3hsZEZXdnZzaVYwSjhIcWZ2SzYtbUNsbUNLTWx5?oc=5\" target=\"_blank\" rel=\"nofollow noopener\">Daudzviet autoce\u013ci sniegoti un apledo. Laika prognoze pirmdienai<\/a>&nbsp;&nbsp;LA.LV<\/li>\n<\/ol>\n","protected":false},"excerpt":{"rendered":"Daudzviet Latvij\u0101 autoce\u013ci ir sniegoti un apledo&nbsp;&nbsp;Apollo.lv Autovad\u012bt\u0101ju iev\u0113r\u012bbai: \u0161or\u012bt viet\u0101m autoce\u013ci sniegoti un apledo, str\u0101d\u0101 56 ziemas&hellip;\n","protected":false},"author":2,"featured_media":53255,"comment_status":"","ping_status":"","sticky":false,"template":"","format":"standard","meta":{"footnotes":""},"categories":[5],"tags":[23,28,29,32,33,22,30,31,35,39,38,36,37,34,2857,40,20,26,27,1529,1528,24,25,21],"class_list":{"0":"post-53254","1":"post","2":"type-post","3":"status-publish","4":"format-standard","5":"has-post-thumbnail","7":"category-aktualitates","8":"tag-aktualitates","9":"tag-breaking-news","10":"tag-breakingnews","11":"tag-featured-news","12":"tag-featurednews","13":"tag-headlines","14":"tag-latest-news","15":"tag-latestnews","16":"tag-latvia","17":"tag-latvian","18":"tag-latviesu","19":"tag-latviesu-valoda","20":"tag-latviesuvaloda","21":"tag-latvija","22":"tag-latvijas-valsts-celi","23":"tag-lv","24":"tag-news","25":"tag-popularakas-zinas","26":"tag-popularakaszinas","27":"tag-satiksme","28":"tag-satiksmes-drosiba","29":"tag-top-stories","30":"tag-topstories","31":"tag-zinas"},"share_on_mastodon":{"url":"https:\/\/pubeurope.com\/@lv\/115574833378810255","error":""},"_links":{"self":[{"href":"https:\/\/www.europesays.com\/lv\/wp-json\/wp\/v2\/posts\/53254","targetHints":{"allow":["GET"]}}],"collection":[{"href":"https:\/\/www.europesays.com\/lv\/wp-json\/wp\/v2\/posts"}],"about":[{"href":"https:\/\/www.europesays.com\/lv\/wp-json\/wp\/v2\/types\/post"}],"author":[{"embeddable":true,"href":"https:\/\/www.europesays.com\/lv\/wp-json\/wp\/v2\/users\/2"}],"replies":[{"embeddable":true,"href":"https:\/\/www.europesays.com\/lv\/wp-json\/wp\/v2\/comments?post=53254"}],"version-history":[{"count":0,"href":"https:\/\/www.europesays.com\/lv\/wp-json\/wp\/v2\/posts\/53254\/revisions"}],"wp:featuredmedia":[{"embeddable":true,"href":"https:\/\/www.europesays.com\/lv\/wp-json\/wp\/v2\/media\/53255"}],"wp:attachment":[{"href":"https:\/\/www.europesays.com\/lv\/wp-json\/wp\/v2\/media?parent=53254"}],"wp:term":[{"taxonomy":"category","embeddable":true,"href":"https:\/\/www.europesays.com\/lv\/wp-json\/wp\/v2\/categories?post=53254"},{"taxonomy":"post_tag","embeddable":true,"href":"https:\/\/www.europesays.com\/lv\/wp-json\/wp\/v2\/tags?post=53254"}],"curies":[{"name":"wp","href":"https:\/\/api.w.org\/{rel}","templated":true}]}}