{"id":53279,"date":"2025-11-19T06:28:12","date_gmt":"2025-11-19T06:28:12","guid":{"rendered":"https:\/\/www.europesays.com\/lv\/53279\/"},"modified":"2025-11-19T06:28:12","modified_gmt":"2025-11-19T06:28:12","slug":"aizdomas-par-polijas-dzelzcela-sabotazu-tur-divus-maskavas-laba-darbojusos-ukrainus","status":"publish","type":"post","link":"https:\/\/www.europesays.com\/lv\/53279\/","title":{"rendered":"Aizdom\u0101s par Polijas dzelzce\u013ca sabot\u0101\u017eu tur divus Maskavas lab\u0101 darboju\u0161os ukrai\u0146us"},"content":{"rendered":"<p>Abi aizdom\u0101s turamie &#8220;jau ilgu laiku ir darboju\u0161ies Krievijas dienestu lab\u0101 un ar tiem sadarboju\u0161ies&#8221;, sac\u012bja Tusks, atsaucoties uz prokurat\u016bras un izmekl\u0113\u0161anas iest\u0101\u017eu sniegto inform\u0101ciju.<\/p>\n<p>Premjers piebilda, ka iest\u0101d\u0113m ir zin\u0101ma aizdom\u0101s turamo identit\u0101te, ta\u010du pagaid\u0101m, kam\u0113r notiek izmekl\u0113\u0161ana, t\u0101 netiks publiskota.<\/p>\n<p>Divos sabot\u0101\u017eas aktos, kas notika no sestdienas l\u012bdz pirmdienai, tika boj\u0101ta dzelzce\u013ca l\u012bnija, pa kuru tiek pieg\u0101d\u0101ta pal\u012bdz\u012bba Ukrainai.<\/p>\n<p>Tusks tos raksturoja k\u0101, &#8220;iesp\u0113jams, nopietn\u0101ko nacion\u0101l\u0101s dro\u0161\u012bbas situ\u0101ciju Polij\u0101 kop\u0161 pilna m\u0113roga kara s\u0101kuma Ukrain\u0101&#8221;.<\/p>\n<p>Viens aizdom\u0101s turamais ir Ukrainas pilsonis, kas \u013bviv\u0101 noties\u0101ts par &#8220;sabot\u0101\u017eas aktiem&#8221;, sac\u012bja premjerministrs. Otrs ir Donbasa iedz\u012bvot\u0101js.<\/p>\n<p>Abi aizdom\u0101s turami \u0161oruden Polij\u0101 iece\u013coju\u0161i no Baltkrievijas.<\/p>\n<p>Neilgi p\u0113c incidentiem abi aizdom\u0101s turamie pametu\u0161i Poliju un devu\u0161ies uz Baltkrieviju.<\/p>\n<p>Kop\u0161 Krievijas atk\u0101rtot\u0101 iebrukuma Ukrain\u0101 2022. gada febru\u0101r\u012b Polijas varasiest\u0101des ir aiztur\u0113ju\u0161as desmitiem cilv\u0113ku aizdom\u0101s par sabot\u0101\u017eu un spiego\u0161anu.<\/p>\n","protected":false},"excerpt":{"rendered":"Abi aizdom\u0101s turamie &#8220;jau ilgu laiku ir darboju\u0161ies Krievijas dienestu lab\u0101 un ar tiem sadarboju\u0161ies&#8221;, sac\u012bja Tusks, atsaucoties&hellip;\n","protected":false},"author":2,"featured_media":53280,"comment_status":"","ping_status":"","sticky":false,"template":"","format":"standard","meta":{"footnotes":""},"categories":[5],"tags":[23,28,29,32,33,22,234,30,31,35,39,38,36,37,34,40,20,72,26,27,2197,24,25,21],"class_list":{"0":"post-53279","1":"post","2":"type-post","3":"status-publish","4":"format-standard","5":"has-post-thumbnail","7":"category-aktualitates","8":"tag-aktualitates","9":"tag-breaking-news","10":"tag-breakingnews","11":"tag-featured-news","12":"tag-featurednews","13":"tag-headlines","14":"tag-krievija","15":"tag-latest-news","16":"tag-latestnews","17":"tag-latvia","18":"tag-latvian","19":"tag-latviesu","20":"tag-latviesu-valoda","21":"tag-latviesuvaloda","22":"tag-latvija","23":"tag-lv","24":"tag-news","25":"tag-polija","26":"tag-popularakas-zinas","27":"tag-popularakaszinas","28":"tag-sabotaza","29":"tag-top-stories","30":"tag-topstories","31":"tag-zinas"},"share_on_mastodon":{"url":"https:\/\/pubeurope.com\/@lv\/115574951336888636","error":""},"_links":{"self":[{"href":"https:\/\/www.europesays.com\/lv\/wp-json\/wp\/v2\/posts\/53279","targetHints":{"allow":["GET"]}}],"collection":[{"href":"https:\/\/www.europesays.com\/lv\/wp-json\/wp\/v2\/posts"}],"about":[{"href":"https:\/\/www.europesays.com\/lv\/wp-json\/wp\/v2\/types\/post"}],"author":[{"embeddable":true,"href":"https:\/\/www.europesays.com\/lv\/wp-json\/wp\/v2\/users\/2"}],"replies":[{"embeddable":true,"href":"https:\/\/www.europesays.com\/lv\/wp-json\/wp\/v2\/comments?post=53279"}],"version-history":[{"count":0,"href":"https:\/\/www.europesays.com\/lv\/wp-json\/wp\/v2\/posts\/53279\/revisions"}],"wp:featuredmedia":[{"embeddable":true,"href":"https:\/\/www.europesays.com\/lv\/wp-json\/wp\/v2\/media\/53280"}],"wp:attachment":[{"href":"https:\/\/www.europesays.com\/lv\/wp-json\/wp\/v2\/media?parent=53279"}],"wp:term":[{"taxonomy":"category","embeddable":true,"href":"https:\/\/www.europesays.com\/lv\/wp-json\/wp\/v2\/categories?post=53279"},{"taxonomy":"post_tag","embeddable":true,"href":"https:\/\/www.europesays.com\/lv\/wp-json\/wp\/v2\/tags?post=53279"}],"curies":[{"name":"wp","href":"https:\/\/api.w.org\/{rel}","templated":true}]}}