{"id":53314,"date":"2025-11-19T07:08:08","date_gmt":"2025-11-19T07:08:08","guid":{"rendered":"https:\/\/www.europesays.com\/lv\/53314\/"},"modified":"2025-11-19T07:08:08","modified_gmt":"2025-11-19T07:08:08","slug":"uz-kijivu-devusies-augsta-ranga-asv-militara-delegacija-zino-laikraksts","status":"publish","type":"post","link":"https:\/\/www.europesays.com\/lv\/53314\/","title":{"rendered":"Uz Kijivu devusies augsta ranga ASV milit\u0101r\u0101 deleg\u0101cija, zi\u0146o laikraksts"},"content":{"rendered":"<p>Driskols, kur\u0161 ir civilpersona, ASV sauszemes sp\u0113ku \u0161t\u0101ba priek\u0161nieks \u0123ener\u0101lis Rendijs D\u017eord\u017es un ASV sp\u0113ku komandieris Eirop\u0101 \u0123ener\u0101lis Kriss Donahj\u016b otrdien Polij\u0101 iek\u0101pu\u0161i nakts vilcien\u0101 uz Ukrainu, raksta &#8220;Wall Street Journal&#8221;. Tas nor\u0101da, ka vi\u0146i apspried\u012bs &#8220;idejas par kara izbeig\u0161anu&#8221;, situ\u0101ciju front\u0113 un bru\u0146ojuma ra\u017eo\u0161anu Ukrain\u0101, bet par viz\u012btes rezult\u0101tiem zi\u0146os ASV prezidentam Donaldam Trampam.<\/p>\n<p>Ideja par Driskola nos\u016bt\u012b\u0161anu uz Kijivu radusies Trampa un viceprezidenta D\u017eeimsa Deivida Vensa sarun\u0101, raksta &#8220;Wall Street Journal&#8221;. Venss un Driskols kop\u0101 stud\u0113ju\u0161i Jeila universit\u0101t\u0113. Driskolam devis nor\u0101d\u012bjumus ar\u012b Trampa ipa\u0161ais s\u016btnis St\u012bvs Vitkofs.<\/p>\n<p>&#8220;Balt\u0101 nama l\u0113mumu v\u0113rsties pie Driskola un armijas augst\u0101kajiem virsniekiem da\u013c\u0113ji noteica uzskats, ka Maskava var\u0113tu b\u016bt atv\u0113rt\u0101ka sarun\u0101m ar milit\u0101rpersonu starpniec\u012bbu, k\u0101 ar\u012b neapmierin\u0101t\u012bba ar vair\u0101kk\u0101rt\u0113ju iepriek\u0161\u0113jo m\u0113\u0123in\u0101jumu velt\u012bgumu,&#8221; nor\u0101da &#8220;Wall Street Journal&#8221;.<\/p>\n","protected":false},"excerpt":{"rendered":"Driskols, kur\u0161 ir civilpersona, ASV sauszemes sp\u0113ku \u0161t\u0101ba priek\u0161nieks \u0123ener\u0101lis Rendijs D\u017eord\u017es un ASV sp\u0113ku komandieris Eirop\u0101 \u0123ener\u0101lis&hellip;\n","protected":false},"author":2,"featured_media":53315,"comment_status":"","ping_status":"","sticky":false,"template":"","format":"standard","meta":{"footnotes":""},"categories":[14],"tags":[23,57,63,28,29,32,33,22,30,31,35,39,38,36,37,34,40,20,26,27,24,25,276,54,55,56,21,58],"class_list":{"0":"post-53314","1":"post","2":"type-post","3":"status-publish","4":"format-standard","5":"has-post-thumbnail","7":"category-zinas-no-arvalstim","8":"tag-aktualitates","9":"tag-arvalstim","10":"tag-arvalstis","11":"tag-breaking-news","12":"tag-breakingnews","13":"tag-featured-news","14":"tag-featurednews","15":"tag-headlines","16":"tag-latest-news","17":"tag-latestnews","18":"tag-latvia","19":"tag-latvian","20":"tag-latviesu","21":"tag-latviesu-valoda","22":"tag-latviesuvaloda","23":"tag-latvija","24":"tag-lv","25":"tag-news","26":"tag-popularakas-zinas","27":"tag-popularakaszinas","28":"tag-top-stories","29":"tag-topstories","30":"tag-ukraina","31":"tag-world","32":"tag-world-news","33":"tag-worldnews","34":"tag-zinas","35":"tag-zinas-no-arvalstim"},"share_on_mastodon":{"url":"https:\/\/pubeurope.com\/@lv\/115575108583079699","error":""},"_links":{"self":[{"href":"https:\/\/www.europesays.com\/lv\/wp-json\/wp\/v2\/posts\/53314","targetHints":{"allow":["GET"]}}],"collection":[{"href":"https:\/\/www.europesays.com\/lv\/wp-json\/wp\/v2\/posts"}],"about":[{"href":"https:\/\/www.europesays.com\/lv\/wp-json\/wp\/v2\/types\/post"}],"author":[{"embeddable":true,"href":"https:\/\/www.europesays.com\/lv\/wp-json\/wp\/v2\/users\/2"}],"replies":[{"embeddable":true,"href":"https:\/\/www.europesays.com\/lv\/wp-json\/wp\/v2\/comments?post=53314"}],"version-history":[{"count":0,"href":"https:\/\/www.europesays.com\/lv\/wp-json\/wp\/v2\/posts\/53314\/revisions"}],"wp:featuredmedia":[{"embeddable":true,"href":"https:\/\/www.europesays.com\/lv\/wp-json\/wp\/v2\/media\/53315"}],"wp:attachment":[{"href":"https:\/\/www.europesays.com\/lv\/wp-json\/wp\/v2\/media?parent=53314"}],"wp:term":[{"taxonomy":"category","embeddable":true,"href":"https:\/\/www.europesays.com\/lv\/wp-json\/wp\/v2\/categories?post=53314"},{"taxonomy":"post_tag","embeddable":true,"href":"https:\/\/www.europesays.com\/lv\/wp-json\/wp\/v2\/tags?post=53314"}],"curies":[{"name":"wp","href":"https:\/\/api.w.org\/{rel}","templated":true}]}}