{"id":53388,"date":"2025-11-19T08:25:08","date_gmt":"2025-11-19T08:25:08","guid":{"rendered":"https:\/\/www.europesays.com\/lv\/53388\/"},"modified":"2025-11-19T08:25:08","modified_gmt":"2025-11-19T08:25:08","slug":"kristianu-ronaldu-ka-sauda-arabijas-futbola-seja-apmekle-vakarinas-baltaja-nama","status":"publish","type":"post","link":"https:\/\/www.europesays.com\/lv\/53388\/","title":{"rendered":"Kri\u0161tianu Ronaldu k\u0101 Sa\u016bda Ar\u0101bijas futbola seja apmekl\u0113 vakari\u0146as Baltaj\u0101 nam\u0101"},"content":{"rendered":"<p>Futbola superzvaigzne <a rel=\"noopener nofollow\" target=\"_blank\" href=\"https:\/\/www.delfi.lv\/temas\/37175943\/kristianu-ronaldu\" tag-id=\"37175943\">Kri\u0161tianu Ronaldu<\/a> 18. novembra vakar\u0101 piedal\u012bj\u0101s Balt\u0101 nama r\u012bkotaj\u0101s vakari\u0146\u0101s, kas bija velt\u012btas <a rel=\"noopener nofollow\" target=\"_blank\" href=\"https:\/\/www.delfi.lv\/temas\/42596146\/asv\" tag-id=\"42596146\">ASV<\/a> un <a rel=\"noopener nofollow\" target=\"_blank\" href=\"https:\/\/www.delfi.lv\/temas\/38864295\/sauda-arabija\" tag-id=\"38864295\">Sa\u016bda Ar\u0101bijas<\/a> attiec\u012bb\u0101m. Pas\u0101kum\u0101 Ronaldu s\u0113d\u0113ja l\u012bdz\u0101s Sa\u016bda Ar\u0101bijas de facto l\u012bderim, kro\u0146princim Muhammedam bin Selm\u0101nam, kuru ASV prezidents <a rel=\"noopener nofollow\" target=\"_blank\" href=\"https:\/\/www.delfi.lv\/temas\/42006990\/donalds-tramps\" tag-id=\"42006990\">Donalds Tramps<\/a> jau iepriek\u0161 bija uz\u0146\u0113mis Ov\u0101laj\u0101 kabinet\u0101, v\u0113sta BBC.<\/p>\n<p class=\"MsoNormal\">Ronaldu p\u0113d\u0113jos gados k\u013cuvis par Sa\u016bda Ar\u0101bijas moderniz\u0101cijas centienu simbolu \u2013 vi\u0146\u0161 ir Sa\u016bda Ar\u0101bijas profesion\u0101l\u0101s l\u012bgas seja un kluba &#8220;Al Nassr&#8221; kapteinis. Klubu kontrol\u0113 valsts invest\u012bciju fonds PIF, ko vada pats kro\u0146princis. Mediji zi\u0146o, ka portug\u0101\u013ca atalgojums sasniedz aptuveni 200 miljonus dol\u0101ru gad\u0101, bet jaun\u0101 divu gadu l\u012bguma v\u0113rt\u012bba, kas tiek l\u0113sta ap 400 miljoniem dol\u0101ru, p\u0113c mediju apl\u0113s\u0113m vi\u0146u padar\u012bjusi par pirmo miljardieri futbolistu.<\/p>\n<p class=\"MsoNormal\">Tikm\u0113r Ronaldu, kur\u0161 kro\u0146princi intervij\u0101 P\u012brsam Morganam nod\u0113v\u0113jis par &#8220;m\u016bsu bosu&#8221;, turpina akt\u012bvi reklam\u0113t Sa\u016bda Ar\u0101bijas att\u012bst\u012bbas projektus un cer, ka 2034. gada FIFA Pasaules kausa izc\u012b\u0146a notiks karalist\u0113. Ronaldu nos\u016bt\u012bjis ar\u012b simbolisku \u017eestu \u2013 vi\u0146a parakst\u012btu Portug\u0101les izlases kreklu ar v\u0113st\u012bjumu &#8220;Playing for Peace&#8221;, pau\u017eot cer\u012bbu, ka ASV prezidents sp\u0113s pan\u0101kt re\u0101lu progresu glob\u0101la miera lab\u0101.<\/p>\n<p class=\"m-0\">Seko &#8220;Delfi&#8221; ar\u012b  <a target=\"_blank\" href=\"https:\/\/www.instagram.com\/delfi.lv\/\" rel=\"nofollow noopener\">Instagram<\/a>  un <a target=\"_blank\" href=\"https:\/\/www.youtube.com\/channel\/UCw5foWtcJvAbUm64rv7jwUQ\" rel=\"nofollow noopener\">YouTube<\/a>  profil\u0101 \u2013 pievienojies, lai uzzin\u0101tu svar\u012bg\u0101ko un interesant\u0101ko pirmais!<\/p>\n<p>Publik\u0101cijas saturs vai t\u0101s jebk\u0101da apjoma da\u013ca ir aizsarg\u0101ts autorties\u012bbu objekts Autorties\u012bbu likuma izpratn\u0113, un t\u0101 izmanto\u0161ana bez izdev\u0113ja at\u013caujas ir aizliegta. Vair\u0101k lasi  <a target=\"_blank\" href=\"https:\/\/www.delfi.lv\/noteikumi#autortiesibas\" rel=\"nofollow noopener\">\u0161eit<\/a><script async src=\"\/\/www.instagram.com\/embed.js\"><\/script><\/p>\n","protected":false},"excerpt":{"rendered":"Futbola superzvaigzne Kri\u0161tianu Ronaldu 18. novembra vakar\u0101 piedal\u012bj\u0101s Balt\u0101 nama r\u012bkotaj\u0101s vakari\u0146\u0101s, kas bija velt\u012btas ASV un Sa\u016bda&hellip;\n","protected":false},"author":2,"featured_media":53389,"comment_status":"","ping_status":"","sticky":false,"template":"","format":"standard","meta":{"footnotes":""},"categories":[17],"tags":[292,1759,542,79,5500,35,39,38,36,37,34,40,3431,67],"class_list":{"0":"post-53388","1":"post","2":"type-post","3":"status-publish","4":"format-standard","5":"has-post-thumbnail","7":"category-sports","8":"tag-asv","9":"tag-baltais-nams","10":"tag-donalds-tramps","11":"tag-ilons-masks","12":"tag-kristianu-ronaldu","13":"tag-latvia","14":"tag-latvian","15":"tag-latviesu","16":"tag-latviesu-valoda","17":"tag-latviesuvaloda","18":"tag-latvija","19":"tag-lv","20":"tag-sauda-arabija","21":"tag-sports"},"share_on_mastodon":{"url":"https:\/\/pubeurope.com\/@lv\/115575411484026433","error":""},"_links":{"self":[{"href":"https:\/\/www.europesays.com\/lv\/wp-json\/wp\/v2\/posts\/53388","targetHints":{"allow":["GET"]}}],"collection":[{"href":"https:\/\/www.europesays.com\/lv\/wp-json\/wp\/v2\/posts"}],"about":[{"href":"https:\/\/www.europesays.com\/lv\/wp-json\/wp\/v2\/types\/post"}],"author":[{"embeddable":true,"href":"https:\/\/www.europesays.com\/lv\/wp-json\/wp\/v2\/users\/2"}],"replies":[{"embeddable":true,"href":"https:\/\/www.europesays.com\/lv\/wp-json\/wp\/v2\/comments?post=53388"}],"version-history":[{"count":0,"href":"https:\/\/www.europesays.com\/lv\/wp-json\/wp\/v2\/posts\/53388\/revisions"}],"wp:featuredmedia":[{"embeddable":true,"href":"https:\/\/www.europesays.com\/lv\/wp-json\/wp\/v2\/media\/53389"}],"wp:attachment":[{"href":"https:\/\/www.europesays.com\/lv\/wp-json\/wp\/v2\/media?parent=53388"}],"wp:term":[{"taxonomy":"category","embeddable":true,"href":"https:\/\/www.europesays.com\/lv\/wp-json\/wp\/v2\/categories?post=53388"},{"taxonomy":"post_tag","embeddable":true,"href":"https:\/\/www.europesays.com\/lv\/wp-json\/wp\/v2\/tags?post=53388"}],"curies":[{"name":"wp","href":"https:\/\/api.w.org\/{rel}","templated":true}]}}