{"id":53414,"date":"2025-11-19T08:40:04","date_gmt":"2025-11-19T08:40:04","guid":{"rendered":"https:\/\/www.europesays.com\/lv\/53414\/"},"modified":"2025-11-19T08:40:04","modified_gmt":"2025-11-19T08:40:04","slug":"kuri-deputati-oktobri-sanemusi-lielakas-algas-parlamenta","status":"publish","type":"post","link":"https:\/\/www.europesays.com\/lv\/53414\/","title":{"rendered":"Kuri deput\u0101ti oktobr\u012b sa\u0146\u0113mu\u0161i liel\u0101k\u0101s algas parlament\u0101?"},"content":{"rendered":"<p>Mieri\u0146a oktobr\u012b alg\u0101 sa\u0146\u0113ma 7636 eiro, Grasbergs sa\u0146\u0113ma algu 5458 eiro apm\u0113r\u0101, bet Dzintars oktobr\u012b Saeim\u0101 nopeln\u012bja 5270 eiro.<\/p>\n<p>Deput\u0101ts Augusts Brigmanis (ZZS) oktobr\u012b sa\u0146\u0113mis 5145 eiro, Edvards Smilt\u0113ns (AS) &#8211; 5085 eiro, Andris \u0160uvajevs (P) &#8211; 5079 eiro, J\u0101nis Vuc\u0101ns (ZZS) &#8211; 5018 eiro, Igors Judins (&#8220;Stabilit\u0101tei&#8221;) &#8211; 4990 eiro, Zanda Kalni\u0146a-Luka\u0161evica (JV) &#8211; 4 949 eiro, bet Agnese Krasta (JV)- 4949 eiro.<\/p>\n<p>Saeimas deput\u0101ti par darbu sa\u0146em atalgojumu no valsts bud\u017eeta l\u012bdzek\u013ciem. Deput\u0101tiem, l\u012bdz\u012bgi k\u0101 cit\u0101m valsts amatperson\u0101m, atalgojums tiek regul\u0113ts Valsts un pa\u0161vald\u012bbu instit\u016bciju amatpersonu un darbinieku atl\u012bdz\u012bbas likum\u0101. Parlament\u0101rie\u0161u atalgojumu p\u0101rskata katru gadu autom\u0101tiski atbilsto\u0161i vid\u0113j\u0101s algas un infl\u0101cijas izmai\u0146\u0101m valst\u012b. Deput\u0101ti var sa\u0146emt papildu atalgojuma da\u013cu par noteikta amata pild\u012b\u0161anu Saeimas Prezidij\u0101, frakcij\u0101s, komisij\u0101s un apak\u0161komisij\u0101s.<\/p>\n<p>Saeimas deput\u0101ta m\u0113ne\u0161alga 2025. gad\u0101 ir 4330 eiro pirms nodok\u013cu nomaksas.<\/p>\n<p>Deput\u0101ti nesa\u0146em papildu piemaksas pie algas par piedal\u012b\u0161anos Saeimas un komisiju s\u0113d\u0113s, deleg\u0101cij\u0101s vai deput\u0101tu grup\u0101s. Deput\u0101tiem neizmaks\u0101 pr\u0113mijas.<\/p>\n<p>Parlament\u0101rie\u0161iem kompens\u0113 izdevumus, kas radu\u0161ies, realiz\u0113jot savas deput\u0101ta pilnvaras. Vi\u0146iem ir iesp\u0113ja sa\u0146emt \u012bres un transporta izdevumu kompens\u0101ciju. Kompens\u0101ciju sist\u0113ma veidota t\u0101, lai tie deput\u0101ti, kuri iev\u0113l\u0113ti no att\u0101l\u0101kiem novadiem, b\u016btu vienl\u012bdz\u012bg\u0101 situ\u0101cij\u0101, piem\u0113ram, ar r\u012bdziniekiem.<\/p>\n<p>Maksim\u0101li pie\u013caujamais kompens\u0101cijas apm\u0113rs tiek noteikts atkar\u012bb\u0101 no dz\u012bvesvietas. Jo tuv\u0101k R\u012bgai dz\u012bvo deput\u0101ts, jo maz\u0101ks ir iesp\u0113jam\u0101s kompens\u0101cijas apm\u0113rs.<\/p>\n","protected":false},"excerpt":{"rendered":"Mieri\u0146a oktobr\u012b alg\u0101 sa\u0146\u0113ma 7636 eiro, Grasbergs sa\u0146\u0113ma algu 5458 eiro apm\u0113r\u0101, bet Dzintars oktobr\u012b Saeim\u0101 nopeln\u012bja 5270&hellip;\n","protected":false},"author":2,"featured_media":53415,"comment_status":"","ping_status":"","sticky":false,"template":"","format":"standard","meta":{"footnotes":""},"categories":[12],"tags":[23,8496,28,29,32,33,22,30,31,35,39,38,36,37,34,40,20,26,27,141,24,25,21],"class_list":{"0":"post-53414","1":"post","2":"type-post","3":"status-publish","4":"format-standard","5":"has-post-thumbnail","7":"category-latvija","8":"tag-aktualitates","9":"tag-alga","10":"tag-breaking-news","11":"tag-breakingnews","12":"tag-featured-news","13":"tag-featurednews","14":"tag-headlines","15":"tag-latest-news","16":"tag-latestnews","17":"tag-latvia","18":"tag-latvian","19":"tag-latviesu","20":"tag-latviesu-valoda","21":"tag-latviesuvaloda","22":"tag-latvija","23":"tag-lv","24":"tag-news","25":"tag-popularakas-zinas","26":"tag-popularakaszinas","27":"tag-saeima","28":"tag-top-stories","29":"tag-topstories","30":"tag-zinas"},"share_on_mastodon":{"url":"https:\/\/pubeurope.com\/@lv\/115575470549110099","error":""},"_links":{"self":[{"href":"https:\/\/www.europesays.com\/lv\/wp-json\/wp\/v2\/posts\/53414","targetHints":{"allow":["GET"]}}],"collection":[{"href":"https:\/\/www.europesays.com\/lv\/wp-json\/wp\/v2\/posts"}],"about":[{"href":"https:\/\/www.europesays.com\/lv\/wp-json\/wp\/v2\/types\/post"}],"author":[{"embeddable":true,"href":"https:\/\/www.europesays.com\/lv\/wp-json\/wp\/v2\/users\/2"}],"replies":[{"embeddable":true,"href":"https:\/\/www.europesays.com\/lv\/wp-json\/wp\/v2\/comments?post=53414"}],"version-history":[{"count":0,"href":"https:\/\/www.europesays.com\/lv\/wp-json\/wp\/v2\/posts\/53414\/revisions"}],"wp:featuredmedia":[{"embeddable":true,"href":"https:\/\/www.europesays.com\/lv\/wp-json\/wp\/v2\/media\/53415"}],"wp:attachment":[{"href":"https:\/\/www.europesays.com\/lv\/wp-json\/wp\/v2\/media?parent=53414"}],"wp:term":[{"taxonomy":"category","embeddable":true,"href":"https:\/\/www.europesays.com\/lv\/wp-json\/wp\/v2\/categories?post=53414"},{"taxonomy":"post_tag","embeddable":true,"href":"https:\/\/www.europesays.com\/lv\/wp-json\/wp\/v2\/tags?post=53414"}],"curies":[{"name":"wp","href":"https:\/\/api.w.org\/{rel}","templated":true}]}}