{"id":53422,"date":"2025-11-19T08:45:15","date_gmt":"2025-11-19T08:45:15","guid":{"rendered":"https:\/\/www.europesays.com\/lv\/53422\/"},"modified":"2025-11-19T08:45:15","modified_gmt":"2025-11-19T08:45:15","slug":"ukraina-un-francija-vienojas-par-iznicinataju-rafale-piegadi-delfi","status":"publish","type":"post","link":"https:\/\/www.europesays.com\/lv\/53422\/","title":{"rendered":"Ukraina un Francija vienojas par izn\u012bcin\u0101t\u0101ju &quot;Rafale&quot; pieg\u0101di &#8211; Delfi"},"content":{"rendered":"<ol>\n<li><a href=\"https:\/\/news.google.com\/rss\/articles\/CBMirAFBVV95cUxOaE9HTFVCRjNPb0RLR01fTTJucVhlaUd1UlVYMlZCTnVrdS1wWnlhbHY4NFVvZ0tlUXNtbllIR095U211NzdrZUozYVpJSFZHcHQ4MkstQkQwaEduVl9remxiVzR0UXdNRGFnOHNkeG9nSUg5SnM0VkVpVlFPaDRwX25OWHBNS0k0OVZRX28zcVlRRmczZjZ2aGk1dUV5MXhaRzVtN3RDOEsxbnpp?oc=5\" target=\"_blank\" rel=\"nofollow noopener\">Ukraina un Francija vienojas par izn\u012bcin\u0101t\u0101ju &#8220;Rafale&#8221; pieg\u0101di<\/a>&nbsp;&nbsp;Delfi<\/li>\n<li><a href=\"https:\/\/news.google.com\/rss\/articles\/CBMirgFBVV95cUxQSHZpS3NxckY5ekpTbHZWSEwzS05DZ05Ma1VtMkFmelRzY2R2WVUxRzZlVWZiUDdhYXJKdi1BY2hDMk04ckpkbzU4NlBINGJ5SzJlMmluQmdRMmhpLW1SdzUxY0lHQUl3bG1USW5MejAzV1JINUlxWTlEcnJmUU10MTRlY1Z6c0hKTmZiYV9OOExPM0sxa01UUEF0dFdrTVUzWHFYek9walJQcEpOX3c?oc=5\" target=\"_blank\" rel=\"nofollow noopener\">Francija Ukrainai var\u0113tu pieg\u0101d\u0101t modernus izn\u012bcin\u0101t\u0101jus \/ 17.11.2025<\/a>&nbsp;&nbsp;REplay.lv<\/li>\n<li><a href=\"https:\/\/news.google.com\/rss\/articles\/CBMilwFBVV95cUxOMElFcWxOUXVsckhab3BIS0tnRVgwY1F0SExvQkVmVl9KWVJxc2lTcTlvLTlqd1JkQnhncEVEOHluTUJYbE1wNW1PUDhvWVQwV2FwZnZvMTkxREd2b3lock1wTDZJbjBUZWQ3V0RCN1dVUjRYOUFTcDhnS192MWpkZUJJdXhvS2xKNUFfdjJiVWRHeVpCbjhV?oc=5\" target=\"_blank\" rel=\"nofollow noopener\">V\u0113sturiska vieno\u0161an\u0101s un kara beigas l\u012bdz 2027. gadam: Zelenska un Makrona galvenie pazi\u0146ojumi Par\u012bz\u0113<\/a>&nbsp;&nbsp;NRA<\/li>\n<li><a href=\"https:\/\/news.google.com\/rss\/articles\/CBMipAFBVV95cUxNZVlWVnFfX1JJOGdBZEo4ZHRVMjY0MHhnR2pianV4djAtTWJUQ0RLTURoUUllWVZvQmdoMHVyRmdUc3lFa3k3WlF2RVFvYjBUZU5SQk9wRlI2a3FEMFpwSzNQNUdVUE90YjNxTmFTaUVrSDlndFhhODVoYldlTm14RE9Jdzd0Nzl2SmNPRTlkZnpDRzQ1UWZDM0xhdmFpN0h0eW1WdQ?oc=5\" target=\"_blank\" rel=\"nofollow noopener\">Francija nosl\u0113dz ar Ukrainu ilgtermi\u0146a milit\u0101r\u0101s pal\u012bdz\u012bbas vieno\u0161anos<\/a>&nbsp;&nbsp;1188.lv<\/li>\n<li><a href=\"https:\/\/news.google.com\/rss\/articles\/CBMijgFBVV95cUxNdzZKb29hVXppMVNvMDJmOUQyTjh0M3diYW1MTGR0Yk5CbkRDTUFIM0xCZnJxdU5nWkctNlRMVnEwZk9CUU5mZjRoTG93RmIyTmxMbjhWM3M0SFczbGZUMkIzaHY1TEl0Tl9CU2QzcjRkMU5JNlIzNEU3NVRyNE9NRnpRMHV5SC0wQ2lSbWdB0gGTAUFVX3lxTE9zcUZkbzBzY1dpMEF5Z3A4dFlyN1RuVGhxWTI2aU05Z1R6c2VqWWZkbFktUVg3U1hxMHZxSGhfTWFsYldfZlR6eXlfWXRSWGVOV0UzUmZIT0RTaG0yTTFodmFTMzJCZmE0ZFU3OUNoRC1PSzRrSzBwbExwUlY0YWtDZWNFdzBlME5scVBYWkxpQ3hWVQ?oc=5\" target=\"_blank\" rel=\"nofollow noopener\">K\u0101p\u0113c r\u012bt Zelenskis lidos uz Par\u012bzi?<\/a>&nbsp;&nbsp;bb.lv<\/li>\n<\/ol>\n","protected":false},"excerpt":{"rendered":"Ukraina un Francija vienojas par izn\u012bcin\u0101t\u0101ju &#8220;Rafale&#8221; pieg\u0101di&nbsp;&nbsp;Delfi Francija Ukrainai var\u0113tu pieg\u0101d\u0101t modernus izn\u012bcin\u0101t\u0101jus \/ 17.11.2025&nbsp;&nbsp;REplay.lv V\u0113sturiska vieno\u0161an\u0101s&hellip;\n","protected":false},"author":2,"featured_media":53423,"comment_status":"","ping_status":"","sticky":false,"template":"","format":"standard","meta":{"footnotes":""},"categories":[14],"tags":[23,57,292,28,29,1310,32,33,1309,22,6969,74,30,31,35,39,38,36,37,34,40,20,7893,26,27,24,25,276,178,54,55,56,21,58],"class_list":{"0":"post-53422","1":"post","2":"type-post","3":"status-publish","4":"format-standard","5":"has-post-thumbnail","7":"category-zinas-no-arvalstim","8":"tag-aktualitates","9":"tag-arvalstim","10":"tag-asv","11":"tag-breaking-news","12":"tag-breakingnews","13":"tag-emanuels-makrons","14":"tag-featured-news","15":"tag-featurednews","16":"tag-francija","17":"tag-headlines","18":"tag-konflikts-ukraina","19":"tag-krievijas-iebrukums-ukraina","20":"tag-latest-news","21":"tag-latestnews","22":"tag-latvia","23":"tag-latvian","24":"tag-latviesu","25":"tag-latviesu-valoda","26":"tag-latviesuvaloda","27":"tag-latvija","28":"tag-lv","29":"tag-news","30":"tag-parize","31":"tag-popularakas-zinas","32":"tag-popularakaszinas","33":"tag-top-stories","34":"tag-topstories","35":"tag-ukraina","36":"tag-volodimirs-zelenskis","37":"tag-world","38":"tag-world-news","39":"tag-worldnews","40":"tag-zinas","41":"tag-zinas-no-arvalstim"},"share_on_mastodon":{"url":"","error":"Validation failed: Text character limit of 500 exceeded"},"_links":{"self":[{"href":"https:\/\/www.europesays.com\/lv\/wp-json\/wp\/v2\/posts\/53422","targetHints":{"allow":["GET"]}}],"collection":[{"href":"https:\/\/www.europesays.com\/lv\/wp-json\/wp\/v2\/posts"}],"about":[{"href":"https:\/\/www.europesays.com\/lv\/wp-json\/wp\/v2\/types\/post"}],"author":[{"embeddable":true,"href":"https:\/\/www.europesays.com\/lv\/wp-json\/wp\/v2\/users\/2"}],"replies":[{"embeddable":true,"href":"https:\/\/www.europesays.com\/lv\/wp-json\/wp\/v2\/comments?post=53422"}],"version-history":[{"count":0,"href":"https:\/\/www.europesays.com\/lv\/wp-json\/wp\/v2\/posts\/53422\/revisions"}],"wp:featuredmedia":[{"embeddable":true,"href":"https:\/\/www.europesays.com\/lv\/wp-json\/wp\/v2\/media\/53423"}],"wp:attachment":[{"href":"https:\/\/www.europesays.com\/lv\/wp-json\/wp\/v2\/media?parent=53422"}],"wp:term":[{"taxonomy":"category","embeddable":true,"href":"https:\/\/www.europesays.com\/lv\/wp-json\/wp\/v2\/categories?post=53422"},{"taxonomy":"post_tag","embeddable":true,"href":"https:\/\/www.europesays.com\/lv\/wp-json\/wp\/v2\/tags?post=53422"}],"curies":[{"name":"wp","href":"https:\/\/api.w.org\/{rel}","templated":true}]}}