{"id":53456,"date":"2025-11-19T09:11:10","date_gmt":"2025-11-19T09:11:10","guid":{"rendered":"https:\/\/www.europesays.com\/lv\/53456\/"},"modified":"2025-11-19T09:11:10","modified_gmt":"2025-11-19T09:11:10","slug":"kapec-sievietes-izvelas-sargat-savu-gimeni-un-latviju-lente-lv","status":"publish","type":"post","link":"https:\/\/www.europesays.com\/lv\/53456\/","title":{"rendered":"K\u0101p\u0113c sievietes izv\u0113las sarg\u0101t savu \u0123imeni un Latviju\u00a0\u2014\u00a0Lente.lv"},"content":{"rendered":"<p>M\u0101tes izv\u0113las Zemessardzi: Aizsarg\u0101t \u0123imeni un valsti<\/p>\n<p>Novembris Latvij\u0101 tradicion\u0101li ir patriotisma m\u0113nesis, kas pies\u0101tin\u0101ts ar L\u0101\u010dpl\u0113\u0161a dienas un Latvijas Republikas proklam\u0113\u0161anas dienas svin\u012bb\u0101m. Tom\u0113r p\u0113d\u0113jos gados \u0161os sv\u0113tkus aiz\u0113no starptautisk\u0101 \u0123eopolitisk\u0101 situ\u0101cija, \u012bpa\u0161i Krievijas pilna m\u0113roga kar\u0161 Ukrain\u0101. \u0160ie notikumi, lai gan rada satraukumu Baltijas re\u0123ion\u0101, vienlaikus iedvesmo ar ukrai\u0146u tautas drosmi un patriotismu. \u0160is v\u0113sturiskais konteksts ir mudin\u0101jis daudzus Latvijas iedz\u012bvot\u0101jus, tostarp ar\u012b m\u0101tes, pievienoties Zemessardzei, lai akt\u012bvi pal\u012bdz\u0113tu nodro\u0161in\u0101t valsts dro\u0161\u012bbu. Divas \u0161\u0101das sievietes, abas m\u0101tes, dal\u0101s sav\u0101 pieredz\u0113 un motiv\u0101cij\u0101, k\u0101p\u0113c vi\u0146as izv\u0113l\u0113ju\u0161\u0101s aizst\u0101v\u0113t savu dzimteni.<\/p>\n<p>Dzi\u013c\u0101ka izpratne par pien\u0101kumu un atbild\u012bbu<\/p>\n<p>Viena no interv\u0113taj\u0101m sieviet\u0113m, v\u0101rd\u0101 Ilze (v\u0101rds main\u012bts), ir Zemessardzes jaunsargu instruktore. Vi\u0146a ir divu pilngad\u012bgu b\u0113rnu m\u0101te un audzin\u0101jusi ar\u012b piecus jaun\u0101kus br\u0101\u013cus un m\u0101sas. Lai gan Ilze dz\u012bvo Pier\u012bg\u0101, vi\u0146a pl\u0101no tuv\u0101kajos gados p\u0101rcelties uz dz\u012bvi tuv\u0101k Baltkrievijas robe\u017eai. Ilze Zemessardz\u0113 dien kop\u0161 2022. gada, kad Ukrain\u0101 s\u0101k\u0101s pilna m\u0113roga kar\u0161. Lai gan vi\u0146ai tobr\u012bd bija 44 gadi un vi\u0146a \u0161aub\u012bj\u0101s par savu vecumu, vi\u0146a tom\u0113r pie\u0146\u0113ma l\u0113mumu pievienoties Zemessardzei, jo uzskat\u012bja, ka nav par vecu, lai sniegtu savu ieguld\u012bjumu valsts aizsardz\u012bb\u0101. Otra sieviete, kuras v\u0101rds ar\u012b main\u012bts, dz\u012bvo S\u0113lij\u0101, net\u0101lu no Baltkrievijas robe\u017eas. Vi\u0146ai ir tr\u012bs mazi b\u0113rni, kurus vi\u0146a audzina viena. Abas sievietes, neskatoties uz at\u0161\u0137ir\u012bgaj\u0101m dz\u012bves situ\u0101cij\u0101m un b\u0113rnu vecumu, ir sp\u0113ru\u0161as l\u012bdz\u012bgu soli, k\u013c\u016bstot par zemessardz\u0113m un apm\u0101cot jaunsargus. Vi\u0146u kop\u012bg\u0101 motiv\u0101cija ir apzi\u0146a, ka nepiecie\u0161am\u012bbas gad\u012bjum\u0101 vi\u0146as sp\u0113s aizst\u0101v\u0113t savu \u0123imeni un Latviju. Daudzas sievietes, dom\u0101jot par \u0123imenes dro\u0161\u012bbu kara apst\u0101k\u013cos, var\u0113tu apsv\u0113rt evaku\u0101ciju, ta\u010du \u0161\u012bs sievietes uzskata, ka visdro\u0161\u0101k\u0101 r\u012bc\u012bba ir palikt Latvij\u0101 un akt\u012bvi piedal\u012bties t\u0101s aizsardz\u012bb\u0101. Vi\u0146as ir gatavas sarg\u0101t savu dzimteni, nevis atk\u0101pties no t\u0101s briesmu priek\u0161\u0101.<\/p>\n<p>Motiv\u0101cija: ne tikai patriotisms, bet ar\u012b person\u012bg\u0101 izaugsme<\/p>\n<p>Sievie\u0161u l\u0113mumu st\u0101ties Zemessardz\u0113 bie\u017ei vien vada sp\u0113c\u012bgs patriotismam l\u012bdz\u0101s eso\u0161s person\u012bg\u0101s izaugsmes un pa\u0161izzi\u0146as mot\u012bvs. Daudzas atz\u012bst, ka v\u0113l\u0113ju\u0161\u0101s p\u0101rbaud\u012bt savas sp\u0113jas un iztur\u012bbu ekstrem\u0101los apst\u0101k\u013cos. Zemessardz\u0113 piekt\u0101 da\u013ca karav\u012bru ir sievietes, un vi\u0146u motiv\u0101cija ir l\u012bdz\u012bga v\u012brie\u0161u motiv\u0101cijai \u2013 b\u016bt gatav\u0101m savas valsts aizsardz\u012bbai. Viena no interv\u0113taj\u0101m sieviet\u0113m, Ilze, st\u0101sta, ka s\u0101kotn\u0113ji vi\u0146ai \u0161\u0137itis, ka ir par vecu, tom\u0113r vi\u0146a izl\u0113musi sevi p\u0101rbaud\u012bt un pievienojusies Zemessardzei. Vi\u0146a s\u0101ka dienestu 2022. gad\u0101 un kop\u0161 t\u0101 laika akt\u012bvi piedal\u0101s m\u0101c\u012bb\u0101s, k\u013c\u016bstot ar\u012b par jaunsargu instruktori. K\u0101 pedago\u0123e un biologe vi\u0146a bauda darbu ar jaunie\u0161iem dab\u0101, uzskatot, ka svar\u012bg\u0101kais ir dro\u0161\u012bba.<\/p>\n<p>Citas sievietes, piem\u0113ram, aktrise Marija Linarte, pievienoj\u0101s Zemessardzei \u012bsi p\u0113c kara s\u0101kuma Ukrain\u0101. Neskatoties uz savu nelielo svaru (47 kg), vi\u0146a pier\u0101d\u012bja, ka fiziskais sp\u0113ks nav noteico\u0161ais faktors; svar\u012bg\u0101ks ir iek\u0161\u0113jais sp\u0113ks un sp\u0113ja degt par savu valsti. Vi\u0146a uzsver, ka Zemessardz\u0113 sieviet\u0113m ir vieta un ka vi\u0146as var izdar\u012bt vair\u0101k nek\u0101 v\u012brie\u0161i noteikt\u0101s situ\u0101cij\u0101s. Da\u017eas sievietes atz\u012bst, ka Zemessardze ir main\u012bjusi vi\u0146u dz\u012bves, sniegusi jaunu perspekt\u012bvu un pat pal\u012bdz\u0113jusi tikt gal\u0101 ar person\u012bg\u0101m probl\u0113m\u0101m, piem\u0113ram, depresiju. T\u0101pat bie\u017ei tiek min\u0113ts, ka Zemessardz\u0113 ir iesp\u0113ja iepaz\u012bties ar k\u0101rt\u012bgiem un fiziski att\u012bst\u012btiem cilv\u0113kiem, un pat atrast n\u0101kamo dz\u012bvesbiedru.<\/p>\n<p>Dro\u0161\u012bba ungatav\u012bba r\u012bkoties<\/p>\n<p>\u0122eopolitisk\u0101s situ\u0101cijas d\u0113\u013c arvien vair\u0101k Latvijas iedz\u012bvot\u0101ju, tostarp sievietes, piev\u0113r\u0161 uzman\u012bbu valsts dro\u0161\u012bbai un s\u0101k apzin\u0101ties nepiecie\u0161am\u012bbu b\u016bt gataviem r\u012bkoties. Daudzas sievietes uzskata, ka galvenais iemesls, k\u0101p\u0113c vi\u0146as st\u0101ju\u0161\u0101s Zemessardz\u0113, ir v\u0113lme aizsarg\u0101t savu \u0123imeni un savas m\u0101jas. Pat ja sievietes nesp\u0113j sacensties ar v\u012brie\u0161iem fiziskaj\u0101 sp\u0113k\u0101, vi\u0146as sp\u0113j veiksm\u012bgi pild\u012bt da\u017e\u0101dus kaujas uzdevumus un ir ar\u012b \u013coti v\u0113r\u012bgas, paciet\u012bgas un sp\u0113j koncentr\u0113ties uz deta\u013c\u0101m, kas ir svar\u012bgi da\u017e\u0101d\u0101s milit\u0101r\u0101s jom\u0101s.<\/p>\n<p>Zemessardzes komandieris atz\u012bst, ka dienestam pievienojas arvien vair\u0101k sievie\u0161u, un tas ir pozit\u012bvs sign\u0101ls par sabiedr\u012bbas iesaisti valsts aizsardz\u012bb\u0101. P\u0113d\u0113j\u0101 laik\u0101 ir veiktas izmai\u0146as likumdo\u0161an\u0101, lai uzlabotu dienesta apst\u0101k\u013cus un notur\u0113tu cilv\u0113kus Zemessardz\u0113 ilgtermi\u0146\u0101, piem\u0113ram, tiek dom\u0101ts par apm\u0101c\u012bbu dienu kompens\u0101cij\u0101m un attiec\u012bb\u0101m ar darba dev\u0113jiem. Kop\u0161 2025. gada 10. j\u016blija, v\u0113sturisk\u0101 br\u012bd\u012b Zemessardzes v\u0113stur\u0113, par bataljona komandieri pirmo reizi k\u013cuvusi sieviete \u2013 pulkve\u017eleitnante Anita Pizele, apliecinot sievie\u0161u sp\u0113ju ie\u0146emt augstus komandieru amatus un vad\u012bt bru\u0146otos sp\u0113kus.<\/p>\n<p>\u0160\u012bs sievietes, st\u0101joties Zemessardz\u0113, ne tikai stiprina valsts aizsardz\u012bbu, bet ar\u012b sniedz pozit\u012bvu piem\u0113ru citiem, \u012bpa\u0161i jaunie\u0161iem un cit\u0101m sieviet\u0113m, par\u0101d\u012bt, ka patriotisms un gatav\u012bba aizst\u0101v\u0113t savu valsti nav saist\u012bti ar dzimumu, bet gan ar sirds p\u0101rliec\u012bbu un gatav\u012bbu r\u012bkoties.<\/p>\n","protected":false},"excerpt":{"rendered":"M\u0101tes izv\u0113las Zemessardzi: Aizsarg\u0101t \u0123imeni un valsti Novembris Latvij\u0101 tradicion\u0101li ir patriotisma m\u0113nesis, kas pies\u0101tin\u0101ts ar L\u0101\u010dpl\u0113\u0161a dienas&hellip;\n","protected":false},"author":2,"featured_media":53457,"comment_status":"","ping_status":"","sticky":false,"template":"","format":"standard","meta":{"footnotes":""},"categories":[5],"tags":[23,28,29,32,33,22,30,31,35,39,38,36,37,34,13296,40,14628,20,12206,26,27,8459,24,25,2810,21],"class_list":{"0":"post-53456","1":"post","2":"type-post","3":"status-publish","4":"format-standard","5":"has-post-thumbnail","7":"category-aktualitates","8":"tag-aktualitates","9":"tag-breaking-news","10":"tag-breakingnews","11":"tag-featured-news","12":"tag-featurednews","13":"tag-headlines","14":"tag-latest-news","15":"tag-latestnews","16":"tag-latvia","17":"tag-latvian","18":"tag-latviesu","19":"tag-latviesu-valoda","20":"tag-latviesuvaloda","21":"tag-latvija","22":"tag-latvijas-drosiba","23":"tag-lv","24":"tag-mates","25":"tag-news","26":"tag-patriotisms","27":"tag-popularakas-zinas","28":"tag-popularakaszinas","29":"tag-sievietes","30":"tag-top-stories","31":"tag-topstories","32":"tag-zemessardze","33":"tag-zinas"},"share_on_mastodon":{"url":"https:\/\/pubeurope.com\/@lv\/115575592348208436","error":""},"_links":{"self":[{"href":"https:\/\/www.europesays.com\/lv\/wp-json\/wp\/v2\/posts\/53456","targetHints":{"allow":["GET"]}}],"collection":[{"href":"https:\/\/www.europesays.com\/lv\/wp-json\/wp\/v2\/posts"}],"about":[{"href":"https:\/\/www.europesays.com\/lv\/wp-json\/wp\/v2\/types\/post"}],"author":[{"embeddable":true,"href":"https:\/\/www.europesays.com\/lv\/wp-json\/wp\/v2\/users\/2"}],"replies":[{"embeddable":true,"href":"https:\/\/www.europesays.com\/lv\/wp-json\/wp\/v2\/comments?post=53456"}],"version-history":[{"count":0,"href":"https:\/\/www.europesays.com\/lv\/wp-json\/wp\/v2\/posts\/53456\/revisions"}],"wp:featuredmedia":[{"embeddable":true,"href":"https:\/\/www.europesays.com\/lv\/wp-json\/wp\/v2\/media\/53457"}],"wp:attachment":[{"href":"https:\/\/www.europesays.com\/lv\/wp-json\/wp\/v2\/media?parent=53456"}],"wp:term":[{"taxonomy":"category","embeddable":true,"href":"https:\/\/www.europesays.com\/lv\/wp-json\/wp\/v2\/categories?post=53456"},{"taxonomy":"post_tag","embeddable":true,"href":"https:\/\/www.europesays.com\/lv\/wp-json\/wp\/v2\/tags?post=53456"}],"curies":[{"name":"wp","href":"https:\/\/api.w.org\/{rel}","templated":true}]}}