{"id":53478,"date":"2025-11-19T09:24:06","date_gmt":"2025-11-19T09:24:06","guid":{"rendered":"https:\/\/www.europesays.com\/lv\/53478\/"},"modified":"2025-11-19T09:24:06","modified_gmt":"2025-11-19T09:24:06","slug":"lielaja-dzintara-izskanejis-valsts-svetku-koncerts-ar-latvijas-muzikas-zvaigznem","status":"publish","type":"post","link":"https:\/\/www.europesays.com\/lv\/53478\/","title":{"rendered":"&#8220;Lielaj\u0101 dzintar\u0101&#8221; izskan\u0113jis valsts sv\u0113tku koncerts ar Latvijas m\u016bzikas zvaigzn\u0113m"},"content":{"rendered":"<p><a rel=\"noopener nofollow\" target=\"_blank\" href=\"https:\/\/www.delfi.lv\/temas\/35466439\/liepaja\" tag-id=\"35466439\">Liep\u0101jas<\/a> koncertz\u0101le &#8220;<a rel=\"noopener nofollow\" target=\"_blank\" href=\"https:\/\/www.delfi.lv\/temas\/41958740\/lielais-dzintars\" tag-id=\"41958740\">Lielais dzintars<\/a>&#8221; \u0161ogad valsts sv\u0113tku ietvaros pulc\u0113ja Latvijas spo\u017eus popul\u0101r\u0101s un akad\u0113misk\u0101s m\u016bzikas m\u0101ksliniekus, kuri pirmo reizi pla\u0161ai publikai atska\u0146oja Rei\u0146a S\u0113j\u0101na veidoto koncertprogrammu &#8220;Ieklausies Dv\u0113se\u013cu puten\u012b&#8221;. Tas bija m\u012blest\u012bbas v\u0113st\u012bjums Latvijai, skanot str\u0113lnieku dziesm\u0101m un katra latvie\u0161a sirdsdziesm\u0101m ar simfonisku v\u0113rienu, v\u0113sta koncerta r\u012bkot\u0101ji.<\/p>\n<p>Koncerts uz vienas skatuves pulc\u0113ja t\u0101dus iem\u012b\u013cotus m\u0101ksliniekus k\u0101 <a rel=\"noopener nofollow\" target=\"_blank\" href=\"https:\/\/www.delfi.lv\/temas\/40362659\/intars-busulis\" tag-id=\"40362659\">Intars Busulis<\/a>, J\u0101nis Ai\u0161purs, Goran Gora, Linda Leen, M\u0101ris Mihelsons, grupas &#8220;Instrumenti&#8221;, &#8220;Cosmos&#8221;, &#8220;Sudden Lights&#8221;, &#8220;Latvian Voices&#8221;, &#8220;Musiqq&#8221; un Liep\u0101jas Simfonisko or\u0137estri diri\u0123enta Kaspara \u0100damsona vad\u012bb\u0101.<\/p>\n<p>Koncerta otraj\u0101 da\u013c\u0101 tika celtas god\u0101 dziesmas, kas simboliz\u0113 laimi, prieku un pateic\u012bbu par to, ka mums ir br\u012bva Latvija. Dziesmas, kuras Latviju m\u012blo\u0161am cilv\u0113kam raisa patriotiskas emocijas un latviskuma apzin\u0101\u0161anos \u2013 &#8220;Dzimt\u0101 valoda&#8221;, &#8220;Ezers&#8221;, &#8220;Es izj\u0101ju pr\u016b\u0161u zemi&#8221;, &#8220;Piek\u016bns skrien debes\u012bs&#8221;, &#8220;Ugunskura vieta ar skatu uz Latviju&#8221;, &#8220;\u0136ir\u0161u lietus&#8221;, &#8220;Vien\u012bg\u0101&#8221;, &#8220;Kalniem p\u0101ri&#8221;. Koncerta izska\u0146\u0101 <a rel=\"noopener nofollow\" target=\"_blank\" href=\"https:\/\/www.delfi.lv\/temas\/47872959\/reinis-sejans\" tag-id=\"47872959\">Reinis S\u0113j\u0101ns<\/a> kop\u0101 ar solistu ansambli izpild\u012bja dziesmu &#8220;Mana dieni\u0161\u0137\u0101 dziesma&#8221;, iedro\u0161inot klaus\u012bt\u0101jus celties k\u0101j\u0101s, gavil\u0113t un dzied\u0101t l\u012bdzi. Savil\u0146ojo\u0161am nosl\u0113gumam sekoja publikas un visu m\u0101kslinieku kop\u012bgs velt\u012bjums Latvijai, izpildot dziesmu &#8220;Piena ce\u013c\u0161&#8221;.<\/p>\n<p class=\"m-0\">Seko &#8220;Delfi&#8221; ar\u012b  <a target=\"_blank\" href=\"https:\/\/www.instagram.com\/delfi.lv\/\" rel=\"nofollow noopener\">Instagram<\/a>  un <a target=\"_blank\" href=\"https:\/\/www.youtube.com\/channel\/UCw5foWtcJvAbUm64rv7jwUQ\" rel=\"nofollow noopener\">YouTube<\/a>  profil\u0101 \u2013 pievienojies, lai uzzin\u0101tu svar\u012bg\u0101ko un interesant\u0101ko pirmais!<\/p>\n<p>Publik\u0101cijas saturs vai t\u0101s jebk\u0101da apjoma da\u013ca ir aizsarg\u0101ts autorties\u012bbu objekts Autorties\u012bbu likuma izpratn\u0113, un t\u0101 izmanto\u0161ana bez izdev\u0113ja at\u013caujas ir aizliegta. Vair\u0101k lasi  <a target=\"_blank\" href=\"https:\/\/www.delfi.lv\/noteikumi#autortiesibas\" rel=\"nofollow noopener\">\u0161eit<\/a><script async src=\"\/\/www.instagram.com\/embed.js\"><\/script><\/p>\n","protected":false},"excerpt":{"rendered":"Liep\u0101jas koncertz\u0101le &#8220;Lielais dzintars&#8221; \u0161ogad valsts sv\u0113tku ietvaros pulc\u0113ja Latvijas spo\u017eus popul\u0101r\u0101s un akad\u0113misk\u0101s m\u016bzikas m\u0101ksliniekus, kuri pirmo&hellip;\n","protected":false},"author":2,"featured_media":53479,"comment_status":"","ping_status":"","sticky":false,"template":"","format":"standard","meta":{"footnotes":""},"categories":[19],"tags":[677,12296,89,4322,90,35,39,38,36,37,34,444,40,13875],"class_list":{"0":"post-53478","1":"post","2":"type-post","3":"status-publish","4":"format-standard","5":"has-post-thumbnail","7":"category-izklaide","8":"tag-lielais-dzintars","9":"tag-18-novembris","10":"tag-entertainment","11":"tag-intars-busulis","12":"tag-izklaide","13":"tag-latvia","14":"tag-latvian","15":"tag-latviesu","16":"tag-latviesu-valoda","17":"tag-latviesuvaloda","18":"tag-latvija","19":"tag-liepaja","20":"tag-lv","21":"tag-reinis-sejans"},"share_on_mastodon":{"url":"https:\/\/pubeurope.com\/@lv\/115575643423972765","error":""},"_links":{"self":[{"href":"https:\/\/www.europesays.com\/lv\/wp-json\/wp\/v2\/posts\/53478","targetHints":{"allow":["GET"]}}],"collection":[{"href":"https:\/\/www.europesays.com\/lv\/wp-json\/wp\/v2\/posts"}],"about":[{"href":"https:\/\/www.europesays.com\/lv\/wp-json\/wp\/v2\/types\/post"}],"author":[{"embeddable":true,"href":"https:\/\/www.europesays.com\/lv\/wp-json\/wp\/v2\/users\/2"}],"replies":[{"embeddable":true,"href":"https:\/\/www.europesays.com\/lv\/wp-json\/wp\/v2\/comments?post=53478"}],"version-history":[{"count":0,"href":"https:\/\/www.europesays.com\/lv\/wp-json\/wp\/v2\/posts\/53478\/revisions"}],"wp:featuredmedia":[{"embeddable":true,"href":"https:\/\/www.europesays.com\/lv\/wp-json\/wp\/v2\/media\/53479"}],"wp:attachment":[{"href":"https:\/\/www.europesays.com\/lv\/wp-json\/wp\/v2\/media?parent=53478"}],"wp:term":[{"taxonomy":"category","embeddable":true,"href":"https:\/\/www.europesays.com\/lv\/wp-json\/wp\/v2\/categories?post=53478"},{"taxonomy":"post_tag","embeddable":true,"href":"https:\/\/www.europesays.com\/lv\/wp-json\/wp\/v2\/tags?post=53478"}],"curies":[{"name":"wp","href":"https:\/\/api.w.org\/{rel}","templated":true}]}}