{"id":53536,"date":"2025-11-19T10:17:17","date_gmt":"2025-11-19T10:17:17","guid":{"rendered":"https:\/\/www.europesays.com\/lv\/53536\/"},"modified":"2025-11-19T10:17:17","modified_gmt":"2025-11-19T10:17:17","slug":"muziba-devies-pasaules-apcelotajs-bardelis","status":"publish","type":"post","link":"https:\/\/www.europesays.com\/lv\/53536\/","title":{"rendered":"M\u016b\u017e\u012bb\u0101 devies pasaules apce\u013cot\u0101js Bardelis"},"content":{"rendered":"<p>Pirmdien, 17. novembr\u012b, m\u016b\u017e\u012bb\u0101 devies pasaules apce\u013cot\u0101js <a rel=\"noopener nofollow\" target=\"_blank\" href=\"https:\/\/www.delfi.lv\/temas\/53924643\/karlis-bardelis\" tag-id=\"53924643\">K\u0101rlis Bardelis<\/a>, pav\u0113st\u012bju\u0161i vi\u0146a tuvinieki.<\/p>\n<p class=\"western\">&#8220;M\u012b\u013cotais K\u0101rlis nomira pirmdienas r\u012btausm\u0101 man\u0101s un savas mammas rok\u0101s. Gada tum\u0161\u0101kaj\u0101 laik\u0101 savu m\u0101ju siltum\u0101, vism\u012b\u013c\u0101kajiem cilv\u0113kiem kl\u0101tesot. Ir skumji, bet nav gr\u016bti. Viegli, zinot, ka K\u0101r\u013ca cie\u0161anas ir beigu\u0161\u0101s,&#8221; par Barde\u013ca aizie\u0161anu m\u016b\u017e\u012bb\u0101 soci\u0101lajos t\u012bklos pazi\u0146ojusi vi\u0146a sieva Elizabete Ozola.<\/p>\n<p class=\"m-0\">Seko &#8220;Delfi&#8221; ar\u012b  <a target=\"_blank\" href=\"https:\/\/www.instagram.com\/delfi.lv\/\" rel=\"nofollow noopener\">Instagram<\/a>  un <a target=\"_blank\" href=\"https:\/\/www.youtube.com\/channel\/UCw5foWtcJvAbUm64rv7jwUQ\" rel=\"nofollow noopener\">YouTube<\/a>  profil\u0101 \u2013 pievienojies, lai uzzin\u0101tu svar\u012bg\u0101ko un interesant\u0101ko pirmais!<\/p>\n<p>Publik\u0101cijas saturs vai t\u0101s jebk\u0101da apjoma da\u013ca ir aizsarg\u0101ts autorties\u012bbu objekts Autorties\u012bbu likuma izpratn\u0113, un t\u0101 izmanto\u0161ana bez izdev\u0113ja at\u013caujas ir aizliegta. Vair\u0101k lasi  <a target=\"_blank\" href=\"https:\/\/www.delfi.lv\/noteikumi#autortiesibas\" rel=\"nofollow noopener\">\u0161eit<\/a><script async src=\"\/\/www.instagram.com\/embed.js\"><\/script><\/p>\n","protected":false},"excerpt":{"rendered":"Pirmdien, 17. novembr\u012b, m\u016b\u017e\u012bb\u0101 devies pasaules apce\u013cot\u0101js K\u0101rlis Bardelis, pav\u0113st\u012bju\u0161i vi\u0146a tuvinieki. &#8220;M\u012b\u013cotais K\u0101rlis nomira pirmdienas r\u012btausm\u0101 man\u0101s&hellip;\n","protected":false},"author":2,"featured_media":53537,"comment_status":"","ping_status":"","sticky":false,"template":"","format":"standard","meta":{"footnotes":""},"categories":[5],"tags":[23,28,29,32,33,11919,14638,22,14400,30,31,35,39,38,36,37,34,40,20,26,27,24,25,21],"class_list":{"0":"post-53536","1":"post","2":"type-post","3":"status-publish","4":"format-standard","5":"has-post-thumbnail","7":"category-aktualitates","8":"tag-aktualitates","9":"tag-breaking-news","10":"tag-breakingnews","11":"tag-featured-news","12":"tag-featurednews","13":"tag-ginesa-rekords","14":"tag-ginesa-un-citi-rekordi","15":"tag-headlines","16":"tag-karlis-bardelis","17":"tag-latest-news","18":"tag-latestnews","19":"tag-latvia","20":"tag-latvian","21":"tag-latviesu","22":"tag-latviesu-valoda","23":"tag-latviesuvaloda","24":"tag-latvija","25":"tag-lv","26":"tag-news","27":"tag-popularakas-zinas","28":"tag-popularakaszinas","29":"tag-top-stories","30":"tag-topstories","31":"tag-zinas"},"share_on_mastodon":{"url":"https:\/\/pubeurope.com\/@lv\/115575851893782327","error":""},"_links":{"self":[{"href":"https:\/\/www.europesays.com\/lv\/wp-json\/wp\/v2\/posts\/53536","targetHints":{"allow":["GET"]}}],"collection":[{"href":"https:\/\/www.europesays.com\/lv\/wp-json\/wp\/v2\/posts"}],"about":[{"href":"https:\/\/www.europesays.com\/lv\/wp-json\/wp\/v2\/types\/post"}],"author":[{"embeddable":true,"href":"https:\/\/www.europesays.com\/lv\/wp-json\/wp\/v2\/users\/2"}],"replies":[{"embeddable":true,"href":"https:\/\/www.europesays.com\/lv\/wp-json\/wp\/v2\/comments?post=53536"}],"version-history":[{"count":0,"href":"https:\/\/www.europesays.com\/lv\/wp-json\/wp\/v2\/posts\/53536\/revisions"}],"wp:featuredmedia":[{"embeddable":true,"href":"https:\/\/www.europesays.com\/lv\/wp-json\/wp\/v2\/media\/53537"}],"wp:attachment":[{"href":"https:\/\/www.europesays.com\/lv\/wp-json\/wp\/v2\/media?parent=53536"}],"wp:term":[{"taxonomy":"category","embeddable":true,"href":"https:\/\/www.europesays.com\/lv\/wp-json\/wp\/v2\/categories?post=53536"},{"taxonomy":"post_tag","embeddable":true,"href":"https:\/\/www.europesays.com\/lv\/wp-json\/wp\/v2\/tags?post=53536"}],"curies":[{"name":"wp","href":"https:\/\/api.w.org\/{rel}","templated":true}]}}