{"id":53654,"date":"2025-11-19T12:09:06","date_gmt":"2025-11-19T12:09:06","guid":{"rendered":"https:\/\/www.europesays.com\/lv\/53654\/"},"modified":"2025-11-19T12:09:06","modified_gmt":"2025-11-19T12:09:06","slug":"krievu-drona-del-rumanija-pacel-gaisa-iznicinatajus","status":"publish","type":"post","link":"https:\/\/www.europesays.com\/lv\/53654\/","title":{"rendered":"Krievu drona d\u0113\u013c Rum\u0101nija pace\u013c gais\u0101 izn\u012bcin\u0101t\u0101jus"},"content":{"rendered":"<p>Krievijai veicot dronu triecienu Ukrainai, \u012bsi p\u0113c pusnakts divi V\u0101cijas izn\u012bcin\u0101t\u0101ji, kas piedal\u0101s misij\u0101 Rum\u0101nij\u0101, pie robe\u017eas ar Ukrainu veica gaisa telpas monitoringu, teikts pazi\u0146ojum\u0101.<\/p>\n<p>Tul\u010das apgabala iedz\u012bvot\u0101ji telefonos sa\u0146\u0113ma br\u012bdin\u0101jumus.<\/p>\n<p>Da\u017eas min\u016btes &#8220;tika fiks\u0113ts sign\u0101ls no drona, kas bija ielidojis valsts gaisa telp\u0101 aptuveni asto\u0146us kilometrus&#8221;, bet tad no radara tas pazuda, teikts pazi\u0146ojum\u0101.<\/p>\n<p>P\u0113c tam drons &#8220;ar p\u0101rtraukumiem atkal par\u0101d\u012bj\u0101s radar\u0101 aptuveni 12 min\u016btes&#8221;, nor\u0101d\u012bja ministrija, un br\u012bdin\u0101jums tika nos\u016bt\u012bts ar\u012b Galacas apgabala iedz\u012bvot\u0101jiem.<\/p>\n<p>&#8220;Gais\u0101 tika paceltas v\u0113l divas lidma\u0161\u012bnas &#8211; Rum\u0101nijas Gaisa sp\u0113ku F-16,&#8221; piebilda ministrija, nor\u0101dot, ka nav zi\u0146u par dronu nog\u0101\u0161anos.<\/p>\n<p>Pirmdien <a href=\"https:\/\/www.tvnet.lv\/term\/555462\/rumanija\" class=\"topicLink\" target=\"_blank\" rel=\"nofollow noopener\">Rum\u0101nija<\/a> deva r\u012bkojumu evaku\u0113t cilv\u0113kus no diviem ciemiem. T\u0101 Krievijas pret Ukrainu izv\u0113rst\u0101 kara gait\u0101 bija pirm\u0101 \u0161\u0101da veida evaku\u0101cija.<\/p>\n<p>Tas notika p\u0113c tam, kad Krievijas drona triecien\u0101 p\u0101ri Donavas upei kaimi\u0146valst\u012b Ukrain\u0101 bija aizdedzies ku\u0123is, kas p\u0101rvad\u0101ja sa\u0161\u0137idrin\u0101to naftas g\u0101zi.<\/p>\n<p>Otrdien evaku\u0101cijas r\u012bkojums tika atcelts.<\/p>\n","protected":false},"excerpt":{"rendered":"Krievijai veicot dronu triecienu Ukrainai, \u012bsi p\u0113c pusnakts divi V\u0101cijas izn\u012bcin\u0101t\u0101ji, kas piedal\u0101s misij\u0101 Rum\u0101nij\u0101, pie robe\u017eas ar&hellip;\n","protected":false},"author":2,"featured_media":53655,"comment_status":"","ping_status":"","sticky":false,"template":"","format":"standard","meta":{"footnotes":""},"categories":[14],"tags":[1546,23,57,28,29,32,33,22,74,30,31,35,39,38,36,37,34,40,71,20,26,27,7436,24,25,54,55,56,21,58],"class_list":{"0":"post-53654","1":"post","2":"type-post","3":"status-publish","4":"format-standard","5":"has-post-thumbnail","7":"category-zinas-no-arvalstim","8":"tag-aizsardziba","9":"tag-aktualitates","10":"tag-arvalstim","11":"tag-breaking-news","12":"tag-breakingnews","13":"tag-featured-news","14":"tag-featurednews","15":"tag-headlines","16":"tag-krievijas-iebrukums-ukraina","17":"tag-latest-news","18":"tag-latestnews","19":"tag-latvia","20":"tag-latvian","21":"tag-latviesu","22":"tag-latviesu-valoda","23":"tag-latviesuvaloda","24":"tag-latvija","25":"tag-lv","26":"tag-nato","27":"tag-news","28":"tag-popularakas-zinas","29":"tag-popularakaszinas","30":"tag-rumanija","31":"tag-top-stories","32":"tag-topstories","33":"tag-world","34":"tag-world-news","35":"tag-worldnews","36":"tag-zinas","37":"tag-zinas-no-arvalstim"},"share_on_mastodon":{"url":"https:\/\/pubeurope.com\/@lv\/115576292164258115","error":""},"_links":{"self":[{"href":"https:\/\/www.europesays.com\/lv\/wp-json\/wp\/v2\/posts\/53654","targetHints":{"allow":["GET"]}}],"collection":[{"href":"https:\/\/www.europesays.com\/lv\/wp-json\/wp\/v2\/posts"}],"about":[{"href":"https:\/\/www.europesays.com\/lv\/wp-json\/wp\/v2\/types\/post"}],"author":[{"embeddable":true,"href":"https:\/\/www.europesays.com\/lv\/wp-json\/wp\/v2\/users\/2"}],"replies":[{"embeddable":true,"href":"https:\/\/www.europesays.com\/lv\/wp-json\/wp\/v2\/comments?post=53654"}],"version-history":[{"count":0,"href":"https:\/\/www.europesays.com\/lv\/wp-json\/wp\/v2\/posts\/53654\/revisions"}],"wp:featuredmedia":[{"embeddable":true,"href":"https:\/\/www.europesays.com\/lv\/wp-json\/wp\/v2\/media\/53655"}],"wp:attachment":[{"href":"https:\/\/www.europesays.com\/lv\/wp-json\/wp\/v2\/media?parent=53654"}],"wp:term":[{"taxonomy":"category","embeddable":true,"href":"https:\/\/www.europesays.com\/lv\/wp-json\/wp\/v2\/categories?post=53654"},{"taxonomy":"post_tag","embeddable":true,"href":"https:\/\/www.europesays.com\/lv\/wp-json\/wp\/v2\/tags?post=53654"}],"curies":[{"name":"wp","href":"https:\/\/api.w.org\/{rel}","templated":true}]}}